{"id":30341,"date":"2022-03-07T13:59:17","date_gmt":"2022-03-07T12:59:17","guid":{"rendered":"https:\/\/blogs.fu-berlin.de\/bibliotheken\/?p=30341"},"modified":"2022-03-07T13:59:17","modified_gmt":"2022-03-07T12:59:17","slug":"aenderungen-bei-den-ausleihbedingungen-zu-beginn-des-sommersemesters-2022","status":"publish","type":"post","link":"https:\/\/blogs.fu-berlin.de\/bibliotheken\/2022\/03\/07\/aenderungen-bei-den-ausleihbedingungen-zu-beginn-des-sommersemesters-2022\/","title":{"rendered":"\u00c4nderungen bei den Ausleihbedingungen zu Beginn des Sommersemesters 2022"},"content":{"rendered":"\n<p>Zu Beginn des Sommersemesters am 1.\/4. April 2022 werden die Benutzungsbedingungen an den FU-Bibliotheken zum Teil auf den Stand vor der Pandemie zur\u00fcckgef\u00fchrt. Dies hat zuk\u00fcnftig Folgen bei Geb\u00fchrenvorg\u00e4ngen, der Leihfristverl\u00e4ngerung und der Ausleihe in Fachbibliotheken.<\/p>\n\n\n\n<p>Die drei \u00c4nderungen ab April 2022 im \u00dcberblick:<\/p>\n\n\n\n<ol class=\"wp-block-list\"><li>Die pandemiebedingt ausgesetzten <strong>Mahn- und Fernleihgeb\u00fchren sowie die Geb\u00fchr f\u00fcr Leistungsbescheide<\/strong> werden zur\u00fcckgef\u00fchrt.<br><\/li><li>Die <strong>automatische Leihfristverl\u00e4ngerung<\/strong> wird nur noch f\u00fcr <strong>FU-interne Nutzungsgruppen<\/strong> (z. B. FU-Studierende, -Dozent*innen, -Mitarbeiter*innen) bestehen bleiben. Alle <strong>externen Nutzer*innen<\/strong> m\u00fcssen ab April 2022 wieder eigenst\u00e4ndig die Leihfrist im <a href=\"https:\/\/www.fu-berlin.de\/sites\/ub\/service\/konto\/index.html\">Primo-Benutzungskonto<\/a> verl\u00e4ngern oder die Verl\u00e4ngerung auf den bekannten Kan\u00e4len (telefonisch oder per E-Mail an die Leihstellen) beantragen.<br><\/li><li>In einzelnen <strong>Fachbibliotheken<\/strong> werden <strong>spezielle Nutzungsbedingungen<\/strong> zur\u00fcckgenommen:<br>a) Die Ausleihe von Best\u00e4nden, die nur f\u00fcr FU-Mitarbeitende vorgesehen ist, wird wieder nur f\u00fcr diese m\u00f6glich sein (betrifft <a rel=\"noreferrer noopener\" href=\"https:\/\/www.fu-berlin.de\/sites\/campusbib\/index.html\" target=\"_blank\">Campusbibliothek<\/a> und <a rel=\"noreferrer noopener\" href=\"https:\/\/www.jura.fu-berlin.de\/bibliothek\/index.html\" target=\"_blank\">Rechtswissenschaftliche Bibliothek<\/a>).<br>b) Die Bedingungen f\u00fcr alle Exemplare, die nur f\u00fcr 2 Wochen ausgeliehen werden k\u00f6nnen, werden wieder zur\u00fcckgef\u00fchrt (max. Verl\u00e4ngerungsfrist f\u00fcr FU-\/ Charit\u00e9-Studierende 6 Wochen statt 6 Monate! Ausleihe weiterhin nur an FU- Angeh\u00f6rige u. Charit\u00e9-Studierende). Dies betrifft die <a rel=\"noreferrer noopener\" href=\"https:\/\/www.fu-berlin.de\/sites\/campusbib\/index.html\" target=\"_blank\">Campusbibliothek<\/a>, <a rel=\"noreferrer noopener\" href=\"https:\/\/www.fu-berlin.de\/sites\/philbib\/index.html\" target=\"_blank\">Philologische Bibliothek<\/a>, <a rel=\"noreferrer noopener\" href=\"https:\/\/www.geisteswissenschaften.fu-berlin.de\/we07\/institut\/bibliothek\/index.html\" target=\"_blank\">Theaterwissenschaft<\/a>, <a rel=\"noreferrer noopener\" href=\"https:\/\/www.geschkult.fu-berlin.de\/e\/fmi\/bibliothek\/index.html\" target=\"_blank\">FMI<\/a>\/<a rel=\"noreferrer noopener\" href=\"https:\/\/www.geschkult.fu-berlin.de\/e\/khi\/ressourcen\/bibliotheken\/index.html\" target=\"_blank\">KHI<\/a> sowie die Lehrbuchsammlung der <a rel=\"noreferrer noopener\" href=\"https:\/\/www.geo.fu-berlin.de\/bibliotheken\/geo\" target=\"_blank\">Geowissenschaftlichen Bibliothek<\/a>).<\/li><\/ol>\n\n\n\n<p>In Hinblick auf die Punkte eins und zwei wird<strong> zum 18. M\u00e4rz 2022<\/strong> an alle Nutzenden mit Ausleihen oder Geb\u00fchren und <strong>mit g\u00fcltiger E-Mail-Adresse eine Ausleih\u00fcbersicht mit einem Hinweistext<\/strong> als E-Mail versendet. Dar\u00fcber hinaus k\u00f6nnen Sie sich jederzeit im <a href=\"https:\/\/www.fu-berlin.de\/sites\/ub\/service\/konto\/index.html\">Primo-Benutzungskonto<\/a> \u00fcber den Stand Ihrer Ausleihen oder etwaige Geb\u00fchrenvorg\u00e4nge informieren.<\/p>\n\n\n\n<p>Diese Entscheidungen sind ein Schritt in Richtung Normalit\u00e4t und wir teilen die Vision der Hochschulleitung, ein Sommersemester 2022 mit m\u00f6glichst viel Pr\u00e4senz zu erleben \u2013 nicht nur im H\u00f6rsaal, sondern auch auf den Campus und in den Bibliotheken und im Miteinander des studentischen Lebens. Alle aktuellen Informationen zur Pandemie erhalten Sie auf folgender Website: <a rel=\"noreferrer noopener\" href=\"http:\/\/www.fu-berlin.de\/sites\/coronavirus\" target=\"_blank\">www.fu-berlin.de\/sites\/coronavirus<\/a><\/p>\n\n\n\n<h6 class=\"wp-block-heading\">(Bildquelle: <a href=\"https:\/\/pixabay.com\/photos\/a-book-read-college-student-4126481\/\">Pixabay.com<\/a>)<\/h6>\n","protected":false},"excerpt":{"rendered":"<p>Zu Beginn des Sommersemesters am 1.\/4. April 2022 werden die Benutzungsbedingungen an den FU-Bibliotheken zum Teil auf den Stand vor der Pandemie zur\u00fcckgef\u00fchrt. Dies hat zuk\u00fcnftig Folgen bei Geb\u00fchrenvorg\u00e4ngen, der Leihfristverl\u00e4ngerung und der Ausleihe in Fachbibliotheken. Die drei \u00c4nderungen ab April 2022 im \u00dcberblick: Die pandemiebedingt ausgesetzten Mahn- und Fernleihgeb\u00fchren sowie die Geb\u00fchr f\u00fcr Leistungsbescheide &hellip; <a href=\"https:\/\/blogs.fu-berlin.de\/bibliotheken\/2022\/03\/07\/aenderungen-bei-den-ausleihbedingungen-zu-beginn-des-sommersemesters-2022\/\" class=\"more-link\"><span class=\"screen-reader-text\">\u201e\u00c4nderungen bei den Ausleihbedingungen zu Beginn des Sommersemesters 2022\u201c<\/span> weiterlesen<\/a><\/p>\n","protected":false},"author":293,"featured_media":30343,"comment_status":"open","ping_status":"open","sticky":false,"template":"","format":"standard","meta":{"footnotes":""},"categories":[9,600,518,601],"tags":[368699,1946,237849,57466,1421,12024,369,10085,57467],"class_list":["post-30341","post","type-post","status-publish","format-standard","has-post-thumbnail","hentry","category-allgemein","category-fachbibliotheken","category-fu-kataloge","category-universitatsbibliothek","tag-aenderungen","tag-ausleihe","tag-corona-pandemie","tag-fachbibliotheken","tag-gebuhren","tag-leihfrist","tag-nutzungsbedingungen","tag-sonderausleihe","tag-universitatsbibliothek"],"_links":{"self":[{"href":"https:\/\/blogs.fu-berlin.de\/bibliotheken\/wp-json\/wp\/v2\/posts\/30341","targetHints":{"allow":["GET"]}}],"collection":[{"href":"https:\/\/blogs.fu-berlin.de\/bibliotheken\/wp-json\/wp\/v2\/posts"}],"about":[{"href":"https:\/\/blogs.fu-berlin.de\/bibliotheken\/wp-json\/wp\/v2\/types\/post"}],"author":[{"embeddable":true,"href":"https:\/\/blogs.fu-berlin.de\/bibliotheken\/wp-json\/wp\/v2\/users\/293"}],"replies":[{"embeddable":true,"href":"https:\/\/blogs.fu-berlin.de\/bibliotheken\/wp-json\/wp\/v2\/comments?post=30341"}],"version-history":[{"count":5,"href":"https:\/\/blogs.fu-berlin.de\/bibliotheken\/wp-json\/wp\/v2\/posts\/30341\/revisions"}],"predecessor-version":[{"id":30347,"href":"https:\/\/blogs.fu-berlin.de\/bibliotheken\/wp-json\/wp\/v2\/posts\/30341\/revisions\/30347"}],"wp:featuredmedia":[{"embeddable":true,"href":"https:\/\/blogs.fu-berlin.de\/bibliotheken\/wp-json\/wp\/v2\/media\/30343"}],"wp:attachment":[{"href":"https:\/\/blogs.fu-berlin.de\/bibliotheken\/wp-json\/wp\/v2\/media?parent=30341"}],"wp:term":[{"taxonomy":"category","embeddable":true,"href":"https:\/\/blogs.fu-berlin.de\/bibliotheken\/wp-json\/wp\/v2\/categories?post=30341"},{"taxonomy":"post_tag","embeddable":true,"href":"https:\/\/blogs.fu-berlin.de\/bibliotheken\/wp-json\/wp\/v2\/tags?post=30341"}],"curies":[{"name":"wp","href":"https:\/\/api.w.org\/{rel}","templated":true}]}}