{"id":30348,"date":"2022-03-08T06:35:00","date_gmt":"2022-03-08T05:35:00","guid":{"rendered":"https:\/\/blogs.fu-berlin.de\/bibliotheken\/?p=30348"},"modified":"2022-03-08T09:12:43","modified_gmt":"2022-03-08T08:12:43","slug":"101-internationaler-frauentag-in-der-bibliothek-fuer-geschichte-und-kunstgeschichte","status":"publish","type":"post","link":"https:\/\/blogs.fu-berlin.de\/bibliotheken\/2022\/03\/08\/101-internationaler-frauentag-in-der-bibliothek-fuer-geschichte-und-kunstgeschichte\/","title":{"rendered":"101. Internationaler Frauentag in der Bibliothek f\u00fcr Geschichte und Kunstgeschichte"},"content":{"rendered":"\n<p>Anl\u00e4sslich des 101. Internationalen Frauentags am 8. M\u00e4rz 2022, der in Berlin als gesetzlicher Feiertag gilt, bleiben nicht nur die FU-Bibliotheken heute geschlossen. Seit gestern werden in der <a href=\"https:\/\/www.geschkult.fu-berlin.de\/e\/fmi\/bibliothek\/index.html\">Bibliothek f\u00fcr Geschichte und Kunstgeschichte<\/a> bis zum 18. M\u00e4rz einige B\u00fccher zum Thema pr\u00e4sentiert. Sowohl f\u00fcr Betroffene als auch Unterst\u00fctzende eignen sich die ausgestellten Titel gut, um neue Perspektiven auf die Geschichte des Feminismus zu er\u00f6ffnen.<\/p>\n\n\n\n<p><em>Titelbild: Verschiedene B\u00fccher zum Thema Feminismus und ein aus Pappe gebastelter Blumenstrau\u00df mit der Aufschrift: Am 8. M\u00e4rz ist Internationaler Frauentag, aber Blumen k\u00f6nnen wir selber kaufen. Auf den einzelnen Blumen stehen zum Beispiel Forderungen wie &#8222;Equal Pay Day 01. Januar&#8220; und &#8222;Kostenlose Menstruationsprodukte&#8220;.<\/em><\/p>\n\n\n\n<p>Seit 1921 findet der Feministische Kampftag am 8. M\u00e4rz statt, behandelt wurden anfangs unter anderem das Frauenwahlrecht und die Rechten von Arbeiterinnen.<\/p>\n\n\n\n<p><strong>Impressionen der Ausstellung:<\/strong><\/p>\n\n\n\n<figure class=\"wp-block-image size-large\"><img loading=\"lazy\" decoding=\"async\" width=\"1080\" height=\"1080\" src=\"https:\/\/blogs.fu-berlin.de\/bibliotheken\/files\/2022\/03\/3.png\" alt=\"\" class=\"wp-image-30350\" srcset=\"https:\/\/blogs.fu-berlin.de\/bibliotheken\/files\/2022\/03\/3.png 1080w, https:\/\/blogs.fu-berlin.de\/bibliotheken\/files\/2022\/03\/3-300x300.png 300w, https:\/\/blogs.fu-berlin.de\/bibliotheken\/files\/2022\/03\/3-150x150.png 150w\" sizes=\"auto, (max-width: 709px) 85vw, (max-width: 909px) 67vw, (max-width: 1362px) 62vw, 840px\" \/><figcaption><em>Verschiedene B\u00fccher zum Thema Feminismus, darunter Laura Aguilars <a href=\"https:\/\/fu-berlin.primo.exlibrisgroup.com\/permalink\/49KOBV_FUB\/icublf\/alma9958375490402883\">Show and Tell<\/a> und <a href=\"https:\/\/fu-berlin.primo.exlibrisgroup.com\/permalink\/49KOBV_FUB\/1v1tp5h\/alma990047615120402883\">Women, Gender and Sexualities in Africa<\/a>.<\/em><\/figcaption><\/figure>\n\n\n\n<figure class=\"wp-block-image size-large\"><a href=\"https:\/\/fu-berlin.primo.exlibrisgroup.com\/permalink\/49KOBV_FUB\/icublf\/alma9959241209402883\"><img loading=\"lazy\" decoding=\"async\" width=\"1080\" height=\"1080\" src=\"https:\/\/blogs.fu-berlin.de\/bibliotheken\/files\/2022\/03\/2.png\" alt=\"\" class=\"wp-image-30352\" srcset=\"https:\/\/blogs.fu-berlin.de\/bibliotheken\/files\/2022\/03\/2.png 1080w, https:\/\/blogs.fu-berlin.de\/bibliotheken\/files\/2022\/03\/2-300x300.png 300w, https:\/\/blogs.fu-berlin.de\/bibliotheken\/files\/2022\/03\/2-150x150.png 150w\" sizes=\"auto, (max-width: 709px) 85vw, (max-width: 909px) 67vw, (max-width: 1362px) 62vw, 840px\" \/><\/a><figcaption>Weitere Titel zum Feminismus mit einem aus Pappe gebastelter Blumenstrau\u00df im Hintergrund. Beispiele f\u00fcr die Titel sind: <a href=\"https:\/\/fu-berlin.primo.exlibrisgroup.com\/permalink\/49KOBV_FUB\/icublf\/alma990004362050402883\">Feminist Perspectives on Jewish Studies<\/a> (auch <a href=\"https:\/\/fu-berlin.primo.exlibrisgroup.com\/permalink\/49KOBV_FUB\/icublf\/alma9959241209402883\">online<\/a>), <a href=\"https:\/\/fu-berlin.primo.exlibrisgroup.com\/permalink\/49KOBV_FUB\/icublf\/alma990002707180402883\">Geschichte der Abtreibung<\/a> oder <a href=\"https:\/\/fu-berlin.primo.exlibrisgroup.com\/permalink\/49KOBV_FUB\/icublf\/alma990002503800402883\">Schwarzer Feminismus<\/a>.<\/figcaption><\/figure>\n\n\n\n<h6>Danke f\u00fcr den Beitrag an Laura Hoffmann, Mitarbeiterin an der Bibliothek des FMI\/KHI.<\/h6>\n","protected":false},"excerpt":{"rendered":"<p>Anl\u00e4sslich des 101. Internationalen Frauentags am 8. M\u00e4rz 2022, der in Berlin als gesetzlicher Feiertag gilt, bleiben nicht nur die FU-Bibliotheken heute geschlossen. Seit gestern werden in der Bibliothek f\u00fcr Geschichte und Kunstgeschichte bis zum 18. M\u00e4rz einige B\u00fccher zum Thema pr\u00e4sentiert. Sowohl f\u00fcr Betroffene als auch Unterst\u00fctzende eignen sich die ausgestellten Titel gut, um &hellip; <a href=\"https:\/\/blogs.fu-berlin.de\/bibliotheken\/2022\/03\/08\/101-internationaler-frauentag-in-der-bibliothek-fuer-geschichte-und-kunstgeschichte\/\" class=\"more-link\"><span class=\"screen-reader-text\">\u201e101. Internationaler Frauentag in der Bibliothek f\u00fcr Geschichte und Kunstgeschichte\u201c<\/span> weiterlesen<\/a><\/p>\n","protected":false},"author":293,"featured_media":30351,"comment_status":"open","ping_status":"open","sticky":false,"template":"","format":"standard","meta":{"footnotes":""},"categories":[9,600,70],"tags":[581,368645,368644,471,187995,1267],"class_list":["post-30348","post","type-post","status-publish","format-standard","has-post-thumbnail","hentry","category-allgemein","category-fachbibliotheken","category-veranstaltungen","tag-ausstellung","tag-bibliothek-des-friedrich-meinecke-instituts","tag-bibliothek-des-kunsthistorischen-instituts","tag-geschichte","tag-internationaler-frauentag","tag-kunstgeschichte"],"_links":{"self":[{"href":"https:\/\/blogs.fu-berlin.de\/bibliotheken\/wp-json\/wp\/v2\/posts\/30348","targetHints":{"allow":["GET"]}}],"collection":[{"href":"https:\/\/blogs.fu-berlin.de\/bibliotheken\/wp-json\/wp\/v2\/posts"}],"about":[{"href":"https:\/\/blogs.fu-berlin.de\/bibliotheken\/wp-json\/wp\/v2\/types\/post"}],"author":[{"embeddable":true,"href":"https:\/\/blogs.fu-berlin.de\/bibliotheken\/wp-json\/wp\/v2\/users\/293"}],"replies":[{"embeddable":true,"href":"https:\/\/blogs.fu-berlin.de\/bibliotheken\/wp-json\/wp\/v2\/comments?post=30348"}],"version-history":[{"count":6,"href":"https:\/\/blogs.fu-berlin.de\/bibliotheken\/wp-json\/wp\/v2\/posts\/30348\/revisions"}],"predecessor-version":[{"id":30357,"href":"https:\/\/blogs.fu-berlin.de\/bibliotheken\/wp-json\/wp\/v2\/posts\/30348\/revisions\/30357"}],"wp:featuredmedia":[{"embeddable":true,"href":"https:\/\/blogs.fu-berlin.de\/bibliotheken\/wp-json\/wp\/v2\/media\/30351"}],"wp:attachment":[{"href":"https:\/\/blogs.fu-berlin.de\/bibliotheken\/wp-json\/wp\/v2\/media?parent=30348"}],"wp:term":[{"taxonomy":"category","embeddable":true,"href":"https:\/\/blogs.fu-berlin.de\/bibliotheken\/wp-json\/wp\/v2\/categories?post=30348"},{"taxonomy":"post_tag","embeddable":true,"href":"https:\/\/blogs.fu-berlin.de\/bibliotheken\/wp-json\/wp\/v2\/tags?post=30348"}],"curies":[{"name":"wp","href":"https:\/\/api.w.org\/{rel}","templated":true}]}}