{"id":30368,"date":"2022-03-14T09:24:40","date_gmt":"2022-03-14T08:24:40","guid":{"rendered":"https:\/\/blogs.fu-berlin.de\/bibliotheken\/?p=30368"},"modified":"2022-03-15T10:31:32","modified_gmt":"2022-03-15T09:31:32","slug":"colonia-dignidad-ein-chilenisch-deutsches-oral-history-archiv","status":"publish","type":"post","link":"https:\/\/blogs.fu-berlin.de\/bibliotheken\/2022\/03\/14\/colonia-dignidad-ein-chilenisch-deutsches-oral-history-archiv\/","title":{"rendered":"Colonia Dignidad &#8211; Ein chilenisch-deutsches Oral History-Archiv"},"content":{"rendered":"\n<p>Die Colonia Dignidad ist ein zentrales und kontroverses Kapitel der deutsch-chilenischen Geschichte, das aber lange Zeit weder offen diskutiert noch wissenschaftlich erforscht wurde. Der international beachtete Fall wirft vielf\u00e4ltige gesellschaftlich relevante Fragen auf, die f\u00fcr die Diktatur- und Widerstandsforschung, die Fundamentalismus- und Sektenforschung, die Geschichte der zwischenstaatlichen Beziehungen und der Diplomatie bis hin zur Traumaforschung und zum Vergleich von Erinnerungskulturen von Bedeutung sind.<\/p>\n\n\n\n<figure class=\"wp-block-image size-large\"><img loading=\"lazy\" decoding=\"async\" width=\"2560\" height=\"1707\" src=\"https:\/\/blogs.fu-berlin.de\/bibliotheken\/files\/2022\/03\/cdoh_04-scaled.jpg\" alt=\"\" class=\"wp-image-30371\" srcset=\"https:\/\/blogs.fu-berlin.de\/bibliotheken\/files\/2022\/03\/cdoh_04-scaled.jpg 2560w, https:\/\/blogs.fu-berlin.de\/bibliotheken\/files\/2022\/03\/cdoh_04-300x200.jpg 300w, https:\/\/blogs.fu-berlin.de\/bibliotheken\/files\/2022\/03\/cdoh_04-1536x1024.jpg 1536w, https:\/\/blogs.fu-berlin.de\/bibliotheken\/files\/2022\/03\/cdoh_04-2048x1365.jpg 2048w, https:\/\/blogs.fu-berlin.de\/bibliotheken\/files\/2022\/03\/cdoh_04-1200x800.jpg 1200w\" sizes=\"auto, (max-width: 709px) 85vw, (max-width: 909px) 67vw, (max-width: 1362px) 62vw, 840px\" \/><figcaption>Chilenisches Interviewteam mit Mercedes Fern\u00e1ndez Barra: (v.l.n.r.) Evelyn Hevia Jord\u00e1n (Interviewerin), Edison C\u00e1jas Gonz\u00e1lez und Manuel Loyola Bahrs (Kamerateam)<\/figcaption><\/figure>\n\n\n\n<hr class=\"wp-block-separator\" \/>\n\n\n\n<p>Das Team der Digitalen Interviewsammlungen am <a href=\"https:\/\/www.cedis.fu-berlin.de\/index.html\">Bereich Dienste f\u00fcr Forschung<\/a> hat zusammen mit dem <a href=\"https:\/\/www.lai.fu-berlin.de\/\">Lateinamerika-Institut<\/a> eine gemeinsame Interview-Plattform erarbeitet. Es handelt sich um das <a href=\"https:\/\/www.cdoh.net\/\">Oral-History-Archiv<\/a>.<\/p>\n\n\n\n<p>Nach einer dreij\u00e4hrigen Projektlaufzeit findet am 17. M\u00e4rz 2022 um 17.00 &#8211; 20.30 Uhr der <a href=\"https:\/\/www.cdoh.net\/aktuelles\/2022-03-17-Abschlussveranstaltung.html\">Launch<\/a> dieser Interview-Sammlung statt. 64 lebensgeschichtliche Interviews stehen f\u00fcr die geschichtliche Forschung dann zur Verf\u00fcgung. Um <a href=\"https:\/\/www.cdoh.net\/Abschlusskonferenz\/PM-Anmeldung\">Anmeldung<\/a> wird gebeten. <\/p>\n\n\n\n<p>Am 18. M\u00e4rz 2022 findet ein Symposium mit Vorstellung der Plattform und einer Tagung mit dem Thema &#8222;Perspektiven des Oral History-Archivs CDOH&#8220; in der Zeit von 09.00 &#8211; 13.00 Uhr statt. <\/p>\n\n\n\n<p>Die Veranstaltungen finden im <a href=\"https:\/\/www.humboldtforum.org\/de\/\">Humboldt-Forum in Berlin<\/a> statt. Es werden Interviewte anwesend sein. <\/p>\n\n\n\n<figure class=\"wp-block-image size-large\"><img loading=\"lazy\" decoding=\"async\" width=\"2000\" height=\"1333\" src=\"https:\/\/blogs.fu-berlin.de\/bibliotheken\/files\/2022\/03\/cdoh_11.jpg\" alt=\"\" class=\"wp-image-30372\" srcset=\"https:\/\/blogs.fu-berlin.de\/bibliotheken\/files\/2022\/03\/cdoh_11.jpg 2000w, https:\/\/blogs.fu-berlin.de\/bibliotheken\/files\/2022\/03\/cdoh_11-300x200.jpg 300w, https:\/\/blogs.fu-berlin.de\/bibliotheken\/files\/2022\/03\/cdoh_11-1536x1024.jpg 1536w, https:\/\/blogs.fu-berlin.de\/bibliotheken\/files\/2022\/03\/cdoh_11-1200x800.jpg 1200w\" sizes=\"auto, (max-width: 709px) 85vw, (max-width: 909px) 67vw, (max-width: 1362px) 62vw, 840px\" \/><figcaption>Ex-Colono Harald Lindemann im Interview f\u00fcr das Oral History-Archiv<\/figcaption><\/figure>\n\n\n\n<p>Die Interviewsammlungen der Zeitzeug*innen wurden per Videoaufzeichnungen durchgef\u00fchrt. Die Interviews werfen viele Fragen auf. Fragen zu religi\u00f6sem Fundamentalismus, sexueller Gewalt, zu autorit\u00e4ren und kolonialen Strukturen, zum Umgang mit Diktaturen.<\/p>\n\n\n\n<p>Das Projekt wurde vom Ausw\u00e4rtigen Amt der Bundesrepublik Deutschland gef\u00f6rdert und von der Abteilung Geschichte des Lateinamerika-Instituts und dem Bereich Digitale Interview-Sammlungen der Universit\u00e4tsbibliothek der Freien Universit\u00e4t Berlin umgesetzt.<\/p>\n\n\n\n<hr class=\"wp-block-separator\" \/>\n\n\n\n<p>Kontakt:<\/p>\n\n\n\n<p>Philipp Kandler und <a href=\"https:\/\/www.cedis.fu-berlin.de\/cedis\/mitarbeiter\/beschaeftigte\/dwein.html\">Dorothee Wein<\/a><\/p>\n\n\n\n<p>Freie Universit\u00e4t Berlin<\/p>\n\n\n\n<p>Lateinamerika-Institut &amp; Digitale Interview-Sammlungen der Universit\u00e4tsbibliothek<\/p>\n\n\n\n<p>E-Mail: <a href=\"mailto:mail@cdoh.net\">mail@cdoh.net<\/a>&nbsp;<\/p>\n\n\n\n<p>Homepage: <a href=\"https:\/\/www.cdoh.net\">https:\/\/www.cdoh.net<\/a>&nbsp;<\/p>\n\n\n\n<p>Bildquellen: Colonia Dignidad. Ein chilenisch-deutsches Oral History-Archiv (<a rel=\"noreferrer noopener\" href=\"http:\/\/www.cdoh.net\" target=\"_blank\">cdoh.net<\/a>), Freie Universit\u00e4t Berlin; Kurzform: <a rel=\"noreferrer noopener\" href=\"http:\/\/www.cdoh.net\" target=\"_blank\">cdoh.net<\/a>\/FUB.<\/p>\n","protected":false},"excerpt":{"rendered":"<p>Die Colonia Dignidad ist ein zentrales und kontroverses Kapitel der deutsch-chilenischen Geschichte, das aber lange Zeit weder offen diskutiert noch wissenschaftlich erforscht wurde. Der international beachtete Fall wirft vielf\u00e4ltige gesellschaftlich relevante Fragen auf, die f\u00fcr die Diktatur- und Widerstandsforschung, die Fundamentalismus- und Sektenforschung, die Geschichte der zwischenstaatlichen Beziehungen und der Diplomatie bis hin zur Traumaforschung &hellip; <a href=\"https:\/\/blogs.fu-berlin.de\/bibliotheken\/2022\/03\/14\/colonia-dignidad-ein-chilenisch-deutsches-oral-history-archiv\/\" class=\"more-link\"><span class=\"screen-reader-text\">\u201eColonia Dignidad &#8211; Ein chilenisch-deutsches Oral History-Archiv\u201c<\/span> weiterlesen<\/a><\/p>\n","protected":false},"author":5902,"featured_media":30370,"comment_status":"open","ping_status":"open","sticky":false,"template":"","format":"standard","meta":{"footnotes":""},"categories":[9,70,603],"tags":[368706,368705,12042,471,12100,196650,2833],"class_list":["post-30368","post","type-post","status-publish","format-standard","has-post-thumbnail","hentry","category-allgemein","category-veranstaltungen","category-vorgestellt","tag-center-fuer-digitale-systeme-der-freien-universitaet-berlin","tag-colonia-dignidad","tag-forschung","tag-geschichte","tag-lateinamerika-institut","tag-online-portale","tag-zeitzeugen-interviews"],"_links":{"self":[{"href":"https:\/\/blogs.fu-berlin.de\/bibliotheken\/wp-json\/wp\/v2\/posts\/30368","targetHints":{"allow":["GET"]}}],"collection":[{"href":"https:\/\/blogs.fu-berlin.de\/bibliotheken\/wp-json\/wp\/v2\/posts"}],"about":[{"href":"https:\/\/blogs.fu-berlin.de\/bibliotheken\/wp-json\/wp\/v2\/types\/post"}],"author":[{"embeddable":true,"href":"https:\/\/blogs.fu-berlin.de\/bibliotheken\/wp-json\/wp\/v2\/users\/5902"}],"replies":[{"embeddable":true,"href":"https:\/\/blogs.fu-berlin.de\/bibliotheken\/wp-json\/wp\/v2\/comments?post=30368"}],"version-history":[{"count":8,"href":"https:\/\/blogs.fu-berlin.de\/bibliotheken\/wp-json\/wp\/v2\/posts\/30368\/revisions"}],"predecessor-version":[{"id":30380,"href":"https:\/\/blogs.fu-berlin.de\/bibliotheken\/wp-json\/wp\/v2\/posts\/30368\/revisions\/30380"}],"wp:featuredmedia":[{"embeddable":true,"href":"https:\/\/blogs.fu-berlin.de\/bibliotheken\/wp-json\/wp\/v2\/media\/30370"}],"wp:attachment":[{"href":"https:\/\/blogs.fu-berlin.de\/bibliotheken\/wp-json\/wp\/v2\/media?parent=30368"}],"wp:term":[{"taxonomy":"category","embeddable":true,"href":"https:\/\/blogs.fu-berlin.de\/bibliotheken\/wp-json\/wp\/v2\/categories?post=30368"},{"taxonomy":"post_tag","embeddable":true,"href":"https:\/\/blogs.fu-berlin.de\/bibliotheken\/wp-json\/wp\/v2\/tags?post=30368"}],"curies":[{"name":"wp","href":"https:\/\/api.w.org\/{rel}","templated":true}]}}