{"id":30406,"date":"2022-03-21T10:57:18","date_gmt":"2022-03-21T09:57:18","guid":{"rendered":"https:\/\/blogs.fu-berlin.de\/bibliotheken\/?p=30406"},"modified":"2022-03-22T14:21:29","modified_gmt":"2022-03-22T13:21:29","slug":"corona-massnahmen-bis-31-maerz-2022-verlaengert","status":"publish","type":"post","link":"https:\/\/blogs.fu-berlin.de\/bibliotheken\/2022\/03\/21\/corona-massnahmen-bis-31-maerz-2022-verlaengert\/","title":{"rendered":"Corona-Ma\u00dfnahmen bis 31. M\u00e4rz 2022 verl\u00e4ngert"},"content":{"rendered":"\n<p class=\"has-text-color has-background has-white-color has-bright-blue-background-color\">Please see below for the English version.<\/p>\n\n\n\n<p>Der Berliner Senat hat die bisher geltenden Corona-Ma\u00dfnahmen bis 31. M\u00e4rz 2022 verl\u00e4ngert. Damit sind die bekannten Hygiene-Regelungen weiterhin in den Bibliotheken der Freien Universit\u00e4t umzusetzen:<\/p>\n\n\n\n<ul class=\"wp-block-list\"><li>In den R\u00e4umen der Bibliothek ist das <strong>Tragen einer FFP2-Maske verpflichtend<\/strong>, auch am Lesesaal-Arbeitsplatz und in den Gruppenarbeitsr\u00e4umen.<\/li><li>Bitte halten Sie den vorgeschriebenen Abstand zu anderen Personen.<\/li><li>Nachweis von Test, Impfung oder Genesung (&#8222;3G&#8220;) sowie Lichtbildausweis<\/li><li>Anwesenheitsdokumentation mit QR-Code am Arbeitsplatz erforderlich (Webtool: <a href=\"https:\/\/www.fu-berlin.de\/sites\/ub\/ueber-uns\/news\/arbeitsplatzbuchung-maskenpflicht.html\">a.nwesen.de<\/a>)<\/li><li><a href=\"https:\/\/www.fu-berlin.de\/sites\/ub\/ueber-uns\/news\/Wiederoeffnung-der-Ausleihe.html\">kontaktarme Ausleihe<\/a> weiterhin m\u00f6glich<\/li><\/ul>\n\n\n\n<p>Vielen Dank f\u00fcr Ihr Verst\u00e4ndnis!<\/p>\n\n\n\n<p class=\"has-text-color has-background has-white-color has-bright-blue-background-color\">The Berlin Senate has extended the previously applicable corona measures until March 31, 2022. This means that the known hygiene regulations in the libraries of Freie Universit\u00e4t are still valid:<br><br>&#8211; Wearing an <strong>FFP2 mask is mandatory<\/strong> in the library rooms, also at the reading room workplace and in the workspaces for groups. The workspaces are for one-person use only, workspaces for groups cannot currently be offered.<br>&#8211; Please keep an appropriate distance between yourself and others.<br>&#8211; Proof of testing, vaccination or recovery (&#8222;3G&#8220;) and photo identification<br>&#8211; Presence documentation with QR code required at the workplace (web tool: <a href=\"https:\/\/www.fu-berlin.de\/en\/sites\/ub\/ueber-uns\/news\/arbeitsplatzbuchung-maskenpflicht.html\">a.nwesen.de<\/a>)<br>&#8211; <a href=\"https:\/\/www.fu-berlin.de\/en\/sites\/ub\/ueber-uns\/news\/Wiederoeffnung-der-Ausleihe.html\">Low-contact lending<\/a> is still possible.<br><br>Thank you for your understanding!<\/p>\n\n\n\n<p>(Bildquelle: <a href=\"https:\/\/pixabay.com\/photos\/face-mask-ffp2-covid19-mask-5391310\/\">Pixabay.com<\/a>)<\/p>\n","protected":false},"excerpt":{"rendered":"<p>Please see below for the English version. Der Berliner Senat hat die bisher geltenden Corona-Ma\u00dfnahmen bis 31. M\u00e4rz 2022 verl\u00e4ngert. Damit sind die bekannten Hygiene-Regelungen weiterhin in den Bibliotheken der Freien Universit\u00e4t umzusetzen: In den R\u00e4umen der Bibliothek ist das Tragen einer FFP2-Maske verpflichtend, auch am Lesesaal-Arbeitsplatz und in den Gruppenarbeitsr\u00e4umen. Bitte halten Sie den &hellip; <a href=\"https:\/\/blogs.fu-berlin.de\/bibliotheken\/2022\/03\/21\/corona-massnahmen-bis-31-maerz-2022-verlaengert\/\" class=\"more-link\"><span class=\"screen-reader-text\">\u201eCorona-Ma\u00dfnahmen bis 31. M\u00e4rz 2022 verl\u00e4ngert\u201c<\/span> weiterlesen<\/a><\/p>\n","protected":false},"author":293,"featured_media":30183,"comment_status":"open","ping_status":"open","sticky":false,"template":"","format":"standard","meta":{"footnotes":""},"categories":[9,600,601],"tags":[368709,368710,237849,368590,237832,57467],"class_list":["post-30406","post","type-post","status-publish","format-standard","has-post-thumbnail","hentry","category-allgemein","category-fachbibliotheken","category-universitatsbibliothek","tag-3g","tag-corona-massnahmen","tag-corona-pandemie","tag-ffp2-maske","tag-pandemie","tag-universitatsbibliothek"],"_links":{"self":[{"href":"https:\/\/blogs.fu-berlin.de\/bibliotheken\/wp-json\/wp\/v2\/posts\/30406","targetHints":{"allow":["GET"]}}],"collection":[{"href":"https:\/\/blogs.fu-berlin.de\/bibliotheken\/wp-json\/wp\/v2\/posts"}],"about":[{"href":"https:\/\/blogs.fu-berlin.de\/bibliotheken\/wp-json\/wp\/v2\/types\/post"}],"author":[{"embeddable":true,"href":"https:\/\/blogs.fu-berlin.de\/bibliotheken\/wp-json\/wp\/v2\/users\/293"}],"replies":[{"embeddable":true,"href":"https:\/\/blogs.fu-berlin.de\/bibliotheken\/wp-json\/wp\/v2\/comments?post=30406"}],"version-history":[{"count":5,"href":"https:\/\/blogs.fu-berlin.de\/bibliotheken\/wp-json\/wp\/v2\/posts\/30406\/revisions"}],"predecessor-version":[{"id":30411,"href":"https:\/\/blogs.fu-berlin.de\/bibliotheken\/wp-json\/wp\/v2\/posts\/30406\/revisions\/30411"}],"wp:featuredmedia":[{"embeddable":true,"href":"https:\/\/blogs.fu-berlin.de\/bibliotheken\/wp-json\/wp\/v2\/media\/30183"}],"wp:attachment":[{"href":"https:\/\/blogs.fu-berlin.de\/bibliotheken\/wp-json\/wp\/v2\/media?parent=30406"}],"wp:term":[{"taxonomy":"category","embeddable":true,"href":"https:\/\/blogs.fu-berlin.de\/bibliotheken\/wp-json\/wp\/v2\/categories?post=30406"},{"taxonomy":"post_tag","embeddable":true,"href":"https:\/\/blogs.fu-berlin.de\/bibliotheken\/wp-json\/wp\/v2\/tags?post=30406"}],"curies":[{"name":"wp","href":"https:\/\/api.w.org\/{rel}","templated":true}]}}