{"id":30412,"date":"2022-03-22T14:36:05","date_gmt":"2022-03-22T13:36:05","guid":{"rendered":"https:\/\/blogs.fu-berlin.de\/bibliotheken\/?p=30412"},"modified":"2022-03-22T14:36:05","modified_gmt":"2022-03-22T13:36:05","slug":"aenderungen-bei-den-ausleihbedingungen-ab-1-april-2022","status":"publish","type":"post","link":"https:\/\/blogs.fu-berlin.de\/bibliotheken\/2022\/03\/22\/aenderungen-bei-den-ausleihbedingungen-ab-1-april-2022\/","title":{"rendered":"\u00c4nderungen bei den Ausleihbedingungen ab 1. April 2022"},"content":{"rendered":"\n<p>Das Sommersemester 2022 naht und Sie haben sicherlich schon unsere E-Mails erhalten. Deshalb nochmal eine Erinnerung: Ab <strong>1. April 2022<\/strong> werden die Ausleihbedingungen in den Bibliotheken der Freien Universit\u00e4t Berlin auf Vor-Pandemie-Niveau zur\u00fcckgesetzt.<br><br><strong>Was bedeutet das konkret?<\/strong><br><br>1. Mahn- und Fernleihgeb\u00fchren (und Leistungsbescheide) werden wieder eingef\u00fchrt.<br><br>2. Automatische Leihfristverl\u00e4ngerungen gelten nur noch f\u00fcr FU-interne Personen. Externe Nutzende verl\u00e4ngern bitte eigenst\u00e4ndig ihre Leihfrist im Primo-Benutzungskonto oder telefonisch bzw. per E-Mail.<br><br>3. In einzelnen Fachbibliotheken werden spezielle Nutzungsbedingungen zur\u00fcckgenommen.<\/p>\n\n\n\n<p>Alle Informationen auf einen Blick finden Sie in unserem <a href=\"https:\/\/blogs.fu-berlin.de\/bibliotheken\/2022\/03\/07\/aenderungen-bei-den-ausleihbedingungen-zu-beginn-des-sommersemesters-2022\/\">Blog-Artikel vom 7. M\u00e4rz 2022<\/a> bzw. auf <a href=\"https:\/\/www.fu-berlin.de\/sites\/ub\/ueber-uns\/news\/ausleihbedingungen-sose2022.html\">unserer Website<\/a>. Bei Detailfragen k\u00f6nnen Sie sich jederzeit an die Kolleg*innen der <a href=\"https:\/\/www.fu-berlin.de\/sites\/ub\/service\/ausleihe\/index.html\">Leihstelle<\/a> wenden.<\/p>\n\n\n\n<h6 class=\"wp-block-heading\">(Bildquelle: \u00a9 dbv\/Thomas Meyer\/Ostkreuz)<\/h6>\n","protected":false},"excerpt":{"rendered":"<p>Das Sommersemester 2022 naht und Sie haben sicherlich schon unsere E-Mails erhalten. Deshalb nochmal eine Erinnerung: Ab 1. April 2022 werden die Ausleihbedingungen in den Bibliotheken der Freien Universit\u00e4t Berlin auf Vor-Pandemie-Niveau zur\u00fcckgesetzt. Was bedeutet das konkret? 1. Mahn- und Fernleihgeb\u00fchren (und Leistungsbescheide) werden wieder eingef\u00fchrt. 2. Automatische Leihfristverl\u00e4ngerungen gelten nur noch f\u00fcr FU-interne Personen. &hellip; <a href=\"https:\/\/blogs.fu-berlin.de\/bibliotheken\/2022\/03\/22\/aenderungen-bei-den-ausleihbedingungen-ab-1-april-2022\/\" class=\"more-link\"><span class=\"screen-reader-text\">\u201e\u00c4nderungen bei den Ausleihbedingungen ab 1. April 2022\u201c<\/span> weiterlesen<\/a><\/p>\n","protected":false},"author":293,"featured_media":30414,"comment_status":"open","ping_status":"open","sticky":false,"template":"","format":"standard","meta":{"footnotes":""},"categories":[9,600,601],"tags":[368699,1946,237849,57466,1421,12024,369,10085,57467],"class_list":["post-30412","post","type-post","status-publish","format-standard","has-post-thumbnail","hentry","category-allgemein","category-fachbibliotheken","category-universitatsbibliothek","tag-aenderungen","tag-ausleihe","tag-corona-pandemie","tag-fachbibliotheken","tag-gebuhren","tag-leihfrist","tag-nutzungsbedingungen","tag-sonderausleihe","tag-universitatsbibliothek"],"_links":{"self":[{"href":"https:\/\/blogs.fu-berlin.de\/bibliotheken\/wp-json\/wp\/v2\/posts\/30412","targetHints":{"allow":["GET"]}}],"collection":[{"href":"https:\/\/blogs.fu-berlin.de\/bibliotheken\/wp-json\/wp\/v2\/posts"}],"about":[{"href":"https:\/\/blogs.fu-berlin.de\/bibliotheken\/wp-json\/wp\/v2\/types\/post"}],"author":[{"embeddable":true,"href":"https:\/\/blogs.fu-berlin.de\/bibliotheken\/wp-json\/wp\/v2\/users\/293"}],"replies":[{"embeddable":true,"href":"https:\/\/blogs.fu-berlin.de\/bibliotheken\/wp-json\/wp\/v2\/comments?post=30412"}],"version-history":[{"count":2,"href":"https:\/\/blogs.fu-berlin.de\/bibliotheken\/wp-json\/wp\/v2\/posts\/30412\/revisions"}],"predecessor-version":[{"id":30415,"href":"https:\/\/blogs.fu-berlin.de\/bibliotheken\/wp-json\/wp\/v2\/posts\/30412\/revisions\/30415"}],"wp:featuredmedia":[{"embeddable":true,"href":"https:\/\/blogs.fu-berlin.de\/bibliotheken\/wp-json\/wp\/v2\/media\/30414"}],"wp:attachment":[{"href":"https:\/\/blogs.fu-berlin.de\/bibliotheken\/wp-json\/wp\/v2\/media?parent=30412"}],"wp:term":[{"taxonomy":"category","embeddable":true,"href":"https:\/\/blogs.fu-berlin.de\/bibliotheken\/wp-json\/wp\/v2\/categories?post=30412"},{"taxonomy":"post_tag","embeddable":true,"href":"https:\/\/blogs.fu-berlin.de\/bibliotheken\/wp-json\/wp\/v2\/tags?post=30412"}],"curies":[{"name":"wp","href":"https:\/\/api.w.org\/{rel}","templated":true}]}}