{"id":30417,"date":"2022-03-23T17:25:19","date_gmt":"2022-03-23T16:25:19","guid":{"rendered":"https:\/\/blogs.fu-berlin.de\/bibliotheken\/?p=30417"},"modified":"2022-04-04T13:15:23","modified_gmt":"2022-04-04T12:15:23","slug":"zum-lernen-goldrichtig-die-neue-arbeitskabine-der-geowissenschaftlichen-bibliothek","status":"publish","type":"post","link":"https:\/\/blogs.fu-berlin.de\/bibliotheken\/2022\/03\/23\/zum-lernen-goldrichtig-die-neue-arbeitskabine-der-geowissenschaftlichen-bibliothek\/","title":{"rendered":"Zum Lernen &#8222;goldrichtig&#8220; \u2013 Die neue Arbeitskabine der Geowissenschaftlichen Bibliothek"},"content":{"rendered":"\n<figure class=\"wp-block-image size-large\"><img loading=\"lazy\" decoding=\"async\" width=\"2000\" height=\"1776\" src=\"https:\/\/blogs.fu-berlin.de\/bibliotheken\/files\/2022\/03\/CAS_022.jpg\" alt=\"\" class=\"wp-image-30419\" srcset=\"https:\/\/blogs.fu-berlin.de\/bibliotheken\/files\/2022\/03\/CAS_022.jpg 2000w, https:\/\/blogs.fu-berlin.de\/bibliotheken\/files\/2022\/03\/CAS_022-300x266.jpg 300w, https:\/\/blogs.fu-berlin.de\/bibliotheken\/files\/2022\/03\/CAS_022-1536x1364.jpg 1536w, https:\/\/blogs.fu-berlin.de\/bibliotheken\/files\/2022\/03\/CAS_022-1200x1066.jpg 1200w\" sizes=\"auto, (max-width: 709px) 85vw, (max-width: 909px) 67vw, (max-width: 1362px) 62vw, 840px\" \/><\/figure>\n\n\n\n<p>Es ist nicht alles Gold was gl\u00e4nzt? \u2013 In diesem Fall schon, denn seit kurzem stellt die <a href=\"https:\/\/www.geo.fu-berlin.de\/bibliotheken\/geo\">Geowissenschaftliche Bibliothek<\/a> neben den bisherigen Gruppenarbeitsr\u00e4umen und dem frisch eingef\u00fchrten <strong>\u201e<\/strong>Haven Pod<strong>\u201c<\/strong> noch eine weitere Arbeitskabine f\u00fcr schallged\u00e4mmtes Lernen zur Verf\u00fcgung.<\/p>\n\n\n\n<p>Der in den modischen Farben Gold und Weinrot gehaltene Raum befindet sich im Erdgeschoss unmittelbar vor der Lehrbuchsammlung. Er bietet neben einer schallged\u00e4mmten Arbeitsatmosph\u00e4re eine via Fernbedienung verstellbare Beleuchtung sowie eine selbst bedienbare L\u00fcftungsanlage. <\/p>\n\n\n\n<p>Gedimmtes Licht f\u00fcr m\u00f6gliche Pr\u00e4sentationen? Passende Lichtverh\u00e4ltnisse f\u00fcr die warme und kalte Jahreszeit? Komplette Lichtdurchflutung oder ein einzelnes Spotlight f\u00fcr Entspannungsmomente? \u2013 Kein Problem! Mithilfe manuell verstellbarer Lichtelemente bietet die Arbeitskabine die optimale Be- und Erleuchtung vor, w\u00e4hrend und nach dem Lernprozess.<\/p>\n\n\n\n<p>Der Raum verf\u00fcgt weiterhin \u00fcber einen Gruppentisch, welcher aktuell Platz f\u00fcr vier Personen bietet. Im Gegensatz zu dem zuvor eingef\u00fchrten <strong>\u201e<\/strong>Haven Pod<strong>\u201c<\/strong>, ist die neue Arbeitskabine verschlie\u00dfbar und innen mit einem Vorhang ausgestattet. Lernende k\u00f6nnen in dieser Arbeitsatmosph\u00e4re ruhig und konzentriert arbeiten. <\/p>\n\n\n\n<figure class=\"wp-block-image size-large\"><img loading=\"lazy\" decoding=\"async\" width=\"2000\" height=\"1500\" src=\"https:\/\/blogs.fu-berlin.de\/bibliotheken\/files\/2022\/03\/CAS_04.jpg\" alt=\"\" class=\"wp-image-30420\" srcset=\"https:\/\/blogs.fu-berlin.de\/bibliotheken\/files\/2022\/03\/CAS_04.jpg 2000w, https:\/\/blogs.fu-berlin.de\/bibliotheken\/files\/2022\/03\/CAS_04-300x225.jpg 300w, https:\/\/blogs.fu-berlin.de\/bibliotheken\/files\/2022\/03\/CAS_04-1536x1152.jpg 1536w, https:\/\/blogs.fu-berlin.de\/bibliotheken\/files\/2022\/03\/CAS_04-1200x900.jpg 1200w\" sizes=\"auto, (max-width: 709px) 85vw, (max-width: 909px) 67vw, (max-width: 1362px) 62vw, 840px\" \/><\/figure>\n\n\n\n<p><em>Bildquell<\/em>e: <em>\u00a9 Geowissenschaftliche Bibliothek<\/em><\/p>\n\n\n\n<p>Kontakt: <a href=\"mailto:geolib@zedat.fu-berlin.de\">geolib@zedat.fu-berlin.de<\/a><\/p>\n","protected":false},"excerpt":{"rendered":"<p>Es ist nicht alles Gold was gl\u00e4nzt? \u2013 In diesem Fall schon, denn seit kurzem stellt die Geowissenschaftliche Bibliothek neben den bisherigen Gruppenarbeitsr\u00e4umen und dem frisch eingef\u00fchrten \u201eHaven Pod\u201c noch eine weitere Arbeitskabine f\u00fcr schallged\u00e4mmtes Lernen zur Verf\u00fcgung. Der in den modischen Farben Gold und Weinrot gehaltene Raum befindet sich im Erdgeschoss unmittelbar vor der &hellip; <a href=\"https:\/\/blogs.fu-berlin.de\/bibliotheken\/2022\/03\/23\/zum-lernen-goldrichtig-die-neue-arbeitskabine-der-geowissenschaftlichen-bibliothek\/\" class=\"more-link\"><span class=\"screen-reader-text\">\u201eZum Lernen &#8222;goldrichtig&#8220; \u2013 Die neue Arbeitskabine der Geowissenschaftlichen Bibliothek\u201c<\/span> weiterlesen<\/a><\/p>\n","protected":false},"author":5902,"featured_media":0,"comment_status":"open","ping_status":"open","sticky":false,"template":"","format":"standard","meta":{"footnotes":""},"categories":[9,599,600,491,603],"tags":[368711,9982,12169,909],"class_list":["post-30417","post","type-post","status-publish","format-standard","hentry","category-allgemein","category-bibliothekswesen","category-fachbibliotheken","category-lernangebote-kurse","category-vorgestellt","tag-arbeitskabine","tag-gruppenarbeitsplatze","tag-gruppenraum","tag-lernort-bibliothek"],"_links":{"self":[{"href":"https:\/\/blogs.fu-berlin.de\/bibliotheken\/wp-json\/wp\/v2\/posts\/30417","targetHints":{"allow":["GET"]}}],"collection":[{"href":"https:\/\/blogs.fu-berlin.de\/bibliotheken\/wp-json\/wp\/v2\/posts"}],"about":[{"href":"https:\/\/blogs.fu-berlin.de\/bibliotheken\/wp-json\/wp\/v2\/types\/post"}],"author":[{"embeddable":true,"href":"https:\/\/blogs.fu-berlin.de\/bibliotheken\/wp-json\/wp\/v2\/users\/5902"}],"replies":[{"embeddable":true,"href":"https:\/\/blogs.fu-berlin.de\/bibliotheken\/wp-json\/wp\/v2\/comments?post=30417"}],"version-history":[{"count":3,"href":"https:\/\/blogs.fu-berlin.de\/bibliotheken\/wp-json\/wp\/v2\/posts\/30417\/revisions"}],"predecessor-version":[{"id":30488,"href":"https:\/\/blogs.fu-berlin.de\/bibliotheken\/wp-json\/wp\/v2\/posts\/30417\/revisions\/30488"}],"wp:attachment":[{"href":"https:\/\/blogs.fu-berlin.de\/bibliotheken\/wp-json\/wp\/v2\/media?parent=30417"}],"wp:term":[{"taxonomy":"category","embeddable":true,"href":"https:\/\/blogs.fu-berlin.de\/bibliotheken\/wp-json\/wp\/v2\/categories?post=30417"},{"taxonomy":"post_tag","embeddable":true,"href":"https:\/\/blogs.fu-berlin.de\/bibliotheken\/wp-json\/wp\/v2\/tags?post=30417"}],"curies":[{"name":"wp","href":"https:\/\/api.w.org\/{rel}","templated":true}]}}