{"id":30429,"date":"2022-03-29T15:43:21","date_gmt":"2022-03-29T14:43:21","guid":{"rendered":"https:\/\/blogs.fu-berlin.de\/bibliotheken\/?p=30429"},"modified":"2022-04-04T07:58:35","modified_gmt":"2022-04-04T06:58:35","slug":"neues-aus-der-bibliothek-am-botanischen-garten","status":"publish","type":"post","link":"https:\/\/blogs.fu-berlin.de\/bibliotheken\/2022\/03\/29\/neues-aus-der-bibliothek-am-botanischen-garten\/","title":{"rendered":"Neues aus der Bibliothek am Botanischen Garten"},"content":{"rendered":"\n<p>Die Arbeitspl\u00e4tze in der Bibliothek am Botanischen Garten sind ab sofort wieder buchbar \u00fcber das <a href=\"https:\/\/raumbuchung.ub.fu-berlin.de\/bgbm\/\">Raumbuchungssystem<\/a>. Es gibt verschiedene Zeitfenster, auch ganztags einen Arbeitsplatz zu buchen ist m\u00f6glich. Es ist ebenfalls m\u00f6glich, telefonisch oder direkt vor Ort einen Platz zu buchen, so dass eine Reservierung vorab nicht zwingend erforderlich ist.<\/p>\n\n\n\n<p>Buchbar ist ganztags von 10-17 Uhr, 10:00-13:30 sowie 13:30 \u2013 17:00.<\/p>\n\n\n\n<p>Die aktuellen \u00d6ffnungszeiten sind: Montag \u2013 Freitag von 10-17 Uhr.<\/p>\n\n\n\n<figure class=\"wp-block-image size-large is-resized\"><img loading=\"lazy\" decoding=\"async\" src=\"https:\/\/blogs.fu-berlin.de\/bibliotheken\/files\/2022\/03\/BGBMPC-1.jpg\" alt=\"\" class=\"wp-image-30448\" width=\"410\" height=\"547\" srcset=\"https:\/\/blogs.fu-berlin.de\/bibliotheken\/files\/2022\/03\/BGBMPC-1.jpg 1200w, https:\/\/blogs.fu-berlin.de\/bibliotheken\/files\/2022\/03\/BGBMPC-1-225x300.jpg 225w, https:\/\/blogs.fu-berlin.de\/bibliotheken\/files\/2022\/03\/BGBMPC-1-1152x1536.jpg 1152w\" sizes=\"auto, (max-width: 410px) 85vw, 410px\" \/><\/figure>\n\n\n\n<p><\/p>\n\n\n\n<figure class=\"wp-block-image size-large is-resized\"><img loading=\"lazy\" decoding=\"async\" src=\"https:\/\/blogs.fu-berlin.de\/bibliotheken\/files\/2022\/03\/index61.jpg\" alt=\"\" class=\"wp-image-30449\" width=\"443\" height=\"592\" srcset=\"https:\/\/blogs.fu-berlin.de\/bibliotheken\/files\/2022\/03\/index61.jpg 1197w, https:\/\/blogs.fu-berlin.de\/bibliotheken\/files\/2022\/03\/index61-224x300.jpg 224w, https:\/\/blogs.fu-berlin.de\/bibliotheken\/files\/2022\/03\/index61-1149x1536.jpg 1149w\" sizes=\"auto, (max-width: 443px) 85vw, 443px\" \/><\/figure>\n\n\n\n<p>Au\u00dferdem ist die Ausleihe des Gro\u00dfteils unseres Bestandes ab jetzt auch f\u00fcr alle Nutzergruppen m\u00f6glich. Voraussetzung ist der Besitz einer Campuscard oder eines Bibliotheksausweises der Freien Universit\u00e4t. Die Ausleihdauer betr\u00e4gt jeweils zwei Wochen, kann aber verl\u00e4ngert werden, wenn keine Vormerkung vorliegt.<\/p>\n\n\n\n<hr class=\"wp-block-separator\" \/>\n\n\n\n<p><\/p>\n\n\n\n<p>Kontakt: <\/p>\n\n\n\n<p><a href=\"https:\/\/www.bgbm.org\/de\/bibliothek\">Bibliothek am Botanischen Garten<\/a> und Botanischen Museum Berlin<\/p>\n\n\n\n<p>Freie Universit\u00e4t Berlin<\/p>\n\n\n\n<p>K\u00f6nigin-Luise-Str. 6\u20138<\/p>\n\n\n\n<p>D-14195 Berlin<\/p>\n\n\n\n<p>Tel.: (+4930) 838-50191<\/p>\n\n\n\n<p>E-Mail: library@bgbm.org<\/p>\n\n\n\n<p><em><strong>Bildquellen: \u00a9 Mar Diehl und \u00a9Amina Al-Bayati<\/strong><\/em><\/p>\n","protected":false},"excerpt":{"rendered":"<p>Die Arbeitspl\u00e4tze in der Bibliothek am Botanischen Garten sind ab sofort wieder buchbar \u00fcber das Raumbuchungssystem. Es gibt verschiedene Zeitfenster, auch ganztags einen Arbeitsplatz zu buchen ist m\u00f6glich. Es ist ebenfalls m\u00f6glich, telefonisch oder direkt vor Ort einen Platz zu buchen, so dass eine Reservierung vorab nicht zwingend erforderlich ist. Buchbar ist ganztags von 10-17 &hellip; <a href=\"https:\/\/blogs.fu-berlin.de\/bibliotheken\/2022\/03\/29\/neues-aus-der-bibliothek-am-botanischen-garten\/\" class=\"more-link\"><span class=\"screen-reader-text\">\u201eNeues aus der Bibliothek am Botanischen Garten\u201c<\/span> weiterlesen<\/a><\/p>\n","protected":false},"author":5902,"featured_media":0,"comment_status":"open","ping_status":"open","sticky":false,"template":"","format":"standard","meta":{"footnotes":""},"categories":[9,599,600],"tags":[364803,1946,368717,909,641],"class_list":["post-30429","post","type-post","status-publish","format-standard","hentry","category-allgemein","category-bibliothekswesen","category-fachbibliotheken","tag-arbeitsplaetze","tag-ausleihe","tag-bibliothek-botanischer-garten","tag-lernort-bibliothek","tag-offnungszeiten"],"_links":{"self":[{"href":"https:\/\/blogs.fu-berlin.de\/bibliotheken\/wp-json\/wp\/v2\/posts\/30429","targetHints":{"allow":["GET"]}}],"collection":[{"href":"https:\/\/blogs.fu-berlin.de\/bibliotheken\/wp-json\/wp\/v2\/posts"}],"about":[{"href":"https:\/\/blogs.fu-berlin.de\/bibliotheken\/wp-json\/wp\/v2\/types\/post"}],"author":[{"embeddable":true,"href":"https:\/\/blogs.fu-berlin.de\/bibliotheken\/wp-json\/wp\/v2\/users\/5902"}],"replies":[{"embeddable":true,"href":"https:\/\/blogs.fu-berlin.de\/bibliotheken\/wp-json\/wp\/v2\/comments?post=30429"}],"version-history":[{"count":11,"href":"https:\/\/blogs.fu-berlin.de\/bibliotheken\/wp-json\/wp\/v2\/posts\/30429\/revisions"}],"predecessor-version":[{"id":30485,"href":"https:\/\/blogs.fu-berlin.de\/bibliotheken\/wp-json\/wp\/v2\/posts\/30429\/revisions\/30485"}],"wp:attachment":[{"href":"https:\/\/blogs.fu-berlin.de\/bibliotheken\/wp-json\/wp\/v2\/media?parent=30429"}],"wp:term":[{"taxonomy":"category","embeddable":true,"href":"https:\/\/blogs.fu-berlin.de\/bibliotheken\/wp-json\/wp\/v2\/categories?post=30429"},{"taxonomy":"post_tag","embeddable":true,"href":"https:\/\/blogs.fu-berlin.de\/bibliotheken\/wp-json\/wp\/v2\/tags?post=30429"}],"curies":[{"name":"wp","href":"https:\/\/api.w.org\/{rel}","templated":true}]}}