{"id":30468,"date":"2022-03-31T15:40:27","date_gmt":"2022-03-31T14:40:27","guid":{"rendered":"https:\/\/blogs.fu-berlin.de\/bibliotheken\/?p=30468"},"modified":"2022-04-05T11:07:42","modified_gmt":"2022-04-05T10:07:42","slug":"nutzungsbedingungen-ab-april-2022","status":"publish","type":"post","link":"https:\/\/blogs.fu-berlin.de\/bibliotheken\/2022\/03\/31\/nutzungsbedingungen-ab-april-2022\/","title":{"rendered":"Nutzungsbedingungen ab April 2022"},"content":{"rendered":"\n<p><strong>FFP2-Maskenpflicht in geschlossenen R\u00e4umen bleibt bestehen, 3G-Kontrollen und Anwesenheitserfassung entfallen.<\/strong><\/p>\n\n\n\n<p>Mit den ge\u00e4nderten gesetzlichen Verordnungen zum Schutz vor dem Coronavirus passen auch die Bibliotheken der Freien Universit\u00e4t die Nutzungsbedingungen ab dem 1. April 2022 an:<\/p>\n\n\n\n<h3 class=\"wp-block-heading\">Zugangsregeln und Anwesenheitserfassung<\/h3>\n\n\n\n<p>Die 3G-Kontrollen an den Eing\u00e4ngen der Bibliotheken entfallen. Die Anwesenheit ist bis auf Weiteres nicht mehr zu dokumentieren. Die Nutzung der Open-Source-Webanwendung zur digitalen Anwesenheitserfassung <a href=\"https:\/\/anwesende.imp.fu-berlin.de\/\">a.nwesen.de<\/a> der Freien Universit\u00e4t ist ausgesetzt.<\/p>\n\n\n\n<h3 class=\"wp-block-heading\">Mund-Nasen-Schutz<\/h3>\n\n\n\n<p>In den R\u00e4umen der Bibliotheken bleibt die <strong>Pflicht zum Tragen einer FFP2-Maske <\/strong>bestehen, auch am Lesesaal-Arbeitsplatz. Bitte halten Sie weiterhin Abst\u00e4nde ein und nehmen Sie R\u00fccksicht aufeinander und auch auf die Schutzbed\u00fcrfnisse der Mitarbeitenden!<\/p>\n\n\n\n<h3 class=\"wp-block-heading\">Gruppenarbeitsr\u00e4ume<\/h3>\n\n\n\n<p>Die bisher f\u00fcr Einzelarbeitspl\u00e4tze genutzten Gruppenarbeitsr\u00e4ume k\u00f6nnen wir Ihnen noch nicht wie in gewohnter Weise anbieten. Wir informieren Sie, sobald wir diese wieder zur Verf\u00fcgung stellen k\u00f6nnen.<\/p>\n\n\n\n<p><br>Dar\u00fcber hinaus werden die <strong>Ausleihbedingungen auf Vor-Pandemie-Niveau zur\u00fcckgesetzt<\/strong> (f\u00fcr Details siehe <a href=\"https:\/\/www.fu-berlin.de\/sites\/ub\/ueber-uns\/news\/ausleihbedingungen-sose2022.html\">News vom 22. M\u00e4rz 2022<\/a>):<\/p>\n\n\n\n<ol class=\"wp-block-list\"><li>Mahn- und Fernleihgeb\u00fchren (Leistungsbescheide) werden wieder eingef\u00fchrt.<\/li><li>Automatische Leihfristverl\u00e4ngerung nur noch f\u00fcr FU-interne Personen. Externe Nutzende verl\u00e4ngern bitte eigenst\u00e4ndig ihre Leihfrist im Primo-Benutzungskonto oder telefonisch oder per E-Mail.<\/li><li>In einzelnen Fachbibliotheken werden spezielle Nutzungsbedingungen zur\u00fcckgenommen.<br><\/li><\/ol>\n\n\n\n<p>Die Rahmenbedingungen f\u00fcr den Hochschulbetrieb werden angesichts des Pandemiegeschehens regelm\u00e4\u00dfig zwischen den Berliner Hochschulen und der Senatsverwaltung abgestimmt und angepasst. Die dargestellten Hinweise zu Grunds\u00e4tzen und Einzelaspekten gelten daher an der Freien Universit\u00e4t Berlin vorbehaltlich bundes- oder landesrechtlicher \u00c4nderungen der Planungs- und Betriebsvorgaben (Stand: 30.03.2022).<\/p>\n\n\n\n<p>(Bildquelle: Pixabay.com)<\/p>\n","protected":false},"excerpt":{"rendered":"<p>FFP2-Maskenpflicht in geschlossenen R\u00e4umen bleibt bestehen, 3G-Kontrollen und Anwesenheitserfassung entfallen. Mit den ge\u00e4nderten gesetzlichen Verordnungen zum Schutz vor dem Coronavirus passen auch die Bibliotheken der Freien Universit\u00e4t die Nutzungsbedingungen ab dem 1. April 2022 an: Zugangsregeln und Anwesenheitserfassung Die 3G-Kontrollen an den Eing\u00e4ngen der Bibliotheken entfallen. Die Anwesenheit ist bis auf Weiteres nicht mehr zu &hellip; <a href=\"https:\/\/blogs.fu-berlin.de\/bibliotheken\/2022\/03\/31\/nutzungsbedingungen-ab-april-2022\/\" class=\"more-link\"><span class=\"screen-reader-text\">\u201eNutzungsbedingungen ab April 2022\u201c<\/span> weiterlesen<\/a><\/p>\n","protected":false},"author":293,"featured_media":30183,"comment_status":"open","ping_status":"open","sticky":false,"template":"","format":"standard","meta":{"footnotes":""},"categories":[9,600,601],"tags":[237849,368590,369],"class_list":["post-30468","post","type-post","status-publish","format-standard","has-post-thumbnail","hentry","category-allgemein","category-fachbibliotheken","category-universitatsbibliothek","tag-corona-pandemie","tag-ffp2-maske","tag-nutzungsbedingungen"],"_links":{"self":[{"href":"https:\/\/blogs.fu-berlin.de\/bibliotheken\/wp-json\/wp\/v2\/posts\/30468","targetHints":{"allow":["GET"]}}],"collection":[{"href":"https:\/\/blogs.fu-berlin.de\/bibliotheken\/wp-json\/wp\/v2\/posts"}],"about":[{"href":"https:\/\/blogs.fu-berlin.de\/bibliotheken\/wp-json\/wp\/v2\/types\/post"}],"author":[{"embeddable":true,"href":"https:\/\/blogs.fu-berlin.de\/bibliotheken\/wp-json\/wp\/v2\/users\/293"}],"replies":[{"embeddable":true,"href":"https:\/\/blogs.fu-berlin.de\/bibliotheken\/wp-json\/wp\/v2\/comments?post=30468"}],"version-history":[{"count":8,"href":"https:\/\/blogs.fu-berlin.de\/bibliotheken\/wp-json\/wp\/v2\/posts\/30468\/revisions"}],"predecessor-version":[{"id":30498,"href":"https:\/\/blogs.fu-berlin.de\/bibliotheken\/wp-json\/wp\/v2\/posts\/30468\/revisions\/30498"}],"wp:featuredmedia":[{"embeddable":true,"href":"https:\/\/blogs.fu-berlin.de\/bibliotheken\/wp-json\/wp\/v2\/media\/30183"}],"wp:attachment":[{"href":"https:\/\/blogs.fu-berlin.de\/bibliotheken\/wp-json\/wp\/v2\/media?parent=30468"}],"wp:term":[{"taxonomy":"category","embeddable":true,"href":"https:\/\/blogs.fu-berlin.de\/bibliotheken\/wp-json\/wp\/v2\/categories?post=30468"},{"taxonomy":"post_tag","embeddable":true,"href":"https:\/\/blogs.fu-berlin.de\/bibliotheken\/wp-json\/wp\/v2\/tags?post=30468"}],"curies":[{"name":"wp","href":"https:\/\/api.w.org\/{rel}","templated":true}]}}