{"id":30533,"date":"2022-04-17T15:39:39","date_gmt":"2022-04-17T14:39:39","guid":{"rendered":"https:\/\/blogs.fu-berlin.de\/bibliotheken\/?p=30533"},"modified":"2022-04-17T15:40:01","modified_gmt":"2022-04-17T14:40:01","slug":"frohe-ostertage","status":"publish","type":"post","link":"https:\/\/blogs.fu-berlin.de\/bibliotheken\/2022\/04\/17\/frohe-ostertage\/","title":{"rendered":"Frohe Ostertage"},"content":{"rendered":"\n<p>Wir w\u00fcnschen Ihnen ein frohes Osterfest! Ab Dienstag, den 19. April 2022 sind die Bibliotheken der Freien Universit\u00e4t Berlin wieder f\u00fcr Sie ge\u00f6ffnet. <\/p>\n\n\n\n<p>Zum offiziellen Start ins Sommersemester 2022 werden einige Bibliotheksstandorte ihre \u00d6ffnungszeiten erweitern. Auch werden wieder Gruppenarbeitsr\u00e4ume zur Verf\u00fcgung stehen.<\/p>\n\n\n\n<p>Genauere Informationen erhalten Sie am Dienstag in unserem Biblioblog. Bis dahin w\u00fcnschen wir Ihnen noch geruhsame Feiertage!<\/p>\n\n\n\n<figure class=\"wp-block-image size-large\"><img loading=\"lazy\" decoding=\"async\" width=\"1920\" height=\"2560\" src=\"https:\/\/blogs.fu-berlin.de\/bibliotheken\/files\/2022\/04\/20220417_082331-scaled.jpg\" alt=\"\" class=\"wp-image-30535\" srcset=\"https:\/\/blogs.fu-berlin.de\/bibliotheken\/files\/2022\/04\/20220417_082331-scaled.jpg 1920w, https:\/\/blogs.fu-berlin.de\/bibliotheken\/files\/2022\/04\/20220417_082331-225x300.jpg 225w, https:\/\/blogs.fu-berlin.de\/bibliotheken\/files\/2022\/04\/20220417_082331-1152x1536.jpg 1152w, https:\/\/blogs.fu-berlin.de\/bibliotheken\/files\/2022\/04\/20220417_082331-1536x2048.jpg 1536w, https:\/\/blogs.fu-berlin.de\/bibliotheken\/files\/2022\/04\/20220417_082331-1200x1600.jpg 1200w\" sizes=\"auto, (max-width: 709px) 85vw, (max-width: 909px) 67vw, (max-width: 1362px) 62vw, 840px\" \/><figcaption>\u00d6sterlich dekorierter Whiteboard-Beistelltisch am Bibliotheksstandort Garystr. 39<\/figcaption><\/figure>\n","protected":false},"excerpt":{"rendered":"<p>Wir w\u00fcnschen Ihnen ein frohes Osterfest! Ab Dienstag, den 19. April 2022 sind die Bibliotheken der Freien Universit\u00e4t Berlin wieder f\u00fcr Sie ge\u00f6ffnet. Zum offiziellen Start ins Sommersemester 2022 werden einige Bibliotheksstandorte ihre \u00d6ffnungszeiten erweitern. Auch werden wieder Gruppenarbeitsr\u00e4ume zur Verf\u00fcgung stehen. Genauere Informationen erhalten Sie am Dienstag in unserem Biblioblog. Bis dahin w\u00fcnschen wir &hellip; <a href=\"https:\/\/blogs.fu-berlin.de\/bibliotheken\/2022\/04\/17\/frohe-ostertage\/\" class=\"more-link\"><span class=\"screen-reader-text\">\u201eFrohe Ostertage\u201c<\/span> weiterlesen<\/a><\/p>\n","protected":false},"author":293,"featured_media":30538,"comment_status":"open","ping_status":"open","sticky":false,"template":"","format":"standard","meta":{"footnotes":""},"categories":[9,600,601],"tags":[9982,641,368727,368726,368725],"class_list":["post-30533","post","type-post","status-publish","format-standard","has-post-thumbnail","hentry","category-allgemein","category-fachbibliotheken","category-universitatsbibliothek","tag-gruppenarbeitsplatze","tag-offnungszeiten","tag-ostereier","tag-osterfest","tag-ostern"],"_links":{"self":[{"href":"https:\/\/blogs.fu-berlin.de\/bibliotheken\/wp-json\/wp\/v2\/posts\/30533","targetHints":{"allow":["GET"]}}],"collection":[{"href":"https:\/\/blogs.fu-berlin.de\/bibliotheken\/wp-json\/wp\/v2\/posts"}],"about":[{"href":"https:\/\/blogs.fu-berlin.de\/bibliotheken\/wp-json\/wp\/v2\/types\/post"}],"author":[{"embeddable":true,"href":"https:\/\/blogs.fu-berlin.de\/bibliotheken\/wp-json\/wp\/v2\/users\/293"}],"replies":[{"embeddable":true,"href":"https:\/\/blogs.fu-berlin.de\/bibliotheken\/wp-json\/wp\/v2\/comments?post=30533"}],"version-history":[{"count":5,"href":"https:\/\/blogs.fu-berlin.de\/bibliotheken\/wp-json\/wp\/v2\/posts\/30533\/revisions"}],"predecessor-version":[{"id":30541,"href":"https:\/\/blogs.fu-berlin.de\/bibliotheken\/wp-json\/wp\/v2\/posts\/30533\/revisions\/30541"}],"wp:featuredmedia":[{"embeddable":true,"href":"https:\/\/blogs.fu-berlin.de\/bibliotheken\/wp-json\/wp\/v2\/media\/30538"}],"wp:attachment":[{"href":"https:\/\/blogs.fu-berlin.de\/bibliotheken\/wp-json\/wp\/v2\/media?parent=30533"}],"wp:term":[{"taxonomy":"category","embeddable":true,"href":"https:\/\/blogs.fu-berlin.de\/bibliotheken\/wp-json\/wp\/v2\/categories?post=30533"},{"taxonomy":"post_tag","embeddable":true,"href":"https:\/\/blogs.fu-berlin.de\/bibliotheken\/wp-json\/wp\/v2\/tags?post=30533"}],"curies":[{"name":"wp","href":"https:\/\/api.w.org\/{rel}","templated":true}]}}