{"id":30547,"date":"2022-04-19T18:51:08","date_gmt":"2022-04-19T17:51:08","guid":{"rendered":"https:\/\/blogs.fu-berlin.de\/bibliotheken\/?p=30547"},"modified":"2022-04-20T13:43:29","modified_gmt":"2022-04-20T12:43:29","slug":"sommersemester-2022-erweiterte-oeffnungszeiten-gruppenarbeitsraeume","status":"publish","type":"post","link":"https:\/\/blogs.fu-berlin.de\/bibliotheken\/2022\/04\/19\/sommersemester-2022-erweiterte-oeffnungszeiten-gruppenarbeitsraeume\/","title":{"rendered":"Sommersemester 2022: Erweiterte \u00d6ffnungszeiten &amp; Gruppenarbeitsr\u00e4ume"},"content":{"rendered":"\n<p>Zum offiziellen Start ins Sommersemester 2022 haben einige Bibliotheken der Freien Universit\u00e4t ihre \u00d6ffnungszeiten verl\u00e4ngert. Auch bieten mehrere Standorte wieder Gruppenarbeitsr\u00e4ume an.  Weiterhin gilt die <strong>Pflicht zum dauerhaften Tragen einer FFP2-Maske<\/strong> in allen Bereichen der jeweiligen Bibliotheksstandorte, auch am Lesesaal-Arbeitsplatz.<\/p>\n\n\n\n<p><strong>Erweiterte \u00d6ffnungszeiten<\/strong><\/p>\n\n\n\n<p>Ab dem 19. April 2022 verl\u00e4ngern die Campusbibliothek und die Bibliothek f\u00fcr Sozialwissenschaften und Osteuropastudien ihre w\u00f6chentlichen \u00d6ffnungszeiten.<\/p>\n\n\n\n<p>Die <a href=\"https:\/\/www.fu-berlin.de\/sites\/campusbib\/index.html\">Campusbibliothek<\/a> (&#8222;Holzlaube&#8220;, Fabeckstr. 23-25) hat ab sofort Montag bis Freitag von 10\u201320 Uhr ge\u00f6ffnet (vorher bis 18 Uhr). Alle Arbeitspl\u00e4tze im Freihandbereich sind \u2013 bis auf einige gesch\u00fctzte Bereiche (ca. 60 Pl\u00e4tze) mit Abstandsregelung \u2013 wieder frei zug\u00e4nglich.<\/p>\n\n\n\n<p>Die <a href=\"https:\/\/www.polsoz.fu-berlin.de\/bibliothek\/\">Bibliothek f\u00fcr Sozialwissenschaften und Osteuropastudien<\/a> (Garystr. 55) hat ab sofort Montag bis Freitag von 9\u201319 Uhr ge\u00f6ffnet (vorher 10\u201318 Uhr). <\/p>\n\n\n\n<p><strong>Bereitstellung von Gruppenarbeitsr\u00e4umen<\/strong><\/p>\n\n\n\n<p>Sechs Bibliotheken bieten gegenw\u00e4rtig wieder Gruppenarbeitsr\u00e4ume bzw. entsprechende -pl\u00e4tze an. Auch hier gilt die FFP2-Maskenpflicht:<\/p>\n\n\n\n<figure class=\"wp-block-table\"><table><tbody><tr><td><strong>Bibliothek<\/strong><\/td><td><strong>Details<\/strong><\/td><td><strong>Vorabbuchung (ja\/nein)<\/strong><\/td><\/tr><tr><td><a href=\"https:\/\/www.fu-berlin.de\/sites\/ub\">Bibliotheksstandort Garystr. 39<\/a><\/td><td>7 Gruppenarbeitsr\u00e4ume<\/td><td>ja (<a href=\"https:\/\/raumbuchung.ub.fu-berlin.de\/lernort\/\">zur Online-Reservierung<\/a>)<\/td><\/tr><tr><td><a href=\"https:\/\/www.jura.fu-berlin.de\/bibliothek\/index.html\">Bibliothek Rechtswissenschaft<\/a><br>(Van&#8217;t-Hoff-Str. 8)<\/td><td>7 Gruppenarbeitsr\u00e4ume (inkl. Familienraum und separater Raum f\u00fcr von Maskenpflicht befreite Nutzer*innen)<\/td><td>ja (<a href=\"https:\/\/raumbuchung.ub.fu-berlin.de\/studydesk_rewi\/\">zur Online-Reservierung<\/a>; Pl\u00e4tze einzeln buchbar)<\/td><\/tr><tr><td><a href=\"https:\/\/www.polsoz.fu-berlin.de\/bibliothek\/\">Bibliothek f\u00fcr Sozialwissenschaften und Osteuropastudien <\/a>(Garystr. 55)<\/td><td>Gruppenarbeitspl\u00e4tze f\u00fcr jeweils 5 Personen (Freihandbereich)<\/td><td>nein<\/td><\/tr><tr><td><a href=\"https:\/\/www.fu-berlin.de\/sites\/philbib\/index.html\">Philologische Bibliothek<\/a> (Habelschwerdter Allee 45)<\/td><td>3 Gruppenr\u00e4ume<\/td><td>nein (bzw. nur f\u00fcr den Arbeitsgruppenraum)<\/td><\/tr><tr><td><a href=\"https:\/\/www.geo.fu-berlin.de\/bibliotheken\/geo\">Geowissenschaftliche Bibliothek<\/a> (Malteserstr. 74-100, Haus O)<\/td><td>2 Gruppenarbeitsr\u00e4ume (jeweils max. vier Personen) f\u00fcr max. 120 Minuten<\/td><td>ja (<a href=\"https:\/\/raumbuchung.ub.fu-berlin.de\/geolib\/\">zur Online-Reservierung<\/a>)<\/td><\/tr><tr><td><a href=\"https:\/\/www.vetmed.fu-berlin.de\/bibliothek\/index.html\">Veterin\u00e4rmedizinische Bibliothek<\/a> (Oertzenweg 19b)<\/td><td>2 Gruppenarbeitsr\u00e4ume<\/td><td>nein bzw. E-Mail an <a href=\"mailto:info-vetlibrary@fu-berlin.de\">info-vetlibrary@fu-berlin.de<\/a><\/td><\/tr><\/tbody><\/table><\/figure>\n\n\n\n<h6>(Bild: Petra Kende)<\/h6>\n","protected":false},"excerpt":{"rendered":"<p>Zum offiziellen Start ins Sommersemester 2022 haben einige Bibliotheken der Freien Universit\u00e4t ihre \u00d6ffnungszeiten verl\u00e4ngert. Auch bieten mehrere Standorte wieder Gruppenarbeitsr\u00e4ume an. Weiterhin gilt die Pflicht zum dauerhaften Tragen einer FFP2-Maske in allen Bereichen der jeweiligen Bibliotheksstandorte, auch am Lesesaal-Arbeitsplatz. Erweiterte \u00d6ffnungszeiten Ab dem 19. April 2022 verl\u00e4ngern die Campusbibliothek und die Bibliothek f\u00fcr Sozialwissenschaften &hellip; <a href=\"https:\/\/blogs.fu-berlin.de\/bibliotheken\/2022\/04\/19\/sommersemester-2022-erweiterte-oeffnungszeiten-gruppenarbeitsraeume\/\" class=\"more-link\"><span class=\"screen-reader-text\">\u201eSommersemester 2022: Erweiterte \u00d6ffnungszeiten &amp; Gruppenarbeitsr\u00e4ume\u201c<\/span> weiterlesen<\/a><\/p>\n","protected":false},"author":293,"featured_media":30552,"comment_status":"open","ping_status":"open","sticky":false,"template":"","format":"standard","meta":{"footnotes":""},"categories":[9],"tags":[18539,12161,24650,1589,9982,1283,12169,641,368721,2361,776],"class_list":["post-30547","post","type-post","status-publish","format-standard","has-post-thumbnail","hentry","category-allgemein","tag-bibliothek-fur-sozialwissenschaften-und-osteuropastudien","tag-bibliothek-rechtswissenschaft","tag-campusbibliothek","tag-geowissenschaftliche-bibliothek","tag-gruppenarbeitsplatze","tag-gruppenarbeitsraum","tag-gruppenraum","tag-offnungszeiten","tag-sommersemester-2022","tag-veterinarmedizinische-bibliothek","tag-zentralbibliothek"],"_links":{"self":[{"href":"https:\/\/blogs.fu-berlin.de\/bibliotheken\/wp-json\/wp\/v2\/posts\/30547","targetHints":{"allow":["GET"]}}],"collection":[{"href":"https:\/\/blogs.fu-berlin.de\/bibliotheken\/wp-json\/wp\/v2\/posts"}],"about":[{"href":"https:\/\/blogs.fu-berlin.de\/bibliotheken\/wp-json\/wp\/v2\/types\/post"}],"author":[{"embeddable":true,"href":"https:\/\/blogs.fu-berlin.de\/bibliotheken\/wp-json\/wp\/v2\/users\/293"}],"replies":[{"embeddable":true,"href":"https:\/\/blogs.fu-berlin.de\/bibliotheken\/wp-json\/wp\/v2\/comments?post=30547"}],"version-history":[{"count":12,"href":"https:\/\/blogs.fu-berlin.de\/bibliotheken\/wp-json\/wp\/v2\/posts\/30547\/revisions"}],"predecessor-version":[{"id":30561,"href":"https:\/\/blogs.fu-berlin.de\/bibliotheken\/wp-json\/wp\/v2\/posts\/30547\/revisions\/30561"}],"wp:featuredmedia":[{"embeddable":true,"href":"https:\/\/blogs.fu-berlin.de\/bibliotheken\/wp-json\/wp\/v2\/media\/30552"}],"wp:attachment":[{"href":"https:\/\/blogs.fu-berlin.de\/bibliotheken\/wp-json\/wp\/v2\/media?parent=30547"}],"wp:term":[{"taxonomy":"category","embeddable":true,"href":"https:\/\/blogs.fu-berlin.de\/bibliotheken\/wp-json\/wp\/v2\/categories?post=30547"},{"taxonomy":"post_tag","embeddable":true,"href":"https:\/\/blogs.fu-berlin.de\/bibliotheken\/wp-json\/wp\/v2\/tags?post=30547"}],"curies":[{"name":"wp","href":"https:\/\/api.w.org\/{rel}","templated":true}]}}