{"id":30581,"date":"2022-05-02T11:49:34","date_gmt":"2022-05-02T10:49:34","guid":{"rendered":"https:\/\/blogs.fu-berlin.de\/bibliotheken\/?p=30581"},"modified":"2022-05-02T11:53:19","modified_gmt":"2022-05-02T10:53:19","slug":"dauerausstellung-en-passant-2-teil","status":"publish","type":"post","link":"https:\/\/blogs.fu-berlin.de\/bibliotheken\/2022\/05\/02\/dauerausstellung-en-passant-2-teil\/","title":{"rendered":"Dauerausstellung &#8222;En Passant&#8220; &#8211; 2. Teil"},"content":{"rendered":"\n<figure class=\"wp-block-gallery columns-2 is-cropped wp-block-gallery-1 is-layout-flex wp-block-gallery-is-layout-flex\"><ul class=\"blocks-gallery-grid\"><li class=\"blocks-gallery-item\"><figure><img loading=\"lazy\" decoding=\"async\" width=\"1080\" height=\"1080\" src=\"https:\/\/blogs.fu-berlin.de\/bibliotheken\/files\/2022\/05\/En-Passant-Insta-Sundermeier.jpg\" alt=\"\" data-id=\"30582\" class=\"wp-image-30582\" srcset=\"https:\/\/blogs.fu-berlin.de\/bibliotheken\/files\/2022\/05\/En-Passant-Insta-Sundermeier.jpg 1080w, https:\/\/blogs.fu-berlin.de\/bibliotheken\/files\/2022\/05\/En-Passant-Insta-Sundermeier-300x300.jpg 300w, https:\/\/blogs.fu-berlin.de\/bibliotheken\/files\/2022\/05\/En-Passant-Insta-Sundermeier-150x150.jpg 150w\" sizes=\"auto, (max-width: 709px) 85vw, (max-width: 909px) 67vw, (max-width: 1362px) 62vw, 840px\" \/><\/figure><\/li><li class=\"blocks-gallery-item\"><figure><img loading=\"lazy\" decoding=\"async\" width=\"1080\" height=\"1080\" src=\"https:\/\/blogs.fu-berlin.de\/bibliotheken\/files\/2022\/05\/En-Passant-Insta-Gruber-1.jpg\" alt=\"\" data-id=\"30586\" data-full-url=\"https:\/\/blogs.fu-berlin.de\/bibliotheken\/files\/2022\/05\/En-Passant-Insta-Gruber-1.jpg\" data-link=\"https:\/\/blogs.fu-berlin.de\/bibliotheken\/?attachment_id=30586\" class=\"wp-image-30586\" srcset=\"https:\/\/blogs.fu-berlin.de\/bibliotheken\/files\/2022\/05\/En-Passant-Insta-Gruber-1.jpg 1080w, https:\/\/blogs.fu-berlin.de\/bibliotheken\/files\/2022\/05\/En-Passant-Insta-Gruber-1-300x300.jpg 300w, https:\/\/blogs.fu-berlin.de\/bibliotheken\/files\/2022\/05\/En-Passant-Insta-Gruber-1-150x150.jpg 150w\" sizes=\"auto, (max-width: 709px) 85vw, (max-width: 909px) 67vw, (max-width: 1362px) 62vw, 840px\" \/><\/figure><\/li><\/ul><\/figure>\n\n\n\n<p>Im Foyer der Universit\u00e4tsbibliothek k\u00f6nnen Sie seit April weitere  <em>En Passant<\/em> Statements rund um das Thema Bibliothek lesen.<br>Die Ausstellung beleuchtet das Thema Bibliotheken durch Aussagen, Erinnerungen und Erlebnisse von bekannten oder innovativen Menschen, die einen Bezug zu unserer Universit\u00e4t haben. Ziel ist es, eine lebendige, pers\u00f6nliche und leichtgewichtige Auseinandersetzung mit der Rolle und Wahrnehmung von Bibliotheken zu erm\u00f6glichen. Die Ausstellung gibt kritischen, kuriosen, humorvollen und ehrlichen Erinnerungen Raum und l\u00e4sst unsere (ehemaligen) Nutzenden zu Wort kommen.<\/p>\n\n\n\n<p>Aktuell sehen Sie Statements von:<\/p>\n\n\n\n<ul class=\"wp-block-list\"><li>Janine Sundermeier&nbsp;\u2013 Botschafterin f\u00fcr Women&#8217;s Entrepreneurship<\/li><li>Amelie Wiedemann&nbsp;\u2013 ehemalige Promovendin der Psycholgie, Dearemployee GmbH<\/li><li>Gesine Schwan&nbsp;\u2013 ehemalige Professorin und Dekanin am Otto-Suhr Institut, Co-Vorsitzende des Sustainable Development Solutions Network (SDSN) Germany<\/li><li>Achim Gruber&nbsp;\u2013 Fachbereich Veterin\u00e4rmedizin, Institut f\u00fcr Tierpathologie, gesch\u00e4ftsf\u00fchrender Direktor<\/li><li>Hans-Georg Treichel&nbsp;\u2013 Germanist, als auch Privatdozent im Fachbereich Germanistik, Schriftsteller<\/li><\/ul>\n\n\n\n<p>Wir danken allen gezeigten Personen f\u00fcr Ihre tatkr\u00e4ftige Unterst\u00fctzung!<\/p>\n\n\n\n<p><strong>Wo?<\/strong><br>Universit\u00e4tsbibliothek der Freien Universit\u00e4t Berlin, Garystra\u00dfe 39, 14195 Berlin<\/p>\n\n\n\n<p>Wochentags ist die Ausstellung im Foyer von 09.00 -18.00 Uhr zu sehen.<\/p>\n\n\n\n<p>Kontakt: <a href=\"mailto:kommunikation@ub.fu-berlin.de\">kommunikation@ub.fu-berlin.de<\/a><\/p>\n\n\n\n<p><\/p>\n","protected":false},"excerpt":{"rendered":"<p>Im Foyer der Universit\u00e4tsbibliothek k\u00f6nnen Sie seit April weitere En Passant Statements rund um das Thema Bibliothek lesen.Die Ausstellung beleuchtet das Thema Bibliotheken durch Aussagen, Erinnerungen und Erlebnisse von bekannten oder innovativen Menschen, die einen Bezug zu unserer Universit\u00e4t haben. Ziel ist es, eine lebendige, pers\u00f6nliche und leichtgewichtige Auseinandersetzung mit der Rolle und Wahrnehmung von &hellip; <a href=\"https:\/\/blogs.fu-berlin.de\/bibliotheken\/2022\/05\/02\/dauerausstellung-en-passant-2-teil\/\" class=\"more-link\"><span class=\"screen-reader-text\">\u201eDauerausstellung &#8222;En Passant&#8220; &#8211; 2. Teil\u201c<\/span> weiterlesen<\/a><\/p>\n","protected":false},"author":5902,"featured_media":0,"comment_status":"open","ping_status":"open","sticky":false,"template":"","format":"standard","meta":{"footnotes":""},"categories":[9,601,603],"tags":[368735,368733,368732,1257,57467],"class_list":["post-30581","post","type-post","status-publish","format-standard","hentry","category-allgemein","category-universitatsbibliothek","category-vorgestellt","tag-ausstellung-en-passant","tag-bibliothekserlebnisse","tag-dauerausstellung","tag-neuigkeiten","tag-universitatsbibliothek"],"_links":{"self":[{"href":"https:\/\/blogs.fu-berlin.de\/bibliotheken\/wp-json\/wp\/v2\/posts\/30581","targetHints":{"allow":["GET"]}}],"collection":[{"href":"https:\/\/blogs.fu-berlin.de\/bibliotheken\/wp-json\/wp\/v2\/posts"}],"about":[{"href":"https:\/\/blogs.fu-berlin.de\/bibliotheken\/wp-json\/wp\/v2\/types\/post"}],"author":[{"embeddable":true,"href":"https:\/\/blogs.fu-berlin.de\/bibliotheken\/wp-json\/wp\/v2\/users\/5902"}],"replies":[{"embeddable":true,"href":"https:\/\/blogs.fu-berlin.de\/bibliotheken\/wp-json\/wp\/v2\/comments?post=30581"}],"version-history":[{"count":3,"href":"https:\/\/blogs.fu-berlin.de\/bibliotheken\/wp-json\/wp\/v2\/posts\/30581\/revisions"}],"predecessor-version":[{"id":30587,"href":"https:\/\/blogs.fu-berlin.de\/bibliotheken\/wp-json\/wp\/v2\/posts\/30581\/revisions\/30587"}],"wp:attachment":[{"href":"https:\/\/blogs.fu-berlin.de\/bibliotheken\/wp-json\/wp\/v2\/media?parent=30581"}],"wp:term":[{"taxonomy":"category","embeddable":true,"href":"https:\/\/blogs.fu-berlin.de\/bibliotheken\/wp-json\/wp\/v2\/categories?post=30581"},{"taxonomy":"post_tag","embeddable":true,"href":"https:\/\/blogs.fu-berlin.de\/bibliotheken\/wp-json\/wp\/v2\/tags?post=30581"}],"curies":[{"name":"wp","href":"https:\/\/api.w.org\/{rel}","templated":true}]}}