{"id":30599,"date":"2022-05-13T08:56:38","date_gmt":"2022-05-13T07:56:38","guid":{"rendered":"https:\/\/blogs.fu-berlin.de\/bibliotheken\/?p=30599"},"modified":"2022-05-30T09:09:36","modified_gmt":"2022-05-30T08:09:36","slug":"primo-testerinnen-gesucht","status":"publish","type":"post","link":"https:\/\/blogs.fu-berlin.de\/bibliotheken\/2022\/05\/13\/primo-testerinnen-gesucht\/","title":{"rendered":"Primo-Tester*innen gesucht!"},"content":{"rendered":"\n<figure class=\"wp-block-image size-large\"><img loading=\"lazy\" decoding=\"async\" width=\"1788\" height=\"214\" src=\"https:\/\/blogs.fu-berlin.de\/bibliotheken\/files\/2022\/05\/Primo_Bild_2.png\" alt=\"\" class=\"wp-image-30601\" srcset=\"https:\/\/blogs.fu-berlin.de\/bibliotheken\/files\/2022\/05\/Primo_Bild_2.png 1788w, https:\/\/blogs.fu-berlin.de\/bibliotheken\/files\/2022\/05\/Primo_Bild_2-300x36.png 300w, https:\/\/blogs.fu-berlin.de\/bibliotheken\/files\/2022\/05\/Primo_Bild_2-1536x184.png 1536w, https:\/\/blogs.fu-berlin.de\/bibliotheken\/files\/2022\/05\/Primo_Bild_2-1200x144.png 1200w\" sizes=\"auto, (max-width: 709px) 85vw, (max-width: 909px) 67vw, (max-width: 1362px) 62vw, 840px\" \/><\/figure>\n\n\n\n<p><strong>UPDATE: Vielen Dank f\u00fcr Ihr Interesse! Wir haben in der Zwischenzeit gen\u00fcgend Teilnehmer*innen f\u00fcr die Studie gefunden!<\/strong><\/p>\n\n\n\n<p>Recherchieren Sie im Bibliotheksportal Primo?<br>Dann suchen wir Sie! (10\u20ac-Mensa-Gutschein als Dankesch\u00f6n)<\/p>\n\n\n\n<p>Der digitale \u201eGang ans Bibliotheksregal\u201c erfolgt an der <a href=\"https:\/\/www.fu-berlin.de\/sites\/ub\">Universit\u00e4tsbibliothek<\/a> seit 2010 \u00fcber unser <a href=\"https:\/\/primo.fu-berlin.de\">Bibliotheksportal Primo<\/a>. Wir versuchen, diesen wichtigen Service stetig Ihren Bed\u00fcrfnissen entsprechend weiterzuentwickeln. Daf\u00fcr suchen wir derzeit Testpersonen, die <strong>an der Freien Universit\u00e4t lehren oder studieren<\/strong>.<\/p>\n\n\n\n<p>Gemeinsam mit der Fachhochschule Potsdam stellen wir Primo am <strong>Dienstag, 31. Mai und am Dienstag, 07. Juni 2022 in einer Eye-Tracking-Studie<\/strong> auf die Probe. Eye-Tracking ist eine Methode der Benutzungsforschung, bei der mithilfe einer Infrarot-Kamera Blickbewegungen auf der Primo-Oberfl\u00e4che analysiert werden k\u00f6nnen. Interesse, mitzumachen? So geht\u2019s:<\/p>\n\n\n\n<ul class=\"wp-block-list\"><li>Teilnahme-Anfrage senden an <strong><a href=\"mailto:alexandra.claasen@fh-potsdam.de\">alexandra.claasen@fh-potsdam.de<\/a><\/strong><\/li><li><strong>Zeitslot am Di., 31.05. oder Di., 07.06.2022 absprechen.<\/strong><\/li><li>Am Termin in den Testraum an der Universit\u00e4tsbibliothek (Garystr. 39) kommen<\/li><li>ca. 30 min Zeit einplanen<\/li><li>angeleitet von Studierenden der Fachhochschule Potsdam Recherche-Aufgaben in Primo l\u00f6sen<\/li><li>dabei \u00fcber Ihre Erfahrungen sprechen<\/li><li>als Dankesch\u00f6n einen <strong>10\u20ac-Mensa-Gutschein <\/strong>erhalten.<\/li><\/ul>\n\n\n\n<p>Wir freuen uns auf Ihre Teilnahme \ud83d\ude42 !<\/p>\n\n\n\n<p>Sie haben vorab Fragen zur Studie? Melden Sie sich gerne bei Sina Menzel (Benutzungsforschung UB, <a href=\"mailto:sina.menzel@fu-berlin.de\">sina.menzel@fu-berlin.de<\/a>)<\/p>\n","protected":false},"excerpt":{"rendered":"<p>UPDATE: Vielen Dank f\u00fcr Ihr Interesse! Wir haben in der Zwischenzeit gen\u00fcgend Teilnehmer*innen f\u00fcr die Studie gefunden! Recherchieren Sie im Bibliotheksportal Primo?Dann suchen wir Sie! (10\u20ac-Mensa-Gutschein als Dankesch\u00f6n) Der digitale \u201eGang ans Bibliotheksregal\u201c erfolgt an der Universit\u00e4tsbibliothek seit 2010 \u00fcber unser Bibliotheksportal Primo. Wir versuchen, diesen wichtigen Service stetig Ihren Bed\u00fcrfnissen entsprechend weiterzuentwickeln. Daf\u00fcr suchen &hellip; <a href=\"https:\/\/blogs.fu-berlin.de\/bibliotheken\/2022\/05\/13\/primo-testerinnen-gesucht\/\" class=\"more-link\"><span class=\"screen-reader-text\">\u201ePrimo-Tester*innen gesucht!\u201c<\/span> weiterlesen<\/a><\/p>\n","protected":false},"author":293,"featured_media":0,"comment_status":"open","ping_status":"open","sticky":false,"template":"","format":"standard","meta":{"footnotes":""},"categories":[9,518,601],"tags":[368690,7577,368738,74,368741,2086,2339,368739],"class_list":["post-30599","post","type-post","status-publish","format-standard","hentry","category-allgemein","category-fu-kataloge","category-universitatsbibliothek","tag-benutzungsforschung","tag-bibliotheksportal-primo","tag-eye-tracking","tag-freie-universitat-berlin","tag-lehrende","tag-primo","tag-studie","tag-testperson"],"_links":{"self":[{"href":"https:\/\/blogs.fu-berlin.de\/bibliotheken\/wp-json\/wp\/v2\/posts\/30599","targetHints":{"allow":["GET"]}}],"collection":[{"href":"https:\/\/blogs.fu-berlin.de\/bibliotheken\/wp-json\/wp\/v2\/posts"}],"about":[{"href":"https:\/\/blogs.fu-berlin.de\/bibliotheken\/wp-json\/wp\/v2\/types\/post"}],"author":[{"embeddable":true,"href":"https:\/\/blogs.fu-berlin.de\/bibliotheken\/wp-json\/wp\/v2\/users\/293"}],"replies":[{"embeddable":true,"href":"https:\/\/blogs.fu-berlin.de\/bibliotheken\/wp-json\/wp\/v2\/comments?post=30599"}],"version-history":[{"count":8,"href":"https:\/\/blogs.fu-berlin.de\/bibliotheken\/wp-json\/wp\/v2\/posts\/30599\/revisions"}],"predecessor-version":[{"id":30627,"href":"https:\/\/blogs.fu-berlin.de\/bibliotheken\/wp-json\/wp\/v2\/posts\/30599\/revisions\/30627"}],"wp:attachment":[{"href":"https:\/\/blogs.fu-berlin.de\/bibliotheken\/wp-json\/wp\/v2\/media?parent=30599"}],"wp:term":[{"taxonomy":"category","embeddable":true,"href":"https:\/\/blogs.fu-berlin.de\/bibliotheken\/wp-json\/wp\/v2\/categories?post=30599"},{"taxonomy":"post_tag","embeddable":true,"href":"https:\/\/blogs.fu-berlin.de\/bibliotheken\/wp-json\/wp\/v2\/tags?post=30599"}],"curies":[{"name":"wp","href":"https:\/\/api.w.org\/{rel}","templated":true}]}}