{"id":30620,"date":"2022-05-27T07:37:02","date_gmt":"2022-05-27T06:37:02","guid":{"rendered":"https:\/\/blogs.fu-berlin.de\/bibliotheken\/?p=30620"},"modified":"2022-05-30T08:27:04","modified_gmt":"2022-05-30T07:27:04","slug":"empfehlung-zum-tragen-einer-ffp2-maske","status":"publish","type":"post","link":"https:\/\/blogs.fu-berlin.de\/bibliotheken\/2022\/05\/27\/empfehlung-zum-tragen-einer-ffp2-maske\/","title":{"rendered":"Empfehlung zum Tragen einer FFP2-Maske"},"content":{"rendered":"\n<p><strong>F\u00fcr die Benutzung der Bibliotheken empfehlen wir das Tragen einer FFP2-Maske. Herzlichen Dank f\u00fcr Ihre Unterst\u00fctzung!<\/strong><\/p>\n\n\n\n<p>Seit mehr als sieben Wochen findet das Sommersemester weitgehend in Pr\u00e4senz statt. Vor allem das Tragen von FFP2-Masken in Innenr\u00e4umen hat sich als hochwirksamer Schutz vor einer Ansteckung bew\u00e4hrt, ob in den Bibliotheken, Gruppenarbeitsr\u00e4umen, PC-Pools oder B\u00fcros. F\u00fcr Ihr gro\u00dfes Engagement, Ihre Umsicht und auch Ihre Geduld in dieser Zeit danken wir Ihnen im Namen der Universit\u00e4tsbibliothek.<\/p>\n\n\n\n<p>Die aktuelle SARS-CoV-2-Arbeitsschutzverordnung des Bundes, die Grundlage des Rahmenhygieneplans der Freien Universit\u00e4t und damit auch der darin verankerten FFP2-Maskenpflicht ist, galt nur noch bis zum 25. Mai 2022. Das Au\u00dferkrafttreten der Arbeitsschutzverordnung bedeutet, dass auch der Rahmenhygieneplan der Freien Universit\u00e4t ausgelaufen ist: Damit tritt an die Stelle der Pflicht zum Tragen einer FFP2-Maske vom 26. Mai 2022 <strong>unsere dringende Empfehlung, in den Innenr\u00e4umen der Bibliotheken auch weiterhin eine FFP2-Maske zu tragen<\/strong>. Trotz fallender Infektionszahlen ist die Pandemie noch immer nicht \u00fcberwunden.<\/p>\n\n\n\n<p>Auch freiwillige, bew\u00e4hrte Ma\u00dfnahmen \u2013 etwa das Beachten von<strong> 3G-Kriterien<\/strong> (geimpft, genesen, getestet), die Nutzung von <strong>Testangeboten<\/strong>, der Einsatz der <strong>Corona-Warn-App<\/strong> des Robert Koch-Instituts, das <strong>H\u00e4ndewaschen<\/strong> sowie das regelm\u00e4\u00dfige <strong>L\u00fcften von R\u00e4umen<\/strong> und das <strong>Abstandhalten <\/strong>\u2013 dient dem Gesundheitsschutz. Wir appellieren an Sie, sich auch im weiteren Verlauf des Sommersemesters f\u00fcr die eigene Sicherheit und f\u00fcr die anderer einzusetzen.<\/p>\n\n\n\n<p>Wir w\u00fcnschen Ihnen weiterhin alles Gute f\u00fcr das Sommersemester und danken Ihnen herzlich f\u00fcr Ihre Unterst\u00fctzung!<\/p>\n\n\n\n<p><strong>Siehe auch:<\/strong><br>&#8211; <a href=\"https:\/\/www.fu-berlin.de\/sites\/coronavirus\/sommersemester-2022\/index.html\">Eckpunkte f\u00fcr Studium und Lehre im Sommersemester 2022 (g\u00fcltig ab 26. Mai 2022)<\/a><br>&#8211; <a href=\"https:\/\/www.geisteswissenschaften.fu-berlin.de\/studium\/fucsi\/index.html\">FUCSI-Umfrage<\/a> zum Studium unter Pandemiebedingungen<\/p>\n\n\n\n<p>(Bildquelle: <a href=\"https:\/\/pixabay.com\/photos\/face-mask-ffp2-covid19-mask-5391310\/\">Pixabay.com<\/a>)<\/p>\n","protected":false},"excerpt":{"rendered":"<p>F\u00fcr die Benutzung der Bibliotheken empfehlen wir das Tragen einer FFP2-Maske. Herzlichen Dank f\u00fcr Ihre Unterst\u00fctzung! Seit mehr als sieben Wochen findet das Sommersemester weitgehend in Pr\u00e4senz statt. Vor allem das Tragen von FFP2-Masken in Innenr\u00e4umen hat sich als hochwirksamer Schutz vor einer Ansteckung bew\u00e4hrt, ob in den Bibliotheken, Gruppenarbeitsr\u00e4umen, PC-Pools oder B\u00fcros. F\u00fcr Ihr &hellip; <a href=\"https:\/\/blogs.fu-berlin.de\/bibliotheken\/2022\/05\/27\/empfehlung-zum-tragen-einer-ffp2-maske\/\" class=\"more-link\"><span class=\"screen-reader-text\">\u201eEmpfehlung zum Tragen einer FFP2-Maske\u201c<\/span> weiterlesen<\/a><\/p>\n","protected":false},"author":293,"featured_media":30183,"comment_status":"open","ping_status":"open","sticky":false,"template":"","format":"standard","meta":{"footnotes":""},"categories":[9,600,601],"tags":[368747,368590],"class_list":["post-30620","post","type-post","status-publish","format-standard","has-post-thumbnail","hentry","category-allgemein","category-fachbibliotheken","category-universitatsbibliothek","tag-empfehlung","tag-ffp2-maske"],"_links":{"self":[{"href":"https:\/\/blogs.fu-berlin.de\/bibliotheken\/wp-json\/wp\/v2\/posts\/30620","targetHints":{"allow":["GET"]}}],"collection":[{"href":"https:\/\/blogs.fu-berlin.de\/bibliotheken\/wp-json\/wp\/v2\/posts"}],"about":[{"href":"https:\/\/blogs.fu-berlin.de\/bibliotheken\/wp-json\/wp\/v2\/types\/post"}],"author":[{"embeddable":true,"href":"https:\/\/blogs.fu-berlin.de\/bibliotheken\/wp-json\/wp\/v2\/users\/293"}],"replies":[{"embeddable":true,"href":"https:\/\/blogs.fu-berlin.de\/bibliotheken\/wp-json\/wp\/v2\/comments?post=30620"}],"version-history":[{"count":4,"href":"https:\/\/blogs.fu-berlin.de\/bibliotheken\/wp-json\/wp\/v2\/posts\/30620\/revisions"}],"predecessor-version":[{"id":30625,"href":"https:\/\/blogs.fu-berlin.de\/bibliotheken\/wp-json\/wp\/v2\/posts\/30620\/revisions\/30625"}],"wp:featuredmedia":[{"embeddable":true,"href":"https:\/\/blogs.fu-berlin.de\/bibliotheken\/wp-json\/wp\/v2\/media\/30183"}],"wp:attachment":[{"href":"https:\/\/blogs.fu-berlin.de\/bibliotheken\/wp-json\/wp\/v2\/media?parent=30620"}],"wp:term":[{"taxonomy":"category","embeddable":true,"href":"https:\/\/blogs.fu-berlin.de\/bibliotheken\/wp-json\/wp\/v2\/categories?post=30620"},{"taxonomy":"post_tag","embeddable":true,"href":"https:\/\/blogs.fu-berlin.de\/bibliotheken\/wp-json\/wp\/v2\/tags?post=30620"}],"curies":[{"name":"wp","href":"https:\/\/api.w.org\/{rel}","templated":true}]}}