{"id":30629,"date":"2022-06-03T07:21:12","date_gmt":"2022-06-03T06:21:12","guid":{"rendered":"https:\/\/blogs.fu-berlin.de\/bibliotheken\/?p=30629"},"modified":"2022-06-03T07:21:12","modified_gmt":"2022-06-03T06:21:12","slug":"greenfubib-auf-den-sustainability-days-vertreten","status":"publish","type":"post","link":"https:\/\/blogs.fu-berlin.de\/bibliotheken\/2022\/06\/03\/greenfubib-auf-den-sustainability-days-vertreten\/","title":{"rendered":"GreenFUBib auf den Sustainability Days vertreten"},"content":{"rendered":"\n<p>Vom 7. bis 10. Juni 2022 veranstaltet die Nachhaltigkeitsinitiative <a href=\"http:\/\/www.fu-berlin.de\/sites\/sustain\">SUSTAIN IT!<\/a> der Freien Universit\u00e4t die <a href=\"https:\/\/www.fu-berlin.de\/sites\/sustain\/hochschultage\/hst2022\/index.html\"><strong>Sustainability Days<\/strong><\/a>. Bei der siebten Auflage steht das Motto \u201e<strong>Zukunft selber machen<\/strong>\u201c im Mittelpunkt. Ab 10 Uhr findet im genannten Zeitraum ein vielf\u00e4ltiges Programm rund um Themen wie Konsum, Mobilit\u00e4t, Klimagerechtigkeit oder Erhalt der Artenvielfalt statt. <strong>Jeder der sich f\u00fcr nachhaltige Entwicklung interessiert, ist herzlich eingeladen mitzumachen, mitzudiskutieren und mitzugestalten.<\/strong> Der Veranstaltungsort befindet sich rund um das Foyer der Hauptmensa (Mensa II), die Silberlaube, das Seminarzentrum und den Gemeinschaftsgarten \u201eBl\u00e4tterlaube\u201c an der Otto-von-Simson-Stra\u00dfe\/Ecke Thielallee (14195 Berlin).<\/p>\n\n\n\n<div class=\"wp-block-image\"><figure class=\"alignright size-large is-resized\"><img loading=\"lazy\" decoding=\"async\" src=\"https:\/\/blogs.fu-berlin.de\/bibliotheken\/files\/2022\/06\/sustainability-days-22-gelb.png\" alt=\"\" class=\"wp-image-30657\" width=\"290\" height=\"414\" srcset=\"https:\/\/blogs.fu-berlin.de\/bibliotheken\/files\/2022\/06\/sustainability-days-22-gelb.png 579w, https:\/\/blogs.fu-berlin.de\/bibliotheken\/files\/2022\/06\/sustainability-days-22-gelb-210x300.png 210w\" sizes=\"auto, (max-width: 290px) 85vw, 290px\" \/><figcaption>Plakat der &#8222;Sustainability Days&#8220;<\/figcaption><\/figure><\/div>\n\n\n\n<p>Insgesamt sind <a href=\"https:\/\/www.fu-berlin.de\/sites\/sustain\/hochschultage\/hst2022\/hst2022_programm\/index.html\">30 Veranstaltungen<\/a> angemeldet, die in Kooperation mit rund 20 beteiligten Initiativen stattfinden. Das Programm wurde von Studierenden, Mitarbeiterinnen und Mitarbeitern der Freien Universit\u00e4t, Kulturschaffenden und ehrenamtlich Engagierten aus Berlin zusammengestellt. Ziel der interaktiven Hochschultage ist es, Akteure und Akteurinnen der Initiativen und Projekte miteinander zu vernetzen und in den Austausch dar\u00fcber zu kommen, wie Universit\u00e4t und Stadt gemeinsam zukunftsf\u00e4higer gestaltet werden k\u00f6nnen.<\/p>\n\n\n\n<p>Ebenfalls mit einem Stand vom 7. bis 9. Juni vertreten ist die Arbeitsgruppe <strong><a href=\"https:\/\/www.fu-berlin.de\/sites\/ub\/newsletter-extern\/2021_2\/aktuelles\/nachhaltigkeit.html\">GreenFUBib<\/a><\/strong> (Foyer vor der Mensa II). Seit 2021 setzt sie sich f\u00fcr Nachhaltigkeit und Klimaschutz im bibliothekarischen Arbeitsalltag ein und kl\u00e4rt rund ums Thema &#8222;Gr\u00fcne Bibliothek&#8220; auf. Lassen Sie sich am Stand der Gruppe auf die spannende Aktion \u201e<strong>Blind Date with a Book<\/strong>\u201c ein. Oder treten Sie in die Pedale und laden ihr mobiles Endger\u00e4t mit selbst erzeugtem gr\u00fcnen Strom auf. Dar\u00fcber hinaus ist auf der als H\u00f6rspaziergang konzipierten neuen Browser-App \u201e<a href=\"https:\/\/www.tour.campus.fu-berlin.de\/\">Sustainable Campus Tour<\/a>\u201c die<a href=\"https:\/\/www.fu-berlin.de\/sites\/philbib\/index.html\"> Philologische Bibliothek<\/a> als einer von 16 Standorten vertreten. An kleinen Bibliotheksf\u00fchrungen kann nach Absprache teilgenommen werden.<\/p>\n","protected":false},"excerpt":{"rendered":"<p>Vom 7. bis 10. Juni 2022 veranstaltet die Nachhaltigkeitsinitiative SUSTAIN IT! der Freien Universit\u00e4t die Sustainability Days. Bei der siebten Auflage steht das Motto \u201eZukunft selber machen\u201c im Mittelpunkt. Ab 10 Uhr findet im genannten Zeitraum ein vielf\u00e4ltiges Programm rund um Themen wie Konsum, Mobilit\u00e4t, Klimagerechtigkeit oder Erhalt der Artenvielfalt statt. Jeder der sich f\u00fcr &hellip; <a href=\"https:\/\/blogs.fu-berlin.de\/bibliotheken\/2022\/06\/03\/greenfubib-auf-den-sustainability-days-vertreten\/\" class=\"more-link\"><span class=\"screen-reader-text\">\u201eGreenFUBib auf den Sustainability Days vertreten\u201c<\/span> weiterlesen<\/a><\/p>\n","protected":false},"author":293,"featured_media":30655,"comment_status":"open","ping_status":"open","sticky":false,"template":"","format":"standard","meta":{"footnotes":""},"categories":[9,599,601,70],"tags":[17607,368750,368753,1901,2678,368752,368751,1444,368754],"class_list":["post-30629","post","type-post","status-publish","format-standard","has-post-thumbnail","hentry","category-allgemein","category-bibliothekswesen","category-universitatsbibliothek","category-veranstaltungen","tag-gesellschaft","tag-greenfubib","tag-gruene-bibliothek","tag-klima","tag-nachhaltigkeit","tag-sustain-it","tag-sustainability-days","tag-umwelt","tag-uni-fuer-alle"],"_links":{"self":[{"href":"https:\/\/blogs.fu-berlin.de\/bibliotheken\/wp-json\/wp\/v2\/posts\/30629","targetHints":{"allow":["GET"]}}],"collection":[{"href":"https:\/\/blogs.fu-berlin.de\/bibliotheken\/wp-json\/wp\/v2\/posts"}],"about":[{"href":"https:\/\/blogs.fu-berlin.de\/bibliotheken\/wp-json\/wp\/v2\/types\/post"}],"author":[{"embeddable":true,"href":"https:\/\/blogs.fu-berlin.de\/bibliotheken\/wp-json\/wp\/v2\/users\/293"}],"replies":[{"embeddable":true,"href":"https:\/\/blogs.fu-berlin.de\/bibliotheken\/wp-json\/wp\/v2\/comments?post=30629"}],"version-history":[{"count":15,"href":"https:\/\/blogs.fu-berlin.de\/bibliotheken\/wp-json\/wp\/v2\/posts\/30629\/revisions"}],"predecessor-version":[{"id":30666,"href":"https:\/\/blogs.fu-berlin.de\/bibliotheken\/wp-json\/wp\/v2\/posts\/30629\/revisions\/30666"}],"wp:featuredmedia":[{"embeddable":true,"href":"https:\/\/blogs.fu-berlin.de\/bibliotheken\/wp-json\/wp\/v2\/media\/30655"}],"wp:attachment":[{"href":"https:\/\/blogs.fu-berlin.de\/bibliotheken\/wp-json\/wp\/v2\/media?parent=30629"}],"wp:term":[{"taxonomy":"category","embeddable":true,"href":"https:\/\/blogs.fu-berlin.de\/bibliotheken\/wp-json\/wp\/v2\/categories?post=30629"},{"taxonomy":"post_tag","embeddable":true,"href":"https:\/\/blogs.fu-berlin.de\/bibliotheken\/wp-json\/wp\/v2\/tags?post=30629"}],"curies":[{"name":"wp","href":"https:\/\/api.w.org\/{rel}","templated":true}]}}