{"id":30675,"date":"2022-06-10T13:53:44","date_gmt":"2022-06-10T12:53:44","guid":{"rendered":"https:\/\/blogs.fu-berlin.de\/bibliotheken\/?p=30675"},"modified":"2022-06-14T14:35:02","modified_gmt":"2022-06-14T13:35:02","slug":"philologische-bibliothek-am-16-06-2022-geschlossen","status":"publish","type":"post","link":"https:\/\/blogs.fu-berlin.de\/bibliotheken\/2022\/06\/10\/philologische-bibliothek-am-16-06-2022-geschlossen\/","title":{"rendered":"Philologische Bibliothek am 16.06.2022 geschlossen"},"content":{"rendered":"\n<p>Wegen einer ganzt\u00e4gigen Stromabschaltung und umfangreicher technischer Pr\u00fcfarbeiten bleibt die Bibliothek am 16.06.2022 geschlossen. Vorbestellungen und Scans k\u00f6nnen erst am folgenden Tag ausgegeben werden. Bitte nutzen Sie die anderen <a href=\"https:\/\/www.fu-berlin.de\/sites\/bibliotheken\/bibliothekenfuehrer\/bereiche\/index.html\" data-type=\"URL\" data-id=\"https:\/\/www.fu-berlin.de\/sites\/bibliotheken\/bibliothekenfuehrer\/bereiche\/index.html\">FU-Bibliotheken<\/a> zur Abgabe von B\u00fcchern.<\/p>\n\n\n\n<p>Vielen Dank f\u00fcr Ihr Verst\u00e4ndnis.<\/p>\n\n\n\n<hr class=\"wp-block-separator has-alpha-channel-opacity\" \/>\n\n\n\n<p>Due to an all-day power shutdown and extensive technical testing, the library will be closed on June 16th 2022. Pre-orders and scans cannot be issued until the following day. Please use the other <a href=\"https:\/\/www.fu-berlin.de\/sites\/bibliotheken\/bibliothekenfuehrer\/bereiche\/index.html\" data-type=\"URL\" data-id=\"https:\/\/www.fu-berlin.de\/sites\/bibliotheken\/bibliothekenfuehrer\/bereiche\/index.html\">libraries of the Freie Universit\u00e4t<\/a> to drop off books.<\/p>\n\n\n\n<p>Thanks for your understanding.<\/p>\n\n\n\n<p>Bildquelle: Janet Wagner<\/p>\n","protected":false},"excerpt":{"rendered":"<p>Wegen einer ganzt\u00e4gigen Stromabschaltung und umfangreicher technischer Pr\u00fcfarbeiten bleibt die Bibliothek am 16.06.2022 geschlossen. Vorbestellungen und Scans k\u00f6nnen erst am folgenden Tag ausgegeben werden. Bitte nutzen Sie die anderen FU-Bibliotheken zur Abgabe von B\u00fcchern. Vielen Dank f\u00fcr Ihr Verst\u00e4ndnis. Due to an all-day power shutdown and extensive technical testing, the library will be closed on &hellip; <a href=\"https:\/\/blogs.fu-berlin.de\/bibliotheken\/2022\/06\/10\/philologische-bibliothek-am-16-06-2022-geschlossen\/\" class=\"more-link\"><span class=\"screen-reader-text\">\u201ePhilologische Bibliothek am 16.06.2022 geschlossen\u201c<\/span> weiterlesen<\/a><\/p>\n","protected":false},"author":5902,"featured_media":30676,"comment_status":"open","ping_status":"open","sticky":false,"template":"","format":"standard","meta":{"footnotes":""},"categories":[9,599,600],"tags":[1112,641,949],"class_list":["post-30675","post","type-post","status-publish","format-standard","has-post-thumbnail","hentry","category-allgemein","category-bibliothekswesen","category-fachbibliotheken","tag-fachbibliotheken-philologische-bibliothek","tag-offnungszeiten","tag-schliesung"],"_links":{"self":[{"href":"https:\/\/blogs.fu-berlin.de\/bibliotheken\/wp-json\/wp\/v2\/posts\/30675","targetHints":{"allow":["GET"]}}],"collection":[{"href":"https:\/\/blogs.fu-berlin.de\/bibliotheken\/wp-json\/wp\/v2\/posts"}],"about":[{"href":"https:\/\/blogs.fu-berlin.de\/bibliotheken\/wp-json\/wp\/v2\/types\/post"}],"author":[{"embeddable":true,"href":"https:\/\/blogs.fu-berlin.de\/bibliotheken\/wp-json\/wp\/v2\/users\/5902"}],"replies":[{"embeddable":true,"href":"https:\/\/blogs.fu-berlin.de\/bibliotheken\/wp-json\/wp\/v2\/comments?post=30675"}],"version-history":[{"count":3,"href":"https:\/\/blogs.fu-berlin.de\/bibliotheken\/wp-json\/wp\/v2\/posts\/30675\/revisions"}],"predecessor-version":[{"id":30693,"href":"https:\/\/blogs.fu-berlin.de\/bibliotheken\/wp-json\/wp\/v2\/posts\/30675\/revisions\/30693"}],"wp:featuredmedia":[{"embeddable":true,"href":"https:\/\/blogs.fu-berlin.de\/bibliotheken\/wp-json\/wp\/v2\/media\/30676"}],"wp:attachment":[{"href":"https:\/\/blogs.fu-berlin.de\/bibliotheken\/wp-json\/wp\/v2\/media?parent=30675"}],"wp:term":[{"taxonomy":"category","embeddable":true,"href":"https:\/\/blogs.fu-berlin.de\/bibliotheken\/wp-json\/wp\/v2\/categories?post=30675"},{"taxonomy":"post_tag","embeddable":true,"href":"https:\/\/blogs.fu-berlin.de\/bibliotheken\/wp-json\/wp\/v2\/tags?post=30675"}],"curies":[{"name":"wp","href":"https:\/\/api.w.org\/{rel}","templated":true}]}}