{"id":30680,"date":"2022-06-13T10:08:48","date_gmt":"2022-06-13T09:08:48","guid":{"rendered":"https:\/\/blogs.fu-berlin.de\/bibliotheken\/?p=30680"},"modified":"2022-06-14T14:34:16","modified_gmt":"2022-06-14T13:34:16","slug":"leihstelle-der-wirtschaftswissenschaftlichen-bibliothek-am-15-6-22-geschlossen","status":"publish","type":"post","link":"https:\/\/blogs.fu-berlin.de\/bibliotheken\/2022\/06\/13\/leihstelle-der-wirtschaftswissenschaftlichen-bibliothek-am-15-6-22-geschlossen\/","title":{"rendered":"Leihstelle der Wirtschaftswissenschaftlichen Bibliothek am 15.06.2022 geschlossen"},"content":{"rendered":"\n<p>Wegen einer internen Veranstaltung bleibt die Leihstelle der Wirtschaftswissenschaftlichen Bibliothek am 15.06.2022 geschlossen. Bereitstellungen k\u00f6nnen erst am folgenden Tag ausgegeben werden. Zur R\u00fcckgabe von B\u00fcchern nutzen Sie bitte die Leihstellen der  anderen <a href=\"https:\/\/www.fu-berlin.de\/sites\/bibliotheken\/bibliothekenfuehrer\/bereiche\/index.html\">FU-Bibliotheken<\/a>. Der Interims-Lesesaal bleibt ge\u00f6ffnet.<\/p>\n\n\n\n<p>Wir bitten um Verst\u00e4ndnis.<\/p>\n\n\n\n<p>Bildquelle: Marc Spieseke<\/p>\n","protected":false},"excerpt":{"rendered":"<p>Wegen einer internen Veranstaltung bleibt die Leihstelle der Wirtschaftswissenschaftlichen Bibliothek am 15.06.2022 geschlossen. Bereitstellungen k\u00f6nnen erst am folgenden Tag ausgegeben werden. Zur R\u00fcckgabe von B\u00fcchern nutzen Sie bitte die Leihstellen der anderen FU-Bibliotheken. Der Interims-Lesesaal bleibt ge\u00f6ffnet. Wir bitten um Verst\u00e4ndnis. Bildquelle: Marc Spieseke<\/p>\n","protected":false},"author":931,"featured_media":30686,"comment_status":"open","ping_status":"open","sticky":false,"template":"","format":"standard","meta":{"footnotes":""},"categories":[9,599,600],"tags":[67,318199,641,949,822],"class_list":["post-30680","post","type-post","status-publish","format-standard","has-post-thumbnail","hentry","category-allgemein","category-bibliothekswesen","category-fachbibliotheken","tag-allgemeines","tag-fachbibliothek","tag-offnungszeiten","tag-schliesung","tag-wirtschaftswissenschaftliche-bibliothek"],"_links":{"self":[{"href":"https:\/\/blogs.fu-berlin.de\/bibliotheken\/wp-json\/wp\/v2\/posts\/30680","targetHints":{"allow":["GET"]}}],"collection":[{"href":"https:\/\/blogs.fu-berlin.de\/bibliotheken\/wp-json\/wp\/v2\/posts"}],"about":[{"href":"https:\/\/blogs.fu-berlin.de\/bibliotheken\/wp-json\/wp\/v2\/types\/post"}],"author":[{"embeddable":true,"href":"https:\/\/blogs.fu-berlin.de\/bibliotheken\/wp-json\/wp\/v2\/users\/931"}],"replies":[{"embeddable":true,"href":"https:\/\/blogs.fu-berlin.de\/bibliotheken\/wp-json\/wp\/v2\/comments?post=30680"}],"version-history":[{"count":9,"href":"https:\/\/blogs.fu-berlin.de\/bibliotheken\/wp-json\/wp\/v2\/posts\/30680\/revisions"}],"predecessor-version":[{"id":30692,"href":"https:\/\/blogs.fu-berlin.de\/bibliotheken\/wp-json\/wp\/v2\/posts\/30680\/revisions\/30692"}],"wp:featuredmedia":[{"embeddable":true,"href":"https:\/\/blogs.fu-berlin.de\/bibliotheken\/wp-json\/wp\/v2\/media\/30686"}],"wp:attachment":[{"href":"https:\/\/blogs.fu-berlin.de\/bibliotheken\/wp-json\/wp\/v2\/media?parent=30680"}],"wp:term":[{"taxonomy":"category","embeddable":true,"href":"https:\/\/blogs.fu-berlin.de\/bibliotheken\/wp-json\/wp\/v2\/categories?post=30680"},{"taxonomy":"post_tag","embeddable":true,"href":"https:\/\/blogs.fu-berlin.de\/bibliotheken\/wp-json\/wp\/v2\/tags?post=30680"}],"curies":[{"name":"wp","href":"https:\/\/api.w.org\/{rel}","templated":true}]}}