{"id":30701,"date":"2022-06-16T15:29:08","date_gmt":"2022-06-16T14:29:08","guid":{"rendered":"https:\/\/blogs.fu-berlin.de\/bibliotheken\/?p=30701"},"modified":"2022-06-20T11:47:57","modified_gmt":"2022-06-20T10:47:57","slug":"die-greenfubib-bei-den-sustainability-days-an-der-freien-universitaet-berlin","status":"publish","type":"post","link":"https:\/\/blogs.fu-berlin.de\/bibliotheken\/2022\/06\/16\/die-greenfubib-bei-den-sustainability-days-an-der-freien-universitaet-berlin\/","title":{"rendered":"Die GreenFUBib bei den Sustainability Days an der Freien Universit\u00e4t Berlin"},"content":{"rendered":"\n<p>&#8222;Zukunft selber machen!&#8220; lautete das diesj\u00e4hrige Motto der <a href=\"https:\/\/www.fu-berlin.de\/sites\/sustain\/hochschultage\/hst2022\/Sustainability_Days_2022_Programm.pdf\" data-type=\"URL\" data-id=\"https:\/\/www.fu-berlin.de\/sites\/sustain\/hochschultage\/hst2022\/Sustainability_Days_2022_Programm.pdf\">Sustainability Days<\/a>, organisiert von &#8222;<a href=\"https:\/\/www.fu-berlin.de\/sites\/sustain\/index.html\" data-type=\"URL\" data-id=\"https:\/\/www.fu-berlin.de\/sites\/sustain\/index.html\">SUSTAIN IT<\/a>!&#8220;- der Initiative f\u00fcr Nachhaltigkeit und Klimaschutz. <\/p>\n\n\n\n<figure class=\"wp-block-image size-full\"><img loading=\"lazy\" decoding=\"async\" width=\"1984\" height=\"1488\" src=\"https:\/\/blogs.fu-berlin.de\/bibliotheken\/files\/2022\/06\/Sustainit1.jpg\" alt=\"\" class=\"wp-image-30702\" srcset=\"https:\/\/blogs.fu-berlin.de\/bibliotheken\/files\/2022\/06\/Sustainit1.jpg 1984w, https:\/\/blogs.fu-berlin.de\/bibliotheken\/files\/2022\/06\/Sustainit1-300x225.jpg 300w, https:\/\/blogs.fu-berlin.de\/bibliotheken\/files\/2022\/06\/Sustainit1-1536x1152.jpg 1536w, https:\/\/blogs.fu-berlin.de\/bibliotheken\/files\/2022\/06\/Sustainit1-1200x900.jpg 1200w\" sizes=\"auto, (max-width: 709px) 85vw, (max-width: 909px) 67vw, (max-width: 1362px) 62vw, 840px\" \/><\/figure>\n\n\n\n<p><\/p>\n\n\n\n<p>Bei sonnigem Wetter konnten Studierende, Interessierte, Anwohner*innen, Berliner*innen vom 07. &#8211; 10.06.2022 im Bereich vor der Mensa FU II am Campus Dahlem der Freien Universit\u00e4t zum Thema &#8222;Zukunft nachhaltig gestalten&#8220; viel erfahren &amp; entdecken. Die Initiative &#8222;SUSTAIN IT!&#8220; lud ein: Kunstperformances, Mitmach-Workshops, Info-Talks mit Politiker*innen &amp; Lehrenden, Info-St\u00e4nde von Vereinen, Kleidertauschb\u00f6rse und erstmalig ein Stand der Arbeitsgruppe &#8222;GreenFuBib&#8220; zum Thema: &#8222;Was ist eine gr\u00fcne Bibliothek&#8220; und &#8222;Was tun die Bibliotheken der FU f\u00fcr Ressourceneinsparungen und Klimaschutz&#8220;? <\/p>\n\n\n\n<p>Am Stand der Bibliotheken wurde nicht nur \u00fcber die Merkmale einer Gr\u00fcnen Bibliothek informiert. Mit dem &#8222;Book Blind Date&#8220; und dem Bau eines B\u00fccherthrons in der <a href=\"https:\/\/www.fu-berlin.de\/sites\/sustain\/nhkonkret\/blaetterlaube\/index.html\" data-type=\"URL\" data-id=\"https:\/\/www.fu-berlin.de\/sites\/sustain\/nhkonkret\/blaetterlaube\/index.html\">Bl\u00e4tterlaube<\/a> gab es Beispiele, wie man mit B\u00fcchern, die es bereits digital und physisch im Bestand der Bibliotheken gibt, sinnvolles Upcycling machen kann. Das stromerzeugende Fahrradergometer konnte f\u00fcr die Bewegung und das Handy aufladen genutzt werden, nebenbei erfuhren Besucher*innen, dass es im Rahmen eines <a href=\"https:\/\/www.fu-berlin.de\/sites\/nachhaltigkeit\/stabsstelle\/Innovationsmanagement\/Futurist\/Preistraeger\/Radeln-und-gruener-Strom\/index.html\" data-type=\"URL\" data-id=\"https:\/\/www.fu-berlin.de\/sites\/nachhaltigkeit\/stabsstelle\/Innovationsmanagement\/Futurist\/Preistraeger\/Radeln-und-gruener-Strom\/index.html\">FUturist-Projektes<\/a> die Idee gibt, im Outdoor-Bereich auf dem Campus Dahlem ein weiteres Fahrrad zur Stromerzeugung aufstellen zu lassen. Eine Anleitung zum Bau einer Wurmkiste f\u00fcr Bioabfall und Wurmhumus sowie Wissen \u00fcber alte Gem\u00fcsesorten waren am Stand einzusehen. <\/p>\n\n\n\n<p>Mit der Kampagne &#8222;<a href=\"https:\/\/www.fu-berlin.de\/sites\/ub\/newsletter-extern\/2021_2\/aktuelles\/scanzelte.html\" data-type=\"URL\" data-id=\"https:\/\/www.fu-berlin.de\/sites\/ub\/newsletter-extern\/2021_2\/aktuelles\/scanzelte.html\">Let\u00b4s Scan<\/a>&#8220; m\u00f6chten die Bibliotheken die kostenlosen Scan-Angebote an den Standorten ausweiten und zugleich das Drucken &amp; Kopieren f\u00fcr mehr Ressourceneinsparungen reduzieren. Das Scanzelt und eine kleine Umfrage zum Druckverhalten der Studierenden brachte Gespr\u00e4chsstoff am Stand. <\/p>\n\n\n\n<figure class=\"wp-block-gallery has-nested-images columns-default is-cropped wp-block-gallery-1 is-layout-flex wp-block-gallery-is-layout-flex\">\n<figure class=\"wp-block-image size-large\"><img loading=\"lazy\" decoding=\"async\" width=\"2560\" height=\"1920\" data-id=\"30710\" src=\"https:\/\/blogs.fu-berlin.de\/bibliotheken\/files\/2022\/06\/DSC05016-scaled.jpg\" alt=\"\" class=\"wp-image-30710\" srcset=\"https:\/\/blogs.fu-berlin.de\/bibliotheken\/files\/2022\/06\/DSC05016-scaled.jpg 2560w, https:\/\/blogs.fu-berlin.de\/bibliotheken\/files\/2022\/06\/DSC05016-300x225.jpg 300w, https:\/\/blogs.fu-berlin.de\/bibliotheken\/files\/2022\/06\/DSC05016-1536x1152.jpg 1536w, https:\/\/blogs.fu-berlin.de\/bibliotheken\/files\/2022\/06\/DSC05016-2048x1536.jpg 2048w, https:\/\/blogs.fu-berlin.de\/bibliotheken\/files\/2022\/06\/DSC05016-1200x900.jpg 1200w\" sizes=\"auto, (max-width: 709px) 85vw, (max-width: 909px) 67vw, (max-width: 1362px) 62vw, 840px\" \/><\/figure>\n\n\n\n<figure class=\"wp-block-image size-large\"><img loading=\"lazy\" decoding=\"async\" width=\"2560\" height=\"1920\" data-id=\"30708\" src=\"https:\/\/blogs.fu-berlin.de\/bibliotheken\/files\/2022\/06\/DSC049981-scaled.jpg\" alt=\"\" class=\"wp-image-30708\" srcset=\"https:\/\/blogs.fu-berlin.de\/bibliotheken\/files\/2022\/06\/DSC049981-scaled.jpg 2560w, https:\/\/blogs.fu-berlin.de\/bibliotheken\/files\/2022\/06\/DSC049981-300x225.jpg 300w, https:\/\/blogs.fu-berlin.de\/bibliotheken\/files\/2022\/06\/DSC049981-1536x1152.jpg 1536w, https:\/\/blogs.fu-berlin.de\/bibliotheken\/files\/2022\/06\/DSC049981-2048x1536.jpg 2048w, https:\/\/blogs.fu-berlin.de\/bibliotheken\/files\/2022\/06\/DSC049981-1200x900.jpg 1200w\" sizes=\"auto, (max-width: 709px) 85vw, (max-width: 909px) 67vw, (max-width: 1362px) 62vw, 840px\" \/><\/figure>\n\n\n\n<figure class=\"wp-block-image size-large\"><img loading=\"lazy\" decoding=\"async\" width=\"1488\" height=\"1984\" data-id=\"30707\" src=\"https:\/\/blogs.fu-berlin.de\/bibliotheken\/files\/2022\/06\/SustainTage11.jpg\" alt=\"\" class=\"wp-image-30707\" srcset=\"https:\/\/blogs.fu-berlin.de\/bibliotheken\/files\/2022\/06\/SustainTage11.jpg 1488w, https:\/\/blogs.fu-berlin.de\/bibliotheken\/files\/2022\/06\/SustainTage11-225x300.jpg 225w, https:\/\/blogs.fu-berlin.de\/bibliotheken\/files\/2022\/06\/SustainTage11-1152x1536.jpg 1152w, https:\/\/blogs.fu-berlin.de\/bibliotheken\/files\/2022\/06\/SustainTage11-1200x1600.jpg 1200w\" sizes=\"auto, (max-width: 709px) 85vw, (max-width: 909px) 67vw, (max-width: 1362px) 62vw, 840px\" \/><\/figure>\n\n\n\n<figure class=\"wp-block-image size-large\"><img loading=\"lazy\" decoding=\"async\" width=\"2560\" height=\"1920\" data-id=\"30705\" src=\"https:\/\/blogs.fu-berlin.de\/bibliotheken\/files\/2022\/06\/DSC04989-scaled.jpg\" alt=\"\" class=\"wp-image-30705\" srcset=\"https:\/\/blogs.fu-berlin.de\/bibliotheken\/files\/2022\/06\/DSC04989-scaled.jpg 2560w, https:\/\/blogs.fu-berlin.de\/bibliotheken\/files\/2022\/06\/DSC04989-300x225.jpg 300w, https:\/\/blogs.fu-berlin.de\/bibliotheken\/files\/2022\/06\/DSC04989-1536x1152.jpg 1536w, https:\/\/blogs.fu-berlin.de\/bibliotheken\/files\/2022\/06\/DSC04989-2048x1536.jpg 2048w, https:\/\/blogs.fu-berlin.de\/bibliotheken\/files\/2022\/06\/DSC04989-1200x900.jpg 1200w\" sizes=\"auto, (max-width: 709px) 85vw, (max-width: 909px) 67vw, (max-width: 1362px) 62vw, 840px\" \/><\/figure>\n\n\n\n<figure class=\"wp-block-image size-large\"><img loading=\"lazy\" decoding=\"async\" width=\"1488\" height=\"1984\" data-id=\"30706\" src=\"https:\/\/blogs.fu-berlin.de\/bibliotheken\/files\/2022\/06\/SustainTage4.jpg\" alt=\"\" class=\"wp-image-30706\" srcset=\"https:\/\/blogs.fu-berlin.de\/bibliotheken\/files\/2022\/06\/SustainTage4.jpg 1488w, https:\/\/blogs.fu-berlin.de\/bibliotheken\/files\/2022\/06\/SustainTage4-225x300.jpg 225w, https:\/\/blogs.fu-berlin.de\/bibliotheken\/files\/2022\/06\/SustainTage4-1152x1536.jpg 1152w, https:\/\/blogs.fu-berlin.de\/bibliotheken\/files\/2022\/06\/SustainTage4-1200x1600.jpg 1200w\" sizes=\"auto, (max-width: 709px) 85vw, (max-width: 909px) 67vw, (max-width: 1362px) 62vw, 840px\" \/><\/figure>\n<\/figure>\n\n\n\n<div class=\"wp-block-columns is-layout-flex wp-container-core-columns-is-layout-9d6595d7 wp-block-columns-is-layout-flex\">\n<div class=\"wp-block-column is-layout-flow wp-block-column-is-layout-flow\" style=\"flex-basis:100%\"><\/div>\n<\/div>\n\n\n\n<p><\/p>\n\n\n\n<p>Durch verst\u00e4rkte Vernetzung an der Universit\u00e4t mit potenziellen Partner*innen und Netzwerken die sich bspw. f\u00fcr Biodiversit\u00e4t, Klimaschutz, der Bek\u00e4mpfung  von Ungleichheiten oder gegen Lebensmittelverschwendung einsetzen, k\u00f6nnen auch die Bibliotheken ihren Beitrag leisten, ein gutes Leben f\u00fcr alle zu gestalten. Welche Initiativen es dazu konkret an der Universit\u00e4t gibt, kann man nun in einem webbasierten Audiorundgang erkunden. <\/p>\n\n\n\n<p>Die neue <a href=\"http:\/\/www.tour.campus.fu-berlin.de\" data-type=\"URL\" data-id=\"www.tour.campus.fu-berlin.de\">Sustainable Campus Tour<\/a> hat insgesamt 16 Stationen auf dem Hauptcampus in Dahlem. Die L\u00e4nge des Rundgangs betr\u00e4gt etwa 10.000 Schritte oder 90 Minuten. <\/p>\n\n\n\n<hr class=\"wp-block-separator has-alpha-channel-opacity\" \/>\n\n\n\n<p>Die Sustainability Days haben in vielf\u00e4ltiger Weise eindr\u00fccklich gezeigt, dass sich vor Ort, an der Universit\u00e4t, am eignen Arbeitsplatz, im Kiez bereits viel tun l\u00e4sst, um gegen die Umwelt- und Klimakrise aktiv zu handeln. <\/p>\n\n\n\n<p>Dabei ist auch das lebenslange Leihen von B\u00fcchern durchaus ein kleiner Beitrag!<\/p>\n\n\n\n<p>Bildquellen: \u00a9 Matheo Mareski-Iffl\u00e4nder und Janet Wagner<\/p>\n","protected":false},"excerpt":{"rendered":"<p>&#8222;Zukunft selber machen!&#8220; lautete das diesj\u00e4hrige Motto der Sustainability Days, organisiert von &#8222;SUSTAIN IT!&#8220;- der Initiative f\u00fcr Nachhaltigkeit und Klimaschutz. Bei sonnigem Wetter konnten Studierende, Interessierte, Anwohner*innen, Berliner*innen vom 07. &#8211; 10.06.2022 im Bereich vor der Mensa FU II am Campus Dahlem der Freien Universit\u00e4t zum Thema &#8222;Zukunft nachhaltig gestalten&#8220; viel erfahren &amp; entdecken. Die &hellip; <a href=\"https:\/\/blogs.fu-berlin.de\/bibliotheken\/2022\/06\/16\/die-greenfubib-bei-den-sustainability-days-an-der-freien-universitaet-berlin\/\" class=\"more-link\"><span class=\"screen-reader-text\">\u201eDie GreenFUBib bei den Sustainability Days an der Freien Universit\u00e4t Berlin\u201c<\/span> weiterlesen<\/a><\/p>\n","protected":false},"author":5902,"featured_media":0,"comment_status":"open","ping_status":"open","sticky":false,"template":"","format":"standard","meta":{"footnotes":""},"categories":[9,70,603],"tags":[196703,368757,297,368753,2678,368752,2102,2572],"class_list":["post-30701","post","type-post","status-publish","format-standard","hentry","category-allgemein","category-veranstaltungen","category-vorgestellt","tag-17-ziele-fuer-nachhaltige-entwicklung","tag-agenda2030","tag-bibliothek","tag-gruene-bibliothek","tag-nachhaltigkeit","tag-sustain-it","tag-veranstaltung","tag-zukunft"],"_links":{"self":[{"href":"https:\/\/blogs.fu-berlin.de\/bibliotheken\/wp-json\/wp\/v2\/posts\/30701","targetHints":{"allow":["GET"]}}],"collection":[{"href":"https:\/\/blogs.fu-berlin.de\/bibliotheken\/wp-json\/wp\/v2\/posts"}],"about":[{"href":"https:\/\/blogs.fu-berlin.de\/bibliotheken\/wp-json\/wp\/v2\/types\/post"}],"author":[{"embeddable":true,"href":"https:\/\/blogs.fu-berlin.de\/bibliotheken\/wp-json\/wp\/v2\/users\/5902"}],"replies":[{"embeddable":true,"href":"https:\/\/blogs.fu-berlin.de\/bibliotheken\/wp-json\/wp\/v2\/comments?post=30701"}],"version-history":[{"count":9,"href":"https:\/\/blogs.fu-berlin.de\/bibliotheken\/wp-json\/wp\/v2\/posts\/30701\/revisions"}],"predecessor-version":[{"id":30719,"href":"https:\/\/blogs.fu-berlin.de\/bibliotheken\/wp-json\/wp\/v2\/posts\/30701\/revisions\/30719"}],"wp:attachment":[{"href":"https:\/\/blogs.fu-berlin.de\/bibliotheken\/wp-json\/wp\/v2\/media?parent=30701"}],"wp:term":[{"taxonomy":"category","embeddable":true,"href":"https:\/\/blogs.fu-berlin.de\/bibliotheken\/wp-json\/wp\/v2\/categories?post=30701"},{"taxonomy":"post_tag","embeddable":true,"href":"https:\/\/blogs.fu-berlin.de\/bibliotheken\/wp-json\/wp\/v2\/tags?post=30701"}],"curies":[{"name":"wp","href":"https:\/\/api.w.org\/{rel}","templated":true}]}}