{"id":30816,"date":"2022-07-08T08:18:38","date_gmt":"2022-07-08T07:18:38","guid":{"rendered":"https:\/\/blogs.fu-berlin.de\/bibliotheken\/?p=30816"},"modified":"2024-07-09T08:21:11","modified_gmt":"2024-07-09T07:21:11","slug":"ausstellung-von-forschungspostern-im-fachbereich-wirtschaftswissenschaften","status":"publish","type":"post","link":"https:\/\/blogs.fu-berlin.de\/bibliotheken\/2022\/07\/08\/ausstellung-von-forschungspostern-im-fachbereich-wirtschaftswissenschaften\/","title":{"rendered":"Ausstellung von Forschungspostern im Fachbereich Wirtschaftswissenschaften"},"content":{"rendered":"\n<p>Mit Beginn der Pr\u00e4senzlehre im Sommersemester 2022 hat die Wirtschaftswissenschaftliche Bibliothek auch den Service der <a rel=\"noreferrer noopener\" href=\"https:\/\/www.wiwiss.fu-berlin.de\/forschung\/poster\/index.html\" target=\"_blank\">Ausstellung von Forschungspostern im H\u00f6rsaaltrakt<\/a> des Fachbereichs Wirtschaftswissenschaft wieder aufgenommen.<\/p>\n\n\n\n<p>Die Forschungsposter bieten Wissenschaftler*innen eine gute M\u00f6glichkeit, aktuelle Forschungsfragen anschaulich zu dokumentieren und fr\u00fchzeitig zu ver\u00f6ffentlichen. Das Format erfreut sich gro\u00dfen Interesses bei den Forschenden, Studierenden und Besucher*innen des Fachbereichs gleicherma\u00dfen.<\/p>\n\n\n\n<p>Bereits vor der Pandemie hatte die Wirtschaftswissenschaftliche Bibliothek diesen Service \u00fcbernommen: In regelm\u00e4\u00dfigen Abst\u00e4nden (\u00fcblicherweise zu jedem Semester) laden wir die Wissenschaftler*innen des Fachbereichs dazu ein, sich um eine der sieben Plakatfl\u00e4chen zu \u201ebewerben\u201c. Vergeben werden die Fl\u00e4chen nach dem Prinzip \u201efirst come \u2013 first served\u201c.&nbsp;<\/p>\n\n\n\n<p>Die Bibliothek stellt eine Auswahl Corporate-Design-konformer Templates \/ Formatvorlagen f\u00fcr die Poster (Format Din A0) zur Verf\u00fcgung; Redaktion und Layout \u00fcbernehmen die Wissenschaftler*innen selbst. Sobald alle Poster vorliegen, sorgt die Bibliothek f\u00fcr den Ausdruck, die Rahmung und Aufh\u00e4ngung der Plakate. Im Anschluss werden alle Angeh\u00f6rigen des Fachbereichs \u00fcber die \u201eEr\u00f6ffnung\u201c der neuen Poster-Session informiert.<\/p>\n\n\n\n<p>Die Poster-Session des Sommersemesters 2022 wurde k\u00fcrzlich ver\u00f6ffentlicht. Die aktuellen Themen sind:<\/p>\n\n\n\n<ul class=\"wp-block-list\"><li>\u201eOverconfidence and the Political and Financial Behavior of a Representative Sample\u201c \u2013 Ciril Bosch-Rosa, Bernhard Kassner, Steffen Ahrens<\/li><li>\u201eThe Long Shadow of Immigration Enforcement: Evidence from Mexico\u201c \u2013 Christian Ambrosius<\/li><li>\u201eDefinitions and Measures of Corporate Reputation\u201c \u2013 Jochen Bigus, Mai K. P. Hua, Sascha Raithel<\/li><li>\u201eTeam Resilience\u201c \u2013 Silja Hartmann, Mona Weiss, Martin Hoegl, Abraham Carmeli<\/li><li>\u201eRevolution from above?\u201c \u2013 Anja Kirsch<\/li><li>\u201eA Media-based Innovation Indicator: Examining declining Technological Innovation Systems\u201c \u2013 Daniel Weiss, Fabian Nemeczek<\/li><\/ul>\n\n\n\n<p>Dar\u00fcber hinaus werden die Forschungsposter auf \u201eRefubium\u201c, dem Repositorium der FU Berlin, als <a href=\"https:\/\/refubium.fu-berlin.de\/handle\/fub188\/23056\" rel=\"noreferrer noopener\" target=\"_blank\">Schriftenreihe \u201ePoster-Sessions des Fachbereichs Wirtschaftswissenschaft. 2014 ff.\u201c<\/a> ver\u00f6ffentlicht, um sie nach dem Open-Access-Prinzip auch der Fachwelt zug\u00e4nglich zu machen.<\/p>\n\n\n\n<p>Text von Karin Reese, Leitung Wirtschaftswissenschaftliche Bibliothek<\/p>\n","protected":false},"excerpt":{"rendered":"<p>Mit Beginn der Pr\u00e4senzlehre im Sommersemester 2022 hat die Wirtschaftswissenschaftliche Bibliothek auch den Service der Ausstellung von Forschungspostern im H\u00f6rsaaltrakt des Fachbereichs Wirtschaftswissenschaft wieder aufgenommen. Die Forschungsposter bieten Wissenschaftler*innen eine gute M\u00f6glichkeit, aktuelle Forschungsfragen anschaulich zu dokumentieren und fr\u00fchzeitig zu ver\u00f6ffentlichen. Das Format erfreut sich gro\u00dfen Interesses bei den Forschenden, Studierenden und Besucher*innen des Fachbereichs &hellip; <a href=\"https:\/\/blogs.fu-berlin.de\/bibliotheken\/2022\/07\/08\/ausstellung-von-forschungspostern-im-fachbereich-wirtschaftswissenschaften\/\" class=\"more-link\"><span class=\"screen-reader-text\">\u201eAusstellung von Forschungspostern im Fachbereich Wirtschaftswissenschaften\u201c<\/span> weiterlesen<\/a><\/p>\n","protected":false},"author":3230,"featured_media":30817,"comment_status":"open","ping_status":"open","sticky":false,"template":"","format":"standard","meta":{"footnotes":""},"categories":[9],"tags":[],"class_list":["post-30816","post","type-post","status-publish","format-standard","has-post-thumbnail","hentry","category-allgemein"],"_links":{"self":[{"href":"https:\/\/blogs.fu-berlin.de\/bibliotheken\/wp-json\/wp\/v2\/posts\/30816","targetHints":{"allow":["GET"]}}],"collection":[{"href":"https:\/\/blogs.fu-berlin.de\/bibliotheken\/wp-json\/wp\/v2\/posts"}],"about":[{"href":"https:\/\/blogs.fu-berlin.de\/bibliotheken\/wp-json\/wp\/v2\/types\/post"}],"author":[{"embeddable":true,"href":"https:\/\/blogs.fu-berlin.de\/bibliotheken\/wp-json\/wp\/v2\/users\/3230"}],"replies":[{"embeddable":true,"href":"https:\/\/blogs.fu-berlin.de\/bibliotheken\/wp-json\/wp\/v2\/comments?post=30816"}],"version-history":[{"count":2,"href":"https:\/\/blogs.fu-berlin.de\/bibliotheken\/wp-json\/wp\/v2\/posts\/30816\/revisions"}],"predecessor-version":[{"id":33043,"href":"https:\/\/blogs.fu-berlin.de\/bibliotheken\/wp-json\/wp\/v2\/posts\/30816\/revisions\/33043"}],"wp:featuredmedia":[{"embeddable":true,"href":"https:\/\/blogs.fu-berlin.de\/bibliotheken\/wp-json\/wp\/v2\/media\/30817"}],"wp:attachment":[{"href":"https:\/\/blogs.fu-berlin.de\/bibliotheken\/wp-json\/wp\/v2\/media?parent=30816"}],"wp:term":[{"taxonomy":"category","embeddable":true,"href":"https:\/\/blogs.fu-berlin.de\/bibliotheken\/wp-json\/wp\/v2\/categories?post=30816"},{"taxonomy":"post_tag","embeddable":true,"href":"https:\/\/blogs.fu-berlin.de\/bibliotheken\/wp-json\/wp\/v2\/tags?post=30816"}],"curies":[{"name":"wp","href":"https:\/\/api.w.org\/{rel}","templated":true}]}}