{"id":30821,"date":"2022-07-11T08:47:58","date_gmt":"2022-07-11T07:47:58","guid":{"rendered":"https:\/\/blogs.fu-berlin.de\/bibliotheken\/?p=30821"},"modified":"2022-07-11T09:10:03","modified_gmt":"2022-07-11T08:10:03","slug":"bewusstsein-fuer-offene-lehre-und-offenes-lernen-an-hochschulen","status":"publish","type":"post","link":"https:\/\/blogs.fu-berlin.de\/bibliotheken\/2022\/07\/11\/bewusstsein-fuer-offene-lehre-und-offenes-lernen-an-hochschulen\/","title":{"rendered":"Bewusstsein f\u00fcr offene Lehre und offenes Lernen an Hochschulen"},"content":{"rendered":"\n<p>W\u00e4hrend die Offenheit von Forschung aktuell vielf\u00e4ltig diskutiert und<br>vorangetrieben wird, ist die Idee einer offenen Lehrpraxis bisher wenig<br>popul\u00e4r. Dabei stellen beispielsweise die in den letzten Jahren vermehrt in<br>den Blick geratenen \u201e<a href=\"https:\/\/open-educational-resources.de\/\" data-type=\"URL\" data-id=\"https:\/\/open-educational-resources.de\/\">Open Educational Resources<\/a>\u201c (OER), also offen<br>lizensierte Bildungsmaterialien, einen guten Ansatzpunkt f\u00fcr zeitgem\u00e4\u00dfe,<br>partizipative Lehre dar. <\/p>\n\n\n\n<p>Diese Diskussion geh\u00f6rt zur dreiteiligen Reihe &#8222;<a href=\"https:\/\/www.fu-berlin.de\/sites\/open-science\/termine\/2022-06_Open-Educational-Practices---Series.html\">Open Educational Practices &#8211; Offenheit und zeitgem\u00e4\u00dfe Hochschulbildung<\/a>&#8222;. <\/p>\n\n\n\n<p>Im letzten Teil der Reihe wird am<strong> 12.07.2022<\/strong> von 13.00 &#8211; 14.00 Uhr online eine offene Diskussionsrunde angeboten. Mit dabei sind \u00a0<a href=\"https:\/\/www.tib.eu\/de\/forschung-entwicklung\/forschungsgruppen-und-labs\/open-science\/mitarbeiterinnen-und-mitarbeiter\">Gabriele Fahrenkrog<\/a>\u00a0(Technische Informationsbibliothek, Hannover) und\u00a0<a href=\"https:\/\/www.cedis.fu-berlin.de\/cedis\/mitarbeiter\/beschaeftigte\/seckhold.html\">Sascha Eckhold<\/a>\u00a0(Universit\u00e4tsbibliothek, Freie Universit\u00e4t Berlin). <\/p>\n\n\n\n<p>In der Veranstaltung <a href=\"https:\/\/www.fu-berlin.de\/sites\/open-science\/termine\/2022-06_Open-Educational-Practices---Series.html\" data-type=\"URL\" data-id=\"https:\/\/www.fu-berlin.de\/sites\/open-science\/termine\/2022-06_Open-Educational-Practices---Series.html\">\u201eOpen Educational Practices in<br>der Diskussion<\/a>\u201c soll dar\u00fcber gesprochen werden, welche<br>Voraussetzungen f\u00fcr offene Lehrpraxis n\u00f6tig sind, wie die Verbreitung von<br>OER gef\u00f6rdert werden kann und welche Auswirkungen auf Schulen, Hochschulen und die Gesellschaft durch die \u00d6ffnung von Lehre denkbar sind.<\/p>\n\n\n\n<figure class=\"wp-block-image size-full\"><img loading=\"lazy\" decoding=\"async\" width=\"2560\" height=\"1280\" src=\"https:\/\/blogs.fu-berlin.de\/bibliotheken\/files\/2022\/07\/zulian-firmansyah-sEUAJeFn5mE-unsplash-scaled.jpg\" alt=\"\" class=\"wp-image-30823\" srcset=\"https:\/\/blogs.fu-berlin.de\/bibliotheken\/files\/2022\/07\/zulian-firmansyah-sEUAJeFn5mE-unsplash-scaled.jpg 2560w, https:\/\/blogs.fu-berlin.de\/bibliotheken\/files\/2022\/07\/zulian-firmansyah-sEUAJeFn5mE-unsplash-300x150.jpg 300w, https:\/\/blogs.fu-berlin.de\/bibliotheken\/files\/2022\/07\/zulian-firmansyah-sEUAJeFn5mE-unsplash-1536x768.jpg 1536w, https:\/\/blogs.fu-berlin.de\/bibliotheken\/files\/2022\/07\/zulian-firmansyah-sEUAJeFn5mE-unsplash-2048x1024.jpg 2048w, https:\/\/blogs.fu-berlin.de\/bibliotheken\/files\/2022\/07\/zulian-firmansyah-sEUAJeFn5mE-unsplash-1200x600.jpg 1200w\" sizes=\"auto, (max-width: 709px) 85vw, (max-width: 909px) 67vw, (max-width: 1362px) 62vw, 840px\" \/><\/figure>\n\n\n\n<p><\/p>\n\n\n\n<p>Anmeldungen sind noch m\u00f6glich unter: f.harnisch [at] fu-berlin.de<\/p>\n\n\n\n<p>Weitere M\u00f6glichkeiten, sich \u00fcber &#8222;Open Educational Resources&#8220; zu informieren gibt es in den Podcast-Folgen von <a href=\"https:\/\/open-educational-resources.de\/category\/podcasts\/\" data-type=\"URL\" data-id=\"https:\/\/open-educational-resources.de\/category\/podcasts\/\">zugehOERt!<\/a><\/p>\n\n\n\n<p><em>Bildquelle: Photo by Zulian Firmansyah on Unsplash<\/em><\/p>\n","protected":false},"excerpt":{"rendered":"<p>W\u00e4hrend die Offenheit von Forschung aktuell vielf\u00e4ltig diskutiert undvorangetrieben wird, ist die Idee einer offenen Lehrpraxis bisher wenigpopul\u00e4r. Dabei stellen beispielsweise die in den letzten Jahren vermehrt inden Blick geratenen \u201eOpen Educational Resources\u201c (OER), also offenlizensierte Bildungsmaterialien, einen guten Ansatzpunkt f\u00fcr zeitgem\u00e4\u00dfe,partizipative Lehre dar. Diese Diskussion geh\u00f6rt zur dreiteiligen Reihe &#8222;Open Educational Practices &#8211; Offenheit &hellip; <a href=\"https:\/\/blogs.fu-berlin.de\/bibliotheken\/2022\/07\/11\/bewusstsein-fuer-offene-lehre-und-offenes-lernen-an-hochschulen\/\" class=\"more-link\"><span class=\"screen-reader-text\">\u201eBewusstsein f\u00fcr offene Lehre und offenes Lernen an Hochschulen\u201c<\/span> weiterlesen<\/a><\/p>\n","protected":false},"author":5902,"featured_media":0,"comment_status":"open","ping_status":"open","sticky":false,"template":"","format":"standard","meta":{"footnotes":""},"categories":[9,70,603],"tags":[368764,2229,368766,368763,552,2228,84044],"class_list":["post-30821","post","type-post","status-publish","format-standard","hentry","category-allgemein","category-veranstaltungen","category-vorgestellt","tag-hochschulbildung","tag-oer","tag-offene-bildungsmaterialien","tag-offene-lehre","tag-open-access","tag-open-educational-resources","tag-open-science"],"_links":{"self":[{"href":"https:\/\/blogs.fu-berlin.de\/bibliotheken\/wp-json\/wp\/v2\/posts\/30821","targetHints":{"allow":["GET"]}}],"collection":[{"href":"https:\/\/blogs.fu-berlin.de\/bibliotheken\/wp-json\/wp\/v2\/posts"}],"about":[{"href":"https:\/\/blogs.fu-berlin.de\/bibliotheken\/wp-json\/wp\/v2\/types\/post"}],"author":[{"embeddable":true,"href":"https:\/\/blogs.fu-berlin.de\/bibliotheken\/wp-json\/wp\/v2\/users\/5902"}],"replies":[{"embeddable":true,"href":"https:\/\/blogs.fu-berlin.de\/bibliotheken\/wp-json\/wp\/v2\/comments?post=30821"}],"version-history":[{"count":6,"href":"https:\/\/blogs.fu-berlin.de\/bibliotheken\/wp-json\/wp\/v2\/posts\/30821\/revisions"}],"predecessor-version":[{"id":30829,"href":"https:\/\/blogs.fu-berlin.de\/bibliotheken\/wp-json\/wp\/v2\/posts\/30821\/revisions\/30829"}],"wp:attachment":[{"href":"https:\/\/blogs.fu-berlin.de\/bibliotheken\/wp-json\/wp\/v2\/media?parent=30821"}],"wp:term":[{"taxonomy":"category","embeddable":true,"href":"https:\/\/blogs.fu-berlin.de\/bibliotheken\/wp-json\/wp\/v2\/categories?post=30821"},{"taxonomy":"post_tag","embeddable":true,"href":"https:\/\/blogs.fu-berlin.de\/bibliotheken\/wp-json\/wp\/v2\/tags?post=30821"}],"curies":[{"name":"wp","href":"https:\/\/api.w.org\/{rel}","templated":true}]}}