{"id":30918,"date":"2022-08-30T16:27:16","date_gmt":"2022-08-30T15:27:16","guid":{"rendered":"https:\/\/blogs.fu-berlin.de\/bibliotheken\/?p=30918"},"modified":"2022-08-30T16:41:28","modified_gmt":"2022-08-30T15:41:28","slug":"bibliothek-fuer-sozialwissenschaften-und-osteuropastudien-verkuerzt-oeffnungszeit","status":"publish","type":"post","link":"https:\/\/blogs.fu-berlin.de\/bibliotheken\/2022\/08\/30\/bibliothek-fuer-sozialwissenschaften-und-osteuropastudien-verkuerzt-oeffnungszeit\/","title":{"rendered":"Bibliothek f\u00fcr Sozialwissenschaften und Osteuropastudien verk\u00fcrzt \u00d6ffnungszeit"},"content":{"rendered":"\n<p>Aufgrund von noch unbesetzten studentischen Hilfskraftstellen hat die&nbsp;<a href=\"https:\/\/www.polsoz.fu-berlin.de\/bibliothek\/index.html\">Bibliothek f\u00fcr Sozialwissenschaften und Osteuropastudien<\/a>&nbsp;an beiden Standorten (Ihnestr. 21 und Garystr. 55) ihre \u00d6ffnungszeit auf <strong>Montag bis Freitag 9\u201318 Uhr<\/strong> verk\u00fcrzt. Wir bitten um Ihr Verst\u00e4ndnis!<\/p>\n\n\n\n<p>Interessiert an einem Job in der Bibliothek? Gegegenw\u00e4rtig sind weitere Hilfskraftstellen in verschiedenen Bibliotheken der Freien Universit\u00e4t ausgeschrieben: <a href=\"https:\/\/www.fu-berlin.de\/sites\/ub\/ueber-uns\/stellen\/index.html\">zu den Stellangeboten<\/a><\/p>\n\n\n\n<p>(Bildquelle: Bibliothek)<\/p>\n","protected":false},"excerpt":{"rendered":"<p>Aufgrund von noch unbesetzten studentischen Hilfskraftstellen hat die&nbsp;Bibliothek f\u00fcr Sozialwissenschaften und Osteuropastudien&nbsp;an beiden Standorten (Ihnestr. 21 und Garystr. 55) ihre \u00d6ffnungszeit auf Montag bis Freitag 9\u201318 Uhr verk\u00fcrzt. Wir bitten um Ihr Verst\u00e4ndnis! Interessiert an einem Job in der Bibliothek? Gegegenw\u00e4rtig sind weitere Hilfskraftstellen in verschiedenen Bibliotheken der Freien Universit\u00e4t ausgeschrieben: zu den Stellangeboten (Bildquelle: &hellip; <a href=\"https:\/\/blogs.fu-berlin.de\/bibliotheken\/2022\/08\/30\/bibliothek-fuer-sozialwissenschaften-und-osteuropastudien-verkuerzt-oeffnungszeit\/\" class=\"more-link\"><span class=\"screen-reader-text\">\u201eBibliothek f\u00fcr Sozialwissenschaften und Osteuropastudien verk\u00fcrzt \u00d6ffnungszeit\u201c<\/span> weiterlesen<\/a><\/p>\n","protected":false},"author":293,"featured_media":30919,"comment_status":"open","ping_status":"open","sticky":false,"template":"","format":"standard","meta":{"footnotes":""},"categories":[9,600],"tags":[18539,368676,962,368777],"class_list":["post-30918","post","type-post","status-publish","format-standard","has-post-thumbnail","hentry","category-allgemein","category-fachbibliotheken","tag-bibliothek-fur-sozialwissenschaften-und-osteuropastudien","tag-oeffnungszeit","tag-osi","tag-studentenjobs"],"_links":{"self":[{"href":"https:\/\/blogs.fu-berlin.de\/bibliotheken\/wp-json\/wp\/v2\/posts\/30918","targetHints":{"allow":["GET"]}}],"collection":[{"href":"https:\/\/blogs.fu-berlin.de\/bibliotheken\/wp-json\/wp\/v2\/posts"}],"about":[{"href":"https:\/\/blogs.fu-berlin.de\/bibliotheken\/wp-json\/wp\/v2\/types\/post"}],"author":[{"embeddable":true,"href":"https:\/\/blogs.fu-berlin.de\/bibliotheken\/wp-json\/wp\/v2\/users\/293"}],"replies":[{"embeddable":true,"href":"https:\/\/blogs.fu-berlin.de\/bibliotheken\/wp-json\/wp\/v2\/comments?post=30918"}],"version-history":[{"count":4,"href":"https:\/\/blogs.fu-berlin.de\/bibliotheken\/wp-json\/wp\/v2\/posts\/30918\/revisions"}],"predecessor-version":[{"id":30923,"href":"https:\/\/blogs.fu-berlin.de\/bibliotheken\/wp-json\/wp\/v2\/posts\/30918\/revisions\/30923"}],"wp:featuredmedia":[{"embeddable":true,"href":"https:\/\/blogs.fu-berlin.de\/bibliotheken\/wp-json\/wp\/v2\/media\/30919"}],"wp:attachment":[{"href":"https:\/\/blogs.fu-berlin.de\/bibliotheken\/wp-json\/wp\/v2\/media?parent=30918"}],"wp:term":[{"taxonomy":"category","embeddable":true,"href":"https:\/\/blogs.fu-berlin.de\/bibliotheken\/wp-json\/wp\/v2\/categories?post=30918"},{"taxonomy":"post_tag","embeddable":true,"href":"https:\/\/blogs.fu-berlin.de\/bibliotheken\/wp-json\/wp\/v2\/tags?post=30918"}],"curies":[{"name":"wp","href":"https:\/\/api.w.org\/{rel}","templated":true}]}}