{"id":30991,"date":"2022-09-29T10:03:00","date_gmt":"2022-09-29T09:03:00","guid":{"rendered":"https:\/\/blogs.fu-berlin.de\/bibliotheken\/?p=30991"},"modified":"2022-10-20T11:52:16","modified_gmt":"2022-10-20T10:52:16","slug":"zentralbibliothek-startet-mit-schulungsprogramm-ins-wintersemester-2022-23","status":"publish","type":"post","link":"https:\/\/blogs.fu-berlin.de\/bibliotheken\/2022\/09\/29\/zentralbibliothek-startet-mit-schulungsprogramm-ins-wintersemester-2022-23\/","title":{"rendered":"Zentralbibliothek startet mit Schulungsprogramm ins Wintersemester 2022\/23"},"content":{"rendered":"\n<p>N\u00e4chste Woche startet die <a href=\"https:\/\/www.fu-berlin.de\/sites\/ub\">Zentralbibliothek<\/a> (Garystr. 39) auch offiziell ins Wintersemester \u2013 am Dienstag, den 4. Oktober 2022 um 16:00 Uhr findet unsere erste <a href=\"https:\/\/www.fu-berlin.de\/sites\/ub\/ueber-uns\/termine\/zitiersprechstunde2.html\" data-type=\"URL\" data-id=\"https:\/\/www.fu-berlin.de\/sites\/ub\/ueber-uns\/termine\/zitiersprechstunde2.html\">Zitiersprechstunde<\/a> als Online-Schulung statt. Als Software verwenden wir <em>Cisco Webex<\/em> (<a href=\"https:\/\/www.cedis.fu-berlin.de\/online-lehren-lernen\/tools\/cisco-webex-meeting.html\">weitere Infos)<\/a>; eine vorherige Anmeldung ist nicht erforderlich. <br>Ebenfalls am 4. Oktober um 10:30 steht die erste Ausgabe des neuen Kursformats <a href=\"https:\/\/www.fu-berlin.de\/sites\/ub\/lernangebote\/schreibzeit\/index.html\">Schreibzeit<\/a> auf dem Programm, der in Pr\u00e4senz abgehalten wird.<\/p>\n\n\n\n<p>Bis M\u00e4rz 2023 hat die Zentralbibliothek rund <a href=\"https:\/\/www.fu-berlin.de\/sites\/ub\/ueber-uns\/termine\/index.html\">70 Kurse terminiert<\/a>, \u00fcberwiegend Online-Veranstaltungen. Diese werden kostenfrei f\u00fcr FU-Angeh\u00f6rige angeboten. Auch externen Nutzer*innen steht das Angebot zur Verf\u00fcgung.<\/p>\n\n\n\n<p>Neben der Einf\u00fchrung in <em>Primo <\/em>werden folgende weitere Formate mit festen Terminen und vorheriger Anmeldung angeboten:<\/p>\n\n\n\n<ul class=\"wp-block-list\"><li><a href=\"https:\/\/www.fu-berlin.de\/sites\/ub\/ueber-uns\/termine\/ub_primo_en.html\">Introductory Course to Primo<\/a><\/li><li><a href=\"https:\/\/www.fu-berlin.de\/sites\/ub\/lernangebote\/literaturrecherche\/intensivkurs\/index.html\">Intensivkurs Recherche<\/a><\/li><li>Literaturverwaltungsprogramme (<a href=\"https:\/\/www.fu-berlin.de\/sites\/ub\/lernangebote\/literaturverwaltung\/literaturverwaltung_citavi\/index.html\">Citavi<\/a>, <a href=\"https:\/\/www.fu-berlin.de\/sites\/ub\/lernangebote\/literaturverwaltung\/literaturverwaltung_endnote\/index.html\">EndNote<\/a>, <a href=\"https:\/\/www.fu-berlin.de\/sites\/ub\/lernangebote\/literaturverwaltung\/literaturverwaltung_zotero\/index.html\">Zotero<\/a>)<\/li><li><a href=\"https:\/\/www.fu-berlin.de\/sites\/ub\/lernangebote\/literaturrecherche\/presserecherche\/index.html\">Presserecherche &amp; Fake News<\/a><\/li><li><a href=\"https:\/\/www.fu-berlin.de\/sites\/ub\/lernangebote\/literaturrecherche\/qualitaetskriterien\/index.html\">Qualit\u00e4tskriterien f\u00fcr die Literaturauswahl<\/a><\/li><li><a href=\"https:\/\/www.fu-berlin.de\/sites\/ub\/lernangebote\/literaturrecherche\/zitieren\/index.html\">Richtig Zitieren<\/a><\/li><li><a href=\"https:\/\/www.fu-berlin.de\/sites\/ub\/lernangebote\/coaching\/primo_multiplikatoren\/index.html\">Services der FU-Bibliotheken f\u00fcr Studentische Hilfkr\u00e4fte, Multiplikator*innen<\/a><\/li><li><a href=\"https:\/\/www.fu-berlin.de\/sites\/ub\/lernangebote\/literaturrecherche\/primo_gasthoerer\/index.html\">Services f\u00fcr Gasth\u00f6rerinnen und Gasth\u00f6rer<\/a><\/li><\/ul>\n\n\n\n<p>Daneben bieten wir \u2013 ohne vorherige Anmeldung \u2013 folgende Online- bzw. Pr\u00e4senz-Formate an:<\/p>\n\n\n\n<ul class=\"wp-block-list\"><li><a href=\"https:\/\/www.fu-berlin.de\/sites\/ub\/lernangebote\/coffee-lectures\/index.html\">Coffee Lecture<\/a> \u2013 15-min\u00fctige Online-Einf\u00fchrungen zu verschiedenen Themen (jeweils an einem Mittwoch, 14:00\u201314:15)<\/li><li><a href=\"https:\/\/www.fu-berlin.de\/sites\/ub\/lernangebote\/schreibzeit\/index.html\">Schreibzeit<\/a>  \u2013 <strong>neues Format<\/strong> vor Ort zur Unterst\u00fctzung beim wissenschaftlichen Schreiben (Termine von Oktober bis M\u00e4rz, wahlweise 10:00\u201312:30 oder 14:00\u201316:30)<\/li><li><a href=\"https:\/\/www.fu-berlin.de\/sites\/ub\/lernangebote\/zitiersprechstunde\/index.html\">Zitiersprechstunde<\/a> \u2013 Online-Beratung rund um den Umgang mit Quellen\/Nachweisen in wissenschaftlichen Arbeiten (jeden Dienstag, 16:00\u201317:00 Uhr)<\/li><\/ul>\n\n\n\n<p>Separat k\u00f6nnen Sie auch individuelle <a href=\"https:\/\/www.fu-berlin.de\/sites\/ub\/lernangebote\/coaching\/index.html\">Einzel-Coachings<\/a> vereinbaren bzw. Kurse zu weiteren Themen bei uns anfragen. Auch haben wir ein wachsendes Angebot an Online-Tutorials auf unserem YouTube-Channel (siehe <a href=\"https:\/\/www.fu-berlin.de\/sites\/ub\/lernangebote\/e_learning\/index.html\">Selbstlernangebote<\/a>).<\/p>\n\n\n\n<p><strong>Das gesamte Programm l\u00e4sst sich in Auswahl auch f\u00fcr Lehrveranstaltungen zum wissenschaftlichen Arbeiten oder Einf\u00fchrungsseminare integrieren. Lehrende k\u00f6nnen Inhalte und einen oder mehrere Termine direkt mit uns absprechen (E-Mail: <a href=\"mailto:auskunft@ub.fu-berlin.de\">auskunft@ub.fu-berlin.de<\/a>, Tel.: <a>(030) 838-52978<\/a>).<\/strong><\/p>\n\n\n\n<hr class=\"wp-block-separator has-alpha-channel-opacity\" \/>\n\n\n\n<p>Auch die Fachbibliotheken, das ebenfalls zur Universit\u00e4tsbibliothek geh\u00f6rige Center f\u00fcr Digitale Systeme (CeDis) sowie die ZEDAT halten zum Semesterstart und dar\u00fcber hinaus vielf\u00e4ltige Einf\u00fchrungen, Workshops, Beratungs-, Lern- und Fortbildungsangebote (in Pr\u00e4senz oder online) f\u00fcr Sie bereit. Eine \u00dcbersicht:<\/p>\n\n\n\n<ul class=\"wp-block-list\"><li><a href=\"https:\/\/www.fu-berlin.de\/sites\/campusbib\/Lernangebote-und-Fuehrungen\/index.html\">Campusbibliothek<\/a><\/li><li><a href=\"https:\/\/www.cedis.fu-berlin.de\/schulungen\/index.html\">CeDiS<\/a><\/li><li><a href=\"https:\/\/www.fu-berlin.de\/sites\/philbib\/03chulungen-fuehrungen\/index.html\">Philologische Bibliothek<\/a> (inkl. IT-Ersthilfe \/ Beratung)<\/li><li><a href=\"https:\/\/www.jura.fu-berlin.de\/bibliothek\/Veranstaltungen\/index.html\">Bibliothek Rechtswissenschaft<\/a><\/li><li><a href=\"https:\/\/www.vetmed.fu-berlin.de\/bibliothek\/dienste\/kurse\/index.html\">Veterin\u00e4rmedizinische Bibliothek<\/a><\/li><li><a href=\"https:\/\/www.wiwiss.fu-berlin.de\/bibliothek\/04Kurse\/index.html\">Wirtschaftswissenschaftliche Bibliothek<\/a><\/li><li><a href=\"https:\/\/www.polsoz.fu-berlin.de\/bibliothek\/lernangebote\/index.html\" data-type=\"URL\" data-id=\"https:\/\/www.polsoz.fu-berlin.de\/bibliothek\/lernangebote\/index.html\">Bibliothek f\u00fcr Sozialwissenschaften und Osteuropastudien<\/a><\/li><li><a href=\"https:\/\/www.jfki.fu-berlin.de\/library\/service\/library_guides\/index.html\" data-type=\"URL\" data-id=\"https:\/\/www.jfki.fu-berlin.de\/library\/service\/library_guides\/index.html\">Bibliothek des John-F.-Kennedy-Instituts f\u00fcr Nordamerikastudien<\/a><\/li><li><a href=\"https:\/\/www.zedat.fu-berlin.de\/Schulung\/ABV-Module\">ZEDAT<\/a> \u2013 Online-Module f\u00fcr die Allgemeine Berufsvorbereitung (ABV); die Kurse des Moduls &#8222;Informationskompetenz&#8220; (<a href=\"https:\/\/www.fu-berlin.de\/vv\/de\/lv\/768810?m=348809&amp;pc=479784&amp;sm=727423\" data-type=\"URL\" data-id=\"https:\/\/www.fu-berlin.de\/vv\/de\/lv\/768810?m=348809&amp;pc=479784&amp;sm=727423\">5531D11<\/a> \/ <a href=\"https:\/\/www.fu-berlin.de\/vv\/de\/lv\/768811?m=348809&amp;pc=479784&amp;sm=727423\" data-type=\"URL\" data-id=\"https:\/\/www.fu-berlin.de\/vv\/de\/lv\/768811?m=348809&amp;pc=479784&amp;sm=727423\">5531D21 <\/a>\/ <a href=\"https:\/\/www.fu-berlin.de\/vv\/de\/lv\/767729?m=348809&amp;pc=479784&amp;sm=727423\" data-type=\"URL\" data-id=\"https:\/\/www.fu-berlin.de\/vv\/de\/lv\/767729?m=348809&amp;pc=479784&amp;sm=727423\">5531D31<\/a>) werden in Kooperation mit der Universit\u00e4tsbibliothek angeboten<\/li><\/ul>\n\n\n\n<hr class=\"wp-block-separator has-alpha-channel-opacity\" \/>\n\n\n\n<p>Aktuelle Informationen rund um das Serviceangebot der Universit\u00e4tsbibliothek &amp; mehr finden Sie jederzeit auch auf unserem <a href=\"https:\/\/www.instagram.com\/biblio_fuberlin\/\">Instagram-<\/a> und <a href=\"https:\/\/twitter.com\/Biblio_fuberlin\">Twitter<\/a>-Kanal. Wir freuen uns auf Sie \u2013 und w\u00fcnschen Ihnen einen guten Start ins Wintersemester 2022\/23!<\/p>\n\n\n\n<hr class=\"wp-block-separator has-alpha-channel-opacity\" \/>\n\n\n\n<p><em><strong>UPDATE &#8211;<\/strong> Hinweis der Redaktion: In einer fr\u00fcheren Version dieses Artikels war im ersten Absatz der Kurs &#8222;Recherchieren im Bibliotheksportal Primo&#8220; am Dienstag, den 4. Oktober 2022 um 13:00 Uhr erw\u00e4hnt. Dieser Kurs muss aus Krankheitsgr\u00fcnden jedoch leider entfallen. Der entsprechende Absatz wurde aktualisiert. <\/em><\/p>\n","protected":false},"excerpt":{"rendered":"<p>N\u00e4chste Woche startet die Zentralbibliothek (Garystr. 39) auch offiziell ins Wintersemester \u2013 am Dienstag, den 4. Oktober 2022 um 16:00 Uhr findet unsere erste Zitiersprechstunde als Online-Schulung statt. Als Software verwenden wir Cisco Webex (weitere Infos); eine vorherige Anmeldung ist nicht erforderlich. Ebenfalls am 4. Oktober um 10:30 steht die erste Ausgabe des neuen Kursformats &hellip; <a href=\"https:\/\/blogs.fu-berlin.de\/bibliotheken\/2022\/09\/29\/zentralbibliothek-startet-mit-schulungsprogramm-ins-wintersemester-2022-23\/\" class=\"more-link\"><span class=\"screen-reader-text\">\u201eZentralbibliothek startet mit Schulungsprogramm ins Wintersemester 2022\/23\u201c<\/span> weiterlesen<\/a><\/p>\n","protected":false},"author":293,"featured_media":29908,"comment_status":"open","ping_status":"open","sticky":false,"template":"","format":"standard","meta":{"footnotes":""},"categories":[9,600,491,518,493,601,70],"tags":[433,318277,368743,940,1859,1053,368782,317875,368781,322,25],"class_list":["post-30991","post","type-post","status-publish","format-standard","has-post-thumbnail","hentry","category-allgemein","category-fachbibliotheken","category-lernangebote-kurse","category-fu-kataloge","category-recherchetipps","category-universitatsbibliothek","category-veranstaltungen","tag-cedis","tag-cisco","tag-coffee-lecture","tag-kursprogramm","tag-literaturverwaltung","tag-recherche","tag-schreibberatung","tag-webex","tag-wintersemester-2022-23","tag-zedat","tag-zitieren"],"_links":{"self":[{"href":"https:\/\/blogs.fu-berlin.de\/bibliotheken\/wp-json\/wp\/v2\/posts\/30991","targetHints":{"allow":["GET"]}}],"collection":[{"href":"https:\/\/blogs.fu-berlin.de\/bibliotheken\/wp-json\/wp\/v2\/posts"}],"about":[{"href":"https:\/\/blogs.fu-berlin.de\/bibliotheken\/wp-json\/wp\/v2\/types\/post"}],"author":[{"embeddable":true,"href":"https:\/\/blogs.fu-berlin.de\/bibliotheken\/wp-json\/wp\/v2\/users\/293"}],"replies":[{"embeddable":true,"href":"https:\/\/blogs.fu-berlin.de\/bibliotheken\/wp-json\/wp\/v2\/comments?post=30991"}],"version-history":[{"count":19,"href":"https:\/\/blogs.fu-berlin.de\/bibliotheken\/wp-json\/wp\/v2\/posts\/30991\/revisions"}],"predecessor-version":[{"id":31091,"href":"https:\/\/blogs.fu-berlin.de\/bibliotheken\/wp-json\/wp\/v2\/posts\/30991\/revisions\/31091"}],"wp:featuredmedia":[{"embeddable":true,"href":"https:\/\/blogs.fu-berlin.de\/bibliotheken\/wp-json\/wp\/v2\/media\/29908"}],"wp:attachment":[{"href":"https:\/\/blogs.fu-berlin.de\/bibliotheken\/wp-json\/wp\/v2\/media?parent=30991"}],"wp:term":[{"taxonomy":"category","embeddable":true,"href":"https:\/\/blogs.fu-berlin.de\/bibliotheken\/wp-json\/wp\/v2\/categories?post=30991"},{"taxonomy":"post_tag","embeddable":true,"href":"https:\/\/blogs.fu-berlin.de\/bibliotheken\/wp-json\/wp\/v2\/tags?post=30991"}],"curies":[{"name":"wp","href":"https:\/\/api.w.org\/{rel}","templated":true}]}}