{"id":31018,"date":"2022-10-03T10:15:00","date_gmt":"2022-10-03T09:15:00","guid":{"rendered":"https:\/\/blogs.fu-berlin.de\/bibliotheken\/?p=31018"},"modified":"2022-09-30T10:38:59","modified_gmt":"2022-09-30T09:38:59","slug":"zentralbibliothek-am-12-10-2022-ganztaegig-geschlossen","status":"publish","type":"post","link":"https:\/\/blogs.fu-berlin.de\/bibliotheken\/2022\/10\/03\/zentralbibliothek-am-12-10-2022-ganztaegig-geschlossen\/","title":{"rendered":"Zentralbibliothek am 12.10.2022 ganzt\u00e4gig geschlossen"},"content":{"rendered":"\n<figure class=\"wp-block-image size-full\"><img loading=\"lazy\" decoding=\"async\" width=\"2560\" height=\"1709\" src=\"https:\/\/blogs.fu-berlin.de\/bibliotheken\/files\/2022\/09\/Zentralbibliothek_Aussenansicht_Bernd-Wannenmacher-scaled.jpg\" alt=\"\" class=\"wp-image-31019\" srcset=\"https:\/\/blogs.fu-berlin.de\/bibliotheken\/files\/2022\/09\/Zentralbibliothek_Aussenansicht_Bernd-Wannenmacher-scaled.jpg 2560w, https:\/\/blogs.fu-berlin.de\/bibliotheken\/files\/2022\/09\/Zentralbibliothek_Aussenansicht_Bernd-Wannenmacher-300x200.jpg 300w, https:\/\/blogs.fu-berlin.de\/bibliotheken\/files\/2022\/09\/Zentralbibliothek_Aussenansicht_Bernd-Wannenmacher-1536x1025.jpg 1536w, https:\/\/blogs.fu-berlin.de\/bibliotheken\/files\/2022\/09\/Zentralbibliothek_Aussenansicht_Bernd-Wannenmacher-2048x1367.jpg 2048w, https:\/\/blogs.fu-berlin.de\/bibliotheken\/files\/2022\/09\/Zentralbibliothek_Aussenansicht_Bernd-Wannenmacher-1200x801.jpg 1200w\" sizes=\"auto, (max-width: 709px) 85vw, (max-width: 909px) 67vw, (max-width: 1362px) 62vw, 840px\" \/><\/figure>\n\n\n\n<p><\/p>\n\n\n\n<p>Die Zentralbibliothek in der Garystr. 39 hat am Mittwoch, den 12.10.2022 ganzt\u00e4gig wegen einer internen Veranstaltung geschlossen. <\/p>\n\n\n\n<p>Wir bitten um Verst\u00e4ndnis. Alle anderen <a href=\"https:\/\/www.fu-berlin.de\/sites\/bibliotheken\/bibliothekenfuehrer\/bereiche\/index.html\" data-type=\"URL\" data-id=\"https:\/\/www.fu-berlin.de\/sites\/bibliotheken\/bibliothekenfuehrer\/bereiche\/index.html\">Bibliotheken<\/a> der Universit\u00e4tsbibliothek haben zu den aktuellen Zeiten ge\u00f6ffnet. <\/p>\n\n\n\n<hr class=\"wp-block-separator has-alpha-channel-opacity\" \/>\n\n\n\n<p>The Central Library Garystr. 39 will be closed all day on Wednesday, 12.10.2022 for an internal event.<\/p>\n\n\n\n<p>We ask for your understanding. All other <a href=\"https:\/\/www.fu-berlin.de\/en\/sites\/bibliotheken\/bibliothekenfuehrer\/bereiche\/index.html\" data-type=\"URL\" data-id=\"https:\/\/www.fu-berlin.de\/en\/sites\/bibliotheken\/bibliothekenfuehrer\/bereiche\/index.html\">libraries of the University Library <\/a>are open at the current times.<\/p>\n\n\n\n<p>Bildquelle: Bernd Wannenmacher <\/p>\n\n\n\n<p><\/p>\n","protected":false},"excerpt":{"rendered":"<p>Die Zentralbibliothek in der Garystr. 39 hat am Mittwoch, den 12.10.2022 ganzt\u00e4gig wegen einer internen Veranstaltung geschlossen. Wir bitten um Verst\u00e4ndnis. Alle anderen Bibliotheken der Universit\u00e4tsbibliothek haben zu den aktuellen Zeiten ge\u00f6ffnet. The Central Library Garystr. 39 will be closed all day on Wednesday, 12.10.2022 for an internal event. We ask for your understanding. All &hellip; <a href=\"https:\/\/blogs.fu-berlin.de\/bibliotheken\/2022\/10\/03\/zentralbibliothek-am-12-10-2022-ganztaegig-geschlossen\/\" class=\"more-link\"><span class=\"screen-reader-text\">\u201eZentralbibliothek am 12.10.2022 ganzt\u00e4gig geschlossen\u201c<\/span> weiterlesen<\/a><\/p>\n","protected":false},"author":5902,"featured_media":0,"comment_status":"open","ping_status":"open","sticky":false,"template":"","format":"standard","meta":{"footnotes":""},"categories":[9],"tags":[],"class_list":["post-31018","post","type-post","status-publish","format-standard","hentry","category-allgemein"],"_links":{"self":[{"href":"https:\/\/blogs.fu-berlin.de\/bibliotheken\/wp-json\/wp\/v2\/posts\/31018","targetHints":{"allow":["GET"]}}],"collection":[{"href":"https:\/\/blogs.fu-berlin.de\/bibliotheken\/wp-json\/wp\/v2\/posts"}],"about":[{"href":"https:\/\/blogs.fu-berlin.de\/bibliotheken\/wp-json\/wp\/v2\/types\/post"}],"author":[{"embeddable":true,"href":"https:\/\/blogs.fu-berlin.de\/bibliotheken\/wp-json\/wp\/v2\/users\/5902"}],"replies":[{"embeddable":true,"href":"https:\/\/blogs.fu-berlin.de\/bibliotheken\/wp-json\/wp\/v2\/comments?post=31018"}],"version-history":[{"count":3,"href":"https:\/\/blogs.fu-berlin.de\/bibliotheken\/wp-json\/wp\/v2\/posts\/31018\/revisions"}],"predecessor-version":[{"id":31022,"href":"https:\/\/blogs.fu-berlin.de\/bibliotheken\/wp-json\/wp\/v2\/posts\/31018\/revisions\/31022"}],"wp:attachment":[{"href":"https:\/\/blogs.fu-berlin.de\/bibliotheken\/wp-json\/wp\/v2\/media?parent=31018"}],"wp:term":[{"taxonomy":"category","embeddable":true,"href":"https:\/\/blogs.fu-berlin.de\/bibliotheken\/wp-json\/wp\/v2\/categories?post=31018"},{"taxonomy":"post_tag","embeddable":true,"href":"https:\/\/blogs.fu-berlin.de\/bibliotheken\/wp-json\/wp\/v2\/tags?post=31018"}],"curies":[{"name":"wp","href":"https:\/\/api.w.org\/{rel}","templated":true}]}}