{"id":31033,"date":"2022-10-10T18:02:09","date_gmt":"2022-10-10T17:02:09","guid":{"rendered":"https:\/\/blogs.fu-berlin.de\/bibliotheken\/?p=31033"},"modified":"2022-10-10T18:02:09","modified_gmt":"2022-10-10T17:02:09","slug":"soft-opening-der-wirtschaftswissenschaftlichen-bibliothek","status":"publish","type":"post","link":"https:\/\/blogs.fu-berlin.de\/bibliotheken\/2022\/10\/10\/soft-opening-der-wirtschaftswissenschaftlichen-bibliothek\/","title":{"rendered":"&#8222;Soft-Opening&#8220; der Wirtschaftswissenschaftlichen Bibliothek"},"content":{"rendered":"\n<p>Endlich ist es soweit: Ab heute ist die <a href=\"https:\/\/www.wiwiss.fu-berlin.de\/bibliothek\/index.html\">Wirtschaftswissenschaftliche Bibliothek<\/a> wieder im Erdgescho\u00df der Garystra\u00dfe 21 ge\u00f6ffnet. Die Bibliothek wurde nach mehr als zweij\u00e4hriger Zeit der Sanierung und des Umbaus zu <a href=\"https:\/\/www.wiwiss.fu-berlin.de\/bibliothek\/allgemeines\/Umbau\/Chronik\/Endlich-Eroeffnung.html\">einem modernen und attraktiven Lernort<\/a> weiterentwickelt. Die Schaffung weiterer Gruppenarbeitspl\u00e4tze mit moderner Medientechnik, die Einrichtung eines multifunktionalen Schulungs- und Pr\u00e4sentationsraumes und einer Lounge in hellen, licht-durchfluteten R\u00e4umen sind wesentliche Elemente der neuen Bibliothek. Der teilweise retrospektive Innenausbau, kombiniert mit dem Einsatz modernster Technik, bietet insbesondere den Studierenden einen modernen und hoch funktionalen Lernort.<\/p>\n\n\n\n<p>Die offizielle Einweihung (&#8222;Grand-Opening&#8220;) feiert die Bibliothek im Laufe des Wintersemesters 2022\/2023.<\/p>\n\n\n\n<p>(Bildquelle: Werner Huthmacher)<\/p>\n\n\n\n<p><em>Vielen Dank f\u00fcr den Beitrag an Karin Reese, Leiterin der Wirtschaftswissenschaftlichen Bibliothek.<\/em><\/p>\n","protected":false},"excerpt":{"rendered":"<p>Endlich ist es soweit: Ab heute ist die Wirtschaftswissenschaftliche Bibliothek wieder im Erdgescho\u00df der Garystra\u00dfe 21 ge\u00f6ffnet. Die Bibliothek wurde nach mehr als zweij\u00e4hriger Zeit der Sanierung und des Umbaus zu einem modernen und attraktiven Lernort weiterentwickelt. Die Schaffung weiterer Gruppenarbeitspl\u00e4tze mit moderner Medientechnik, die Einrichtung eines multifunktionalen Schulungs- und Pr\u00e4sentationsraumes und einer Lounge in &hellip; <a href=\"https:\/\/blogs.fu-berlin.de\/bibliotheken\/2022\/10\/10\/soft-opening-der-wirtschaftswissenschaftlichen-bibliothek\/\" class=\"more-link\"><span class=\"screen-reader-text\">\u201e&#8222;Soft-Opening&#8220; der Wirtschaftswissenschaftlichen Bibliothek\u201c<\/span> weiterlesen<\/a><\/p>\n","protected":false},"author":293,"featured_media":31034,"comment_status":"open","ping_status":"open","sticky":false,"template":"","format":"standard","meta":{"footnotes":""},"categories":[9,600],"tags":[364803,457799,2227,457800,891,822],"class_list":["post-31033","post","type-post","status-publish","format-standard","has-post-thumbnail","hentry","category-allgemein","category-fachbibliotheken","tag-arbeitsplaetze","tag-lernort","tag-sanierung","tag-soft-opening","tag-umbau","tag-wirtschaftswissenschaftliche-bibliothek"],"_links":{"self":[{"href":"https:\/\/blogs.fu-berlin.de\/bibliotheken\/wp-json\/wp\/v2\/posts\/31033","targetHints":{"allow":["GET"]}}],"collection":[{"href":"https:\/\/blogs.fu-berlin.de\/bibliotheken\/wp-json\/wp\/v2\/posts"}],"about":[{"href":"https:\/\/blogs.fu-berlin.de\/bibliotheken\/wp-json\/wp\/v2\/types\/post"}],"author":[{"embeddable":true,"href":"https:\/\/blogs.fu-berlin.de\/bibliotheken\/wp-json\/wp\/v2\/users\/293"}],"replies":[{"embeddable":true,"href":"https:\/\/blogs.fu-berlin.de\/bibliotheken\/wp-json\/wp\/v2\/comments?post=31033"}],"version-history":[{"count":3,"href":"https:\/\/blogs.fu-berlin.de\/bibliotheken\/wp-json\/wp\/v2\/posts\/31033\/revisions"}],"predecessor-version":[{"id":31037,"href":"https:\/\/blogs.fu-berlin.de\/bibliotheken\/wp-json\/wp\/v2\/posts\/31033\/revisions\/31037"}],"wp:featuredmedia":[{"embeddable":true,"href":"https:\/\/blogs.fu-berlin.de\/bibliotheken\/wp-json\/wp\/v2\/media\/31034"}],"wp:attachment":[{"href":"https:\/\/blogs.fu-berlin.de\/bibliotheken\/wp-json\/wp\/v2\/media?parent=31033"}],"wp:term":[{"taxonomy":"category","embeddable":true,"href":"https:\/\/blogs.fu-berlin.de\/bibliotheken\/wp-json\/wp\/v2\/categories?post=31033"},{"taxonomy":"post_tag","embeddable":true,"href":"https:\/\/blogs.fu-berlin.de\/bibliotheken\/wp-json\/wp\/v2\/tags?post=31033"}],"curies":[{"name":"wp","href":"https:\/\/api.w.org\/{rel}","templated":true}]}}