{"id":31094,"date":"2022-11-01T10:55:42","date_gmt":"2022-11-01T09:55:42","guid":{"rendered":"https:\/\/blogs.fu-berlin.de\/bibliotheken\/?p=31094"},"modified":"2022-11-02T09:52:05","modified_gmt":"2022-11-02T08:52:05","slug":"philologische-bibliothek-verlaengert-ab-31-oktober-oeffnungszeit","status":"publish","type":"post","link":"https:\/\/blogs.fu-berlin.de\/bibliotheken\/2022\/11\/01\/philologische-bibliothek-verlaengert-ab-31-oktober-oeffnungszeit\/","title":{"rendered":"Philologische Bibliothek verl\u00e4ngert ab 31. Oktober \u00d6ffnungszeit"},"content":{"rendered":"\n<p>Seit <strong>Montag, dem 31.10.2022<\/strong>, hat die <a href=\"https:\/\/www.fu-berlin.de\/sites\/philbib\/index.html\">Philologischen Bibliothek<\/a> ihre \u00d6ffnungszeit erweitert. Der Standort an der Habelschwerdter Allee 45 hat ab dieser Woche von Montag bis Freitag 9:00 bis 20:00 Uhr ge\u00f6ffnet. Zuvor konnte die Bibliothek ab 10:00 Uhr besucht werden.<\/p>\n\n\n\n<p>Wir freuen uns, Ihnen unter der Woche einige Stunden l\u00e4nger unsere Services anbieten zu k\u00f6nnen.<\/p>\n","protected":false},"excerpt":{"rendered":"<p>Seit Montag, dem 31.10.2022, hat die Philologischen Bibliothek ihre \u00d6ffnungszeit erweitert. Der Standort an der Habelschwerdter Allee 45 hat ab dieser Woche von Montag bis Freitag 9:00 bis 20:00 Uhr ge\u00f6ffnet. Zuvor konnte die Bibliothek ab 10:00 Uhr besucht werden. Wir freuen uns, Ihnen unter der Woche einige Stunden l\u00e4nger unsere Services anbieten zu k\u00f6nnen.<\/p>\n","protected":false},"author":293,"featured_media":30835,"comment_status":"open","ping_status":"open","sticky":false,"template":"","format":"standard","meta":{"footnotes":""},"categories":[9,600],"tags":[641,515],"class_list":["post-31094","post","type-post","status-publish","format-standard","has-post-thumbnail","hentry","category-allgemein","category-fachbibliotheken","tag-offnungszeiten","tag-philologische-bibliothek"],"_links":{"self":[{"href":"https:\/\/blogs.fu-berlin.de\/bibliotheken\/wp-json\/wp\/v2\/posts\/31094","targetHints":{"allow":["GET"]}}],"collection":[{"href":"https:\/\/blogs.fu-berlin.de\/bibliotheken\/wp-json\/wp\/v2\/posts"}],"about":[{"href":"https:\/\/blogs.fu-berlin.de\/bibliotheken\/wp-json\/wp\/v2\/types\/post"}],"author":[{"embeddable":true,"href":"https:\/\/blogs.fu-berlin.de\/bibliotheken\/wp-json\/wp\/v2\/users\/293"}],"replies":[{"embeddable":true,"href":"https:\/\/blogs.fu-berlin.de\/bibliotheken\/wp-json\/wp\/v2\/comments?post=31094"}],"version-history":[{"count":2,"href":"https:\/\/blogs.fu-berlin.de\/bibliotheken\/wp-json\/wp\/v2\/posts\/31094\/revisions"}],"predecessor-version":[{"id":31096,"href":"https:\/\/blogs.fu-berlin.de\/bibliotheken\/wp-json\/wp\/v2\/posts\/31094\/revisions\/31096"}],"wp:featuredmedia":[{"embeddable":true,"href":"https:\/\/blogs.fu-berlin.de\/bibliotheken\/wp-json\/wp\/v2\/media\/30835"}],"wp:attachment":[{"href":"https:\/\/blogs.fu-berlin.de\/bibliotheken\/wp-json\/wp\/v2\/media?parent=31094"}],"wp:term":[{"taxonomy":"category","embeddable":true,"href":"https:\/\/blogs.fu-berlin.de\/bibliotheken\/wp-json\/wp\/v2\/categories?post=31094"},{"taxonomy":"post_tag","embeddable":true,"href":"https:\/\/blogs.fu-berlin.de\/bibliotheken\/wp-json\/wp\/v2\/tags?post=31094"}],"curies":[{"name":"wp","href":"https:\/\/api.w.org\/{rel}","templated":true}]}}