{"id":31097,"date":"2022-11-03T11:42:19","date_gmt":"2022-11-03T10:42:19","guid":{"rendered":"https:\/\/blogs.fu-berlin.de\/bibliotheken\/?p=31097"},"modified":"2022-11-10T13:11:20","modified_gmt":"2022-11-10T12:11:20","slug":"lesesaal-der-zentralbibliothek-vom-8-bis-9-november-geschlossen","status":"publish","type":"post","link":"https:\/\/blogs.fu-berlin.de\/bibliotheken\/2022\/11\/03\/lesesaal-der-zentralbibliothek-vom-8-bis-9-november-geschlossen\/","title":{"rendered":"Lesesaal der Zentralbibliothek vom 8. bis 9. November geschlossen"},"content":{"rendered":"\n<p>Aufgrund von Bauma\u00dfnahmen in der <a href=\"https:\/\/www.fu-berlin.de\/sites\/ub\/index.html\">Zentralbibliothek<\/a> (Garystr. 39) muss der Lesesaal im 2. Stock inklusive aller anh\u00e4ngenden R\u00e4ume (Coworking-Bereich, Labs, Kopierer\/Scanner) <strong>vom 8. bis 9. November 2022 (Dienstag\u2013Mittwoch)<\/strong> geschlossen bleiben. Auch entf\u00e4llt f\u00fcr diesen Zeitraum die telefonische Auskunft. Der erste Stock mit der Leihstelle sowie Einzel- und Gruppenarbeitspl\u00e4tzen ist nicht von der Schlie\u00dfung betroffen.<\/p>\n\n\n\n<p>Wir bitten um Ihr Verst\u00e4ndnis.<\/p>\n\n\n\n<hr class=\"wp-block-separator has-alpha-channel-opacity\" \/>\n\n\n\n<p>For constructional reasons the reading room on the 2nd floor of the <a href=\"https:\/\/www.fu-berlin.de\/en\/sites\/ub\/index.html\">Central Library<\/a> (Garystr. 39) will be closed <strong>from November 8\u20139, 2022 (Tuesday\u2013Wednesday)<\/strong>. Also all attached rooms on this floor (coworking area, labs, copiers\/scanners) remain closed on these two days. There will also be no telephone information on the number 838-511 11 for this period. The first floor with the circulation desk and workspaces is not affected by the closure.<\/p>\n\n\n\n<p>We appreciate your understanding.<\/p>\n","protected":false},"excerpt":{"rendered":"<p>Aufgrund von Bauma\u00dfnahmen in der Zentralbibliothek (Garystr. 39) muss der Lesesaal im 2. Stock inklusive aller anh\u00e4ngenden R\u00e4ume (Coworking-Bereich, Labs, Kopierer\/Scanner) vom 8. bis 9. November 2022 (Dienstag\u2013Mittwoch) geschlossen bleiben. Auch entf\u00e4llt f\u00fcr diesen Zeitraum die telefonische Auskunft. Der erste Stock mit der Leihstelle sowie Einzel- und Gruppenarbeitspl\u00e4tzen ist nicht von der Schlie\u00dfung betroffen. Wir &hellip; <a href=\"https:\/\/blogs.fu-berlin.de\/bibliotheken\/2022\/11\/03\/lesesaal-der-zentralbibliothek-vom-8-bis-9-november-geschlossen\/\" class=\"more-link\"><span class=\"screen-reader-text\">\u201eLesesaal der Zentralbibliothek vom 8. bis 9. November geschlossen\u201c<\/span> weiterlesen<\/a><\/p>\n","protected":false},"author":293,"featured_media":31099,"comment_status":"open","ping_status":"open","sticky":false,"template":"","format":"standard","meta":{"footnotes":""},"categories":[9],"tags":[368675,457803,728,776],"class_list":["post-31097","post","type-post","status-publish","format-standard","has-post-thumbnail","hentry","category-allgemein","tag-garystr-39","tag-geschlossen","tag-lesesaal","tag-zentralbibliothek"],"_links":{"self":[{"href":"https:\/\/blogs.fu-berlin.de\/bibliotheken\/wp-json\/wp\/v2\/posts\/31097","targetHints":{"allow":["GET"]}}],"collection":[{"href":"https:\/\/blogs.fu-berlin.de\/bibliotheken\/wp-json\/wp\/v2\/posts"}],"about":[{"href":"https:\/\/blogs.fu-berlin.de\/bibliotheken\/wp-json\/wp\/v2\/types\/post"}],"author":[{"embeddable":true,"href":"https:\/\/blogs.fu-berlin.de\/bibliotheken\/wp-json\/wp\/v2\/users\/293"}],"replies":[{"embeddable":true,"href":"https:\/\/blogs.fu-berlin.de\/bibliotheken\/wp-json\/wp\/v2\/comments?post=31097"}],"version-history":[{"count":1,"href":"https:\/\/blogs.fu-berlin.de\/bibliotheken\/wp-json\/wp\/v2\/posts\/31097\/revisions"}],"predecessor-version":[{"id":31098,"href":"https:\/\/blogs.fu-berlin.de\/bibliotheken\/wp-json\/wp\/v2\/posts\/31097\/revisions\/31098"}],"wp:featuredmedia":[{"embeddable":true,"href":"https:\/\/blogs.fu-berlin.de\/bibliotheken\/wp-json\/wp\/v2\/media\/31099"}],"wp:attachment":[{"href":"https:\/\/blogs.fu-berlin.de\/bibliotheken\/wp-json\/wp\/v2\/media?parent=31097"}],"wp:term":[{"taxonomy":"category","embeddable":true,"href":"https:\/\/blogs.fu-berlin.de\/bibliotheken\/wp-json\/wp\/v2\/categories?post=31097"},{"taxonomy":"post_tag","embeddable":true,"href":"https:\/\/blogs.fu-berlin.de\/bibliotheken\/wp-json\/wp\/v2\/tags?post=31097"}],"curies":[{"name":"wp","href":"https:\/\/api.w.org\/{rel}","templated":true}]}}