{"id":31131,"date":"2022-11-10T13:18:32","date_gmt":"2022-11-10T12:18:32","guid":{"rendered":"https:\/\/blogs.fu-berlin.de\/bibliotheken\/?p=31131"},"modified":"2022-11-11T16:28:17","modified_gmt":"2022-11-11T15:28:17","slug":"industrial-style-im-lesesaal-der-zentralbibliothek","status":"publish","type":"post","link":"https:\/\/blogs.fu-berlin.de\/bibliotheken\/2022\/11\/10\/industrial-style-im-lesesaal-der-zentralbibliothek\/","title":{"rendered":"&#8222;Industrial Style&#8220; im Lesesaal der Zentralbibliothek"},"content":{"rendered":"\n<p>Der gro\u00dfe Lesesaal der <a href=\"https:\/\/www.fu-berlin.de\/sites\/ub\/\">Zentralbibliothek<\/a> in der Garystra\u00dfe 39 f\u00e4llt seit heute mit einem etwas ungew\u00f6hnlichen Look auf: an beiden Seiten der Galerie finden sich rohe Ger\u00fcstst\u00fctzen unterhalb der geschwungenen Dachbinder aus Naturholz. Was ist passiert?<br>Das mittlerweile \u00fcber 20 Jahre alte Glasdach wird durch eine Holzkonstruktion getragen. Dieses Holz hat an einigen Stellen erste, sichtbare Risse. Nach Urteil von Statiker*innen, Holzgutachter*innen und Architekt*innen k\u00f6nnten diese wiederum zu einer verminderten Traglast bei erh\u00f6hter Belastung f\u00fchren, z. B. bei starkem Schneefall. Aus diesem Grund werden die Balken nun vorsorglich gest\u00fctzt, wozu die zweit\u00e4gige Schlie\u00dfung vom 8. bis 9. November 2022 n\u00f6tig war.<br><br>Eine komplette Sanierung des Daches ist bereits seit l\u00e4ngerer Zeit beabsichtigt und wird jetzt geplant. Wir werden Sie im Blog und auf unseren Social-Media-Kan\u00e4len \u00fcber die weiteren Planungen auf dem Laufenden halten.<\/p>\n\n\n\n<p class=\"has-small-font-size\">(Text: Andrea Ketterl, Bild: Marc Spieseke)<\/p>\n","protected":false},"excerpt":{"rendered":"<p>Der gro\u00dfe Lesesaal der Zentralbibliothek in der Garystra\u00dfe 39 f\u00e4llt seit heute mit einem etwas ungew\u00f6hnlichen Look auf: an beiden Seiten der Galerie finden sich rohe Ger\u00fcstst\u00fctzen unterhalb der geschwungenen Dachbinder aus Naturholz. Was ist passiert?Das mittlerweile \u00fcber 20 Jahre alte Glasdach wird durch eine Holzkonstruktion getragen. Dieses Holz hat an einigen Stellen erste, sichtbare &hellip; <a href=\"https:\/\/blogs.fu-berlin.de\/bibliotheken\/2022\/11\/10\/industrial-style-im-lesesaal-der-zentralbibliothek\/\" class=\"more-link\"><span class=\"screen-reader-text\">\u201e&#8222;Industrial Style&#8220; im Lesesaal der Zentralbibliothek\u201c<\/span> weiterlesen<\/a><\/p>\n","protected":false},"author":293,"featured_media":31140,"comment_status":"open","ping_status":"open","sticky":false,"template":"","format":"standard","meta":{"footnotes":""},"categories":[9,601],"tags":[457808,457809,728,2227,776],"class_list":["post-31131","post","type-post","status-publish","format-standard","has-post-thumbnail","hentry","category-allgemein","category-universitatsbibliothek","tag-dach","tag-geruest","tag-lesesaal","tag-sanierung","tag-zentralbibliothek"],"_links":{"self":[{"href":"https:\/\/blogs.fu-berlin.de\/bibliotheken\/wp-json\/wp\/v2\/posts\/31131","targetHints":{"allow":["GET"]}}],"collection":[{"href":"https:\/\/blogs.fu-berlin.de\/bibliotheken\/wp-json\/wp\/v2\/posts"}],"about":[{"href":"https:\/\/blogs.fu-berlin.de\/bibliotheken\/wp-json\/wp\/v2\/types\/post"}],"author":[{"embeddable":true,"href":"https:\/\/blogs.fu-berlin.de\/bibliotheken\/wp-json\/wp\/v2\/users\/293"}],"replies":[{"embeddable":true,"href":"https:\/\/blogs.fu-berlin.de\/bibliotheken\/wp-json\/wp\/v2\/comments?post=31131"}],"version-history":[{"count":10,"href":"https:\/\/blogs.fu-berlin.de\/bibliotheken\/wp-json\/wp\/v2\/posts\/31131\/revisions"}],"predecessor-version":[{"id":31146,"href":"https:\/\/blogs.fu-berlin.de\/bibliotheken\/wp-json\/wp\/v2\/posts\/31131\/revisions\/31146"}],"wp:featuredmedia":[{"embeddable":true,"href":"https:\/\/blogs.fu-berlin.de\/bibliotheken\/wp-json\/wp\/v2\/media\/31140"}],"wp:attachment":[{"href":"https:\/\/blogs.fu-berlin.de\/bibliotheken\/wp-json\/wp\/v2\/media?parent=31131"}],"wp:term":[{"taxonomy":"category","embeddable":true,"href":"https:\/\/blogs.fu-berlin.de\/bibliotheken\/wp-json\/wp\/v2\/categories?post=31131"},{"taxonomy":"post_tag","embeddable":true,"href":"https:\/\/blogs.fu-berlin.de\/bibliotheken\/wp-json\/wp\/v2\/tags?post=31131"}],"curies":[{"name":"wp","href":"https:\/\/api.w.org\/{rel}","templated":true}]}}