{"id":31191,"date":"2022-12-05T16:29:33","date_gmt":"2022-12-05T15:29:33","guid":{"rendered":"https:\/\/blogs.fu-berlin.de\/bibliotheken\/?p=31191"},"modified":"2022-12-07T13:59:34","modified_gmt":"2022-12-07T12:59:34","slug":"schliesszeiten-der-bibliotheken-ueber-die-feiertage","status":"publish","type":"post","link":"https:\/\/blogs.fu-berlin.de\/bibliotheken\/2022\/12\/05\/schliesszeiten-der-bibliotheken-ueber-die-feiertage\/","title":{"rendered":"Schlie\u00dfzeiten der Bibliotheken \u00fcber die Feiertage"},"content":{"rendered":"\n<p>W\u00e4hrend der <a href=\"https:\/\/www.fu-berlin.de\/studium\/studienorganisation\/termine\/index.html\">Akademischen Ferien<\/a> des Wintersemesters 2022\/23 begibt sich auch die Universit\u00e4tsbibliothek der Freien Universit\u00e4t Berlin \u2013 die <a href=\"https:\/\/www.fu-berlin.de\/sites\/ub\" data-type=\"URL\" data-id=\"https:\/\/www.fu-berlin.de\/sites\/ub\">Zentralbibliothek<\/a> in der Garystra\u00dfe 39 ebenso wie die <a href=\"https:\/\/www.fu-berlin.de\/sites\/bibliotheken\/bibliothekenfuehrer\/bereiche\/index.html\" data-type=\"URL\" data-id=\"https:\/\/www.fu-berlin.de\/sites\/bibliotheken\/bibliothekenfuehrer\/bereiche\/index.html\">Fachbibliotheken<\/a> und das <a href=\"https:\/\/www.fu-berlin.de\/sites\/uniarchiv\/index.html\" data-type=\"URL\" data-id=\"https:\/\/www.fu-berlin.de\/sites\/uniarchiv\/index.html\">Universit\u00e4tsarchiv<\/a> \u2013 in eine Feiertagspause. Damit Sie Ihren Bibliotheksbesuch oder Ihre Medienausleihe gut planen k\u00f6nnen, m\u00f6chten wir Sie schon heute \u00fcber unsere Schlie\u00dfzeiten rund um den Jahreswechsel informieren:<\/p>\n\n\n\n<hr class=\"wp-block-separator has-alpha-channel-opacity\" \/>\n\n\n\n<h3 class=\"wp-block-heading\"><strong>Alle Bibliotheken der Freien Universit\u00e4t Berlin sowie  das Universit\u00e4tsarchiv bleiben von Samstag, 24. Dezember 2022 bis einschlie\u00dflich Sonntag, 01. Januar 2023 geschlossen<\/strong>.<\/h3>\n\n\n\n<p>Bitte beachten Sie dar\u00fcber hinaus folgende Abweichungen von den \u00fcblichen Nutzungszeiten:<\/p>\n\n\n\n<ul class=\"wp-block-list\"><li>Die <a href=\"https:\/\/www.geo.fu-berlin.de\/bibliotheken\/geo\/index.html\">Geowissenschaftliche Bibliothek<\/a> sowie die <a href=\"https:\/\/www.geo.fu-berlin.de\/met\/bibliothek\/index.html\">Meteorologische Bibliothek<\/a> sind bereits ab 16. Dezember geschlossen. <\/li><li>Die <a href=\"https:\/\/www.vetmed.fu-berlin.de\/bibliothek\/\">Veterin\u00e4rmedizinische Bibliothek<\/a> ist ab 17. Dezember geschlossen.<\/li><li>Die <a href=\"https:\/\/www.geisteswissenschaften.fu-berlin.de\/we07\/institut\/bibliothek\/index.html\">Bibliothek des Instituts f\u00fcr Theaterwissenschaft<\/a> ist ab 23. Dezember geschlossen.<\/li><li>Die <a href=\"https:\/\/www.bgbm.org\/de\/bibliothek\">Bibliothek am Botanischen Garten und Botanischen Museum<\/a> (BGBM) ist ab 23. Dezember geschlossen. <\/li><\/ul>\n\n\n\n<p>Am <strong>Freitag, den 23. Dezember 2022<\/strong> gelten f\u00fcr einige Bibliotheksstandorte <strong>verk\u00fcrzte \u00d6ffnungszeiten<\/strong>:<\/p>\n\n\n\n<ul class=\"wp-block-list\"><li><a href=\"https:\/\/www.jfki.fu-berlin.de\/library\/\">Bibliothek des John-F.-Kennedy-Instituts<\/a>: schlie\u00dft um 14:00 Uhr<\/li><li><a href=\"https:\/\/www.polsoz.fu-berlin.de\/bibliothek\/\">Bibliothek f\u00fcr Sozialwissenschaften und Osteuropastudien<\/a>: schlie\u00dft um 14:00 Uhr<\/li><li><a href=\"https:\/\/www.fu-berlin.de\/sites\/campusbib\">Campusbibliothek<\/a>: schlie\u00dft um 18:00 Uhr (evtl. fr\u00fcher; kurzfristige Hinweise auf der Website)<\/li><li><a href=\"https:\/\/www.fu-berlin.de\/sites\/philbib\/index.html\">Philologische Bibliothek<\/a>: schlie\u00dft um 18:00 Uhr (evtl. fr\u00fcher; kurzfristige Hinweise auf der Website)<\/li><\/ul>\n\n\n\n<p><strong>Ab Montag, den 02. Januar 2023* sind wir zu den gewohnten \u00d6ffnungszeiten wieder f\u00fcr Sie da!<\/strong> <\/p>\n\n\n\n<p>(* Bibliothek am Botanischen Garten und Botanischen Museum (BGBM), Meteorologische Bibliothek sowie Lesesaal des Universit\u00e4tsarchivs: wieder ge\u00f6ffnet ab Dienstag, den 03. Januar)<\/p>\n\n\n\n<p><em>ACHTUNG: F\u00fcr alle angegebenen Schlie\u00dfzeiten gilt: Kurzfristige \u00c4nderungen bleiben vorbehalten \u2013 bitte beachten Sie aktuelle Ank\u00fcndigungen auf den Websites der einzelnen Bibliotheksstandorte<\/em><\/p>\n\n\n\n<hr class=\"wp-block-separator has-alpha-channel-opacity\" \/>\n\n\n\n<h3 class=\"wp-block-heading\">F\u00fcr das Bestellen und Ausleihen von Medien \u00fcber das <a href=\"https:\/\/fu-berlin.primo.exlibrisgroup.com\/discovery\/search?vid=49KOBV_FUB:FUB\" data-type=\"URL\" data-id=\"https:\/\/fu-berlin.primo.exlibrisgroup.com\/discovery\/search?vid=49KOBV_FUB:FUB\">Bibliotheksportal Primo<\/a> sowie f\u00fcr <a href=\"https:\/\/www.fu-berlin.de\/sites\/ub\/service\/digitalisierung\/index.html\">Digitalisierungsauftr\u00e4ge<\/a> gilt: <\/h3>\n\n\n\n<ul class=\"wp-block-list\"><li><strong>Magazin-Bestellungen<\/strong>, die <strong>bis zum 23.12. um 12 Uhr<\/strong> eingehen, k\u00f6nnen noch am gleichen Tag bis 18 Uhr bereitgestellt werden, sofern das Haus an diesem Tag keine verk\u00fcrzten \u00d6ffnungszeiten hat (s.o.). <\/li><li>Die Lieferung an eine andere als die besitzende Bibliothek dauert in der Regel 1 Tag. Sollten Sie diesen Service nutzen wollen, empfehlen wir, Ihre Bestellungen sp\u00e4testens bis zum 22.12. gegen Mittag zu t\u00e4tigen. <\/li><li><strong>Digitalisierungsauftr\u00e4ge bis zum 22.12. um 16 Uhr<\/strong> werden noch vor der Feiertagspause bereitgestellt.<\/li><li>Die Fristen von ausgeliehenen Medien fallen nicht in die Schlie\u00dfzeit.<\/li><li>F\u00fcr Buchr\u00fcckgaben stehen die R\u00fcckgabek\u00e4sten u. a. am Haupteingang der Zentralbibliothek in der Garystr. 39 zur Verf\u00fcgung.<\/li><\/ul>\n\n\n\n<hr class=\"wp-block-separator has-alpha-channel-opacity\" \/>\n\n\n\n<p>Wir w\u00fcnschen Ihnen frohe Feiertage \u2013 und ein gesundes neues Jahr 2023!<\/p>\n\n\n\n<p><\/p>\n","protected":false},"excerpt":{"rendered":"<p>W\u00e4hrend der Akademischen Ferien des Wintersemesters 2022\/23 begibt sich auch die Universit\u00e4tsbibliothek der Freien Universit\u00e4t Berlin \u2013 die Zentralbibliothek in der Garystra\u00dfe 39 ebenso wie die Fachbibliotheken und das Universit\u00e4tsarchiv \u2013 in eine Feiertagspause. Damit Sie Ihren Bibliotheksbesuch oder Ihre Medienausleihe gut planen k\u00f6nnen, m\u00f6chten wir Sie schon heute \u00fcber unsere Schlie\u00dfzeiten rund um den &hellip; <a href=\"https:\/\/blogs.fu-berlin.de\/bibliotheken\/2022\/12\/05\/schliesszeiten-der-bibliotheken-ueber-die-feiertage\/\" class=\"more-link\"><span class=\"screen-reader-text\">\u201eSchlie\u00dfzeiten der Bibliotheken \u00fcber die Feiertage\u201c<\/span> weiterlesen<\/a><\/p>\n","protected":false},"author":7113,"featured_media":0,"comment_status":"open","ping_status":"open","sticky":false,"template":"","format":"standard","meta":{"footnotes":""},"categories":[9,600,518,601],"tags":[237856,57466,237773,641,368667,237774,57467,1433,457823,776],"class_list":["post-31191","post","type-post","status-publish","format-standard","hentry","category-allgemein","category-fachbibliotheken","category-fu-kataloge","category-universitatsbibliothek","tag-digitalisierungsservice","tag-fachbibliotheken","tag-jahreswechsel","tag-offnungszeiten","tag-schliesszeiten","tag-sonderschliesszeiten","tag-universitatsbibliothek","tag-weihnachten","tag-weihnachten-neujahr-2022-23","tag-zentralbibliothek"],"_links":{"self":[{"href":"https:\/\/blogs.fu-berlin.de\/bibliotheken\/wp-json\/wp\/v2\/posts\/31191","targetHints":{"allow":["GET"]}}],"collection":[{"href":"https:\/\/blogs.fu-berlin.de\/bibliotheken\/wp-json\/wp\/v2\/posts"}],"about":[{"href":"https:\/\/blogs.fu-berlin.de\/bibliotheken\/wp-json\/wp\/v2\/types\/post"}],"author":[{"embeddable":true,"href":"https:\/\/blogs.fu-berlin.de\/bibliotheken\/wp-json\/wp\/v2\/users\/7113"}],"replies":[{"embeddable":true,"href":"https:\/\/blogs.fu-berlin.de\/bibliotheken\/wp-json\/wp\/v2\/comments?post=31191"}],"version-history":[{"count":15,"href":"https:\/\/blogs.fu-berlin.de\/bibliotheken\/wp-json\/wp\/v2\/posts\/31191\/revisions"}],"predecessor-version":[{"id":31263,"href":"https:\/\/blogs.fu-berlin.de\/bibliotheken\/wp-json\/wp\/v2\/posts\/31191\/revisions\/31263"}],"wp:attachment":[{"href":"https:\/\/blogs.fu-berlin.de\/bibliotheken\/wp-json\/wp\/v2\/media?parent=31191"}],"wp:term":[{"taxonomy":"category","embeddable":true,"href":"https:\/\/blogs.fu-berlin.de\/bibliotheken\/wp-json\/wp\/v2\/categories?post=31191"},{"taxonomy":"post_tag","embeddable":true,"href":"https:\/\/blogs.fu-berlin.de\/bibliotheken\/wp-json\/wp\/v2\/tags?post=31191"}],"curies":[{"name":"wp","href":"https:\/\/api.w.org\/{rel}","templated":true}]}}