{"id":31200,"date":"2022-11-30T17:24:21","date_gmt":"2022-11-30T16:24:21","guid":{"rendered":"https:\/\/blogs.fu-berlin.de\/bibliotheken\/?p=31200"},"modified":"2022-12-19T18:13:55","modified_gmt":"2022-12-19T17:13:55","slug":"fortbildungen-zur-digitalen-lehre-und-forschung-im-wintersemester","status":"publish","type":"post","link":"https:\/\/blogs.fu-berlin.de\/bibliotheken\/2022\/11\/30\/fortbildungen-zur-digitalen-lehre-und-forschung-im-wintersemester\/","title":{"rendered":"Fortbildungen zur digitalen Lehre und Forschung im Wintersemester"},"content":{"rendered":"\n<p><strong>Auch im Wintersemester 2022\/2023 h\u00e4lt die Stabsstelle Fortbildung der Universit\u00e4tsbibliothek f\u00fcr Lehrende und Forschende wieder ein umfangreiches Programm zu E-Learning und E-Research bereit <\/strong><\/p>\n\n\n<div class=\"wp-block-image is-style-default\">\n<figure class=\"aligncenter size-full is-resized\"><img loading=\"lazy\" decoding=\"async\" src=\"https:\/\/blogs.fu-berlin.de\/bibliotheken\/files\/2022\/12\/UB-CeDiS_Fortbildungen_Grafik.png\" alt=\"\" class=\"wp-image-31321\" width=\"845\" height=\"440\" \/><figcaption><strong>CeDiS ist ein Bereich der Universit\u00e4tsbibliothek<\/strong><\/figcaption><\/figure><\/div>\n\n\n<hr class=\"wp-block-separator has-alpha-channel-opacity\" \/>\n\n\n\n<p>Studierende mit Wikis aktivieren, mit Forschungsdaten kompetent umgehen, Wissensl\u00fccken durch formative Pr\u00fcfungen aufdecken: Das sind nur einige Themen des umfangreichen Fortbildungsprogramms der <a href=\"https:\/\/www.fu-berlin.de\/sites\/ub\/forschen-lehren\/index.html\" data-type=\"URL\" data-id=\"https:\/\/www.fu-berlin.de\/sites\/ub\/forschen-lehren\/index.html\">Universit\u00e4tsbibliothek<\/a>, das sich an alle Lehrenden und Forschenden der Freien Universit\u00e4t Berlin richtet. <\/p>\n\n\n\n<p>Einf\u00fchrungsveranstaltungen in die g\u00e4ngigen FU-Werkzeuge wie Blackboard, Webex &amp; Co. geh\u00f6ren ebenso dazu wie zahlreiche Online-Seminare und -Lernressourcen aus den Themenbereichen E-Learning und E-Research.<\/p>\n\n\n\n<p>Ausdr\u00fccklich hinweisen m\u00f6chten wir Sie auch auf die <a href=\"https:\/\/www.cedis.fu-berlin.de\/services\/fortbildung\/workshops\/data-literacy\/index.html\">Workshopreihe \u201eD4T4 L1T3R4CY \u2013 Textuelle Daten explorieren, analysieren und visualisieren\u201c<\/a> in diesem Semester, die sich u. a. mit dem Textmining mit R und der Textauszeichnung nach TEI befassen. Los geht es am 14. Dezember \u2013 es sind noch Pl\u00e4tze frei!<\/p>\n\n\n\n<p><strong>Alle aktuellen Termine finden Sie in unserem <\/strong><a href=\"https:\/\/www.cedis.fu-berlin.de\/services\/fortbildung\/termine\/index.html\"><strong>Kalender<\/strong><\/a><strong>. <\/strong><\/p>\n\n\n\n<p><strong>Eine thematische \u00dcbersicht aller Schulungen und Workshops <\/strong><a href=\"https:\/\/www.cedis.fu-berlin.de\/services\/fortbildung\/workshops\/index.html\"><strong>hier<\/strong><\/a><strong>.<\/strong><\/p>\n\n\n\n<hr class=\"wp-block-separator has-alpha-channel-opacity\" \/>\n\n\n\n<h3 class=\"wp-block-heading\">Fortbildungen zeitlich flexibel bei Ihnen vor Ort<\/h3>\n\n\n\n<p>Alle Veranstaltungen aus unserem Fortbildungsprogramm f\u00fchren wir auf Anfrage auch vor Ort an Ihrer Einrichtung zu einem individuell vereinbarten Termin durch. Dauer, Themen, Inhalte und Ablauf der Schulung legen wir gemeinsam fest.<\/p>\n\n\n\n<p>Sie und Ihr Team ben\u00f6tigen eine spezielle Fortbildung? Sie interessieren sich f\u00fcr ein Thema, das Sie nicht im aktuellen Fortbildungsprogramm finden? Gerne unterbreiten wir Ihnen ein individuelles Angebot \u2013 wenden Sie sich mit Ihren W\u00fcnschen jederzeit an uns!<\/p>\n\n\n\n<p>Weitere Informationen und Kontaktdaten finden Sie<\/p>\n\n\n\n<ul class=\"wp-block-list\"><li>auf der <a href=\"https:\/\/www.cedis.fu-berlin.de\/services\/fortbildung\/index.html\">Website<\/a> zu den Fortbildungen<\/li><li>im <a href=\"https:\/\/blogs.fu-berlin.de\/fortbildung\/\">Blog der Stabsstelle Fortbildung<\/a><\/li><\/ul>\n\n\n\n<p>Ihre <strong>Ansprechpartner <\/strong>in der Stabsstelle Fortbildung, Stefan Cordes und Sascha Eckhold, stehen Ihnen unter <a href=\"mailto:fortbildung@cedis.fu-berlin.de\" data-type=\"mailto\" data-id=\"mailto:fortbildung@cedis.fu-berlin.de\">fortbildung@cedis.fu-berlin.de<\/a> gerne zur Verf\u00fcgung!<\/p>\n","protected":false},"excerpt":{"rendered":"<p>Auch im Wintersemester 2022\/2023 h\u00e4lt die Stabsstelle Fortbildung der Universit\u00e4tsbibliothek f\u00fcr Lehrende und Forschende wieder ein umfangreiches Programm zu E-Learning und E-Research bereit Studierende mit Wikis aktivieren, mit Forschungsdaten kompetent umgehen, Wissensl\u00fccken durch formative Pr\u00fcfungen aufdecken: Das sind nur einige Themen des umfangreichen Fortbildungsprogramms der Universit\u00e4tsbibliothek, das sich an alle Lehrenden und Forschenden der Freien &hellip; <a href=\"https:\/\/blogs.fu-berlin.de\/bibliotheken\/2022\/11\/30\/fortbildungen-zur-digitalen-lehre-und-forschung-im-wintersemester\/\" class=\"more-link\"><span class=\"screen-reader-text\">\u201eFortbildungen zur digitalen Lehre und Forschung im Wintersemester\u201c<\/span> weiterlesen<\/a><\/p>\n","protected":false},"author":7113,"featured_media":0,"comment_status":"open","ping_status":"open","sticky":false,"template":"","format":"standard","meta":{"footnotes":""},"categories":[9,457816,491,601,70],"tags":[318945,89,35670,522,57467],"class_list":["post-31200","post","type-post","status-publish","format-standard","hentry","category-allgemein","category-lehr-lernservices","category-lernangebote-kurse","category-universitatsbibliothek","category-veranstaltungen","tag-digitale-lehre","tag-e-learning","tag-e-research","tag-fortbildung","tag-universitatsbibliothek"],"_links":{"self":[{"href":"https:\/\/blogs.fu-berlin.de\/bibliotheken\/wp-json\/wp\/v2\/posts\/31200","targetHints":{"allow":["GET"]}}],"collection":[{"href":"https:\/\/blogs.fu-berlin.de\/bibliotheken\/wp-json\/wp\/v2\/posts"}],"about":[{"href":"https:\/\/blogs.fu-berlin.de\/bibliotheken\/wp-json\/wp\/v2\/types\/post"}],"author":[{"embeddable":true,"href":"https:\/\/blogs.fu-berlin.de\/bibliotheken\/wp-json\/wp\/v2\/users\/7113"}],"replies":[{"embeddable":true,"href":"https:\/\/blogs.fu-berlin.de\/bibliotheken\/wp-json\/wp\/v2\/comments?post=31200"}],"version-history":[{"count":18,"href":"https:\/\/blogs.fu-berlin.de\/bibliotheken\/wp-json\/wp\/v2\/posts\/31200\/revisions"}],"predecessor-version":[{"id":31331,"href":"https:\/\/blogs.fu-berlin.de\/bibliotheken\/wp-json\/wp\/v2\/posts\/31200\/revisions\/31331"}],"wp:attachment":[{"href":"https:\/\/blogs.fu-berlin.de\/bibliotheken\/wp-json\/wp\/v2\/media?parent=31200"}],"wp:term":[{"taxonomy":"category","embeddable":true,"href":"https:\/\/blogs.fu-berlin.de\/bibliotheken\/wp-json\/wp\/v2\/categories?post=31200"},{"taxonomy":"post_tag","embeddable":true,"href":"https:\/\/blogs.fu-berlin.de\/bibliotheken\/wp-json\/wp\/v2\/tags?post=31200"}],"curies":[{"name":"wp","href":"https:\/\/api.w.org\/{rel}","templated":true}]}}