{"id":3125,"date":"2009-10-26T10:54:04","date_gmt":"2009-10-26T09:54:04","guid":{"rendered":"https:\/\/blogs.fu-berlin.de\/bibliotheken\/?p=3125"},"modified":"2009-10-26T10:54:04","modified_gmt":"2009-10-26T09:54:04","slug":"mircea-cartarescu-ist-neuer-samuel-fischer-gastprofessor","status":"publish","type":"post","link":"https:\/\/blogs.fu-berlin.de\/bibliotheken\/2009\/10\/26\/mircea-cartarescu-ist-neuer-samuel-fischer-gastprofessor\/","title":{"rendered":"Mircea C\u0103rt\u0103rescu ist neuer Samuel-Fischer-Gastprofessor"},"content":{"rendered":"<p>Diesj\u00e4hriger Samuel-Fischer-Gastprofessor ist der rum\u00e4nische Schriftsteller Mircea C\u0103rt\u0103rescu. <\/p>\n<blockquote><p>C\u0103rt\u0103rescu (Jg. 1956), den der Spiegel als ,,Proust im Plattenbau&#8220; bezeichnete, studierte Philologie, schrieb seine Doktorarbeit \u00fcber das Thema ,,Der rum\u00e4nische Postmodernismus&#8220;, arbeitete mehrere Jahre als Hauptschullehrer und sp\u00e4ter als Lektor f\u00fcr rum\u00e4nische Sprache und Literatur an der Bukarester Universit\u00e4t. Seit 1978 schreibt er selbst.<\/p>\n<p>Er gilt als einer der bedeutendsten Vertreter des rum\u00e4nischen Postmodernismus. Seit 1999 ist er auch als Literaturkritiker t\u00e4tig und tr\u00e4gt wesentlich zu der Debatte um die Erneuerungswege der rum\u00e4nischen Literatur bei. [Gek\u00fcrzt aus: Pressemitteilung der Freien Universit\u00e4t Berlin Nr. 292 vom 23.10.2009]<\/p><\/blockquote>\n<p>Seit 1998 besteht am Peter-Szondi- Institut f\u00fcr Allgemeine und Vergleichende Literaturwissenschaft die <a href=\"https:\/\/www.geisteswissenschaften.fu-berlin.de\/studium\/gastprof\/fischer\/\">Samuel-Fischer-Gastprofessur<\/a>, die viele renommierten Autoren inne hatten; darunter Kenzaburo Oe, Yann Martel,  Marlene Streeruwitz,  Alberto Manguel, Raoul Schrott, Richard Powers &#8211; um nur einige zu nennen.<\/p>\n","protected":false},"excerpt":{"rendered":"<p>Diesj\u00e4hriger Samuel-Fischer-Gastprofessor ist der rum\u00e4nische Schriftsteller Mircea C\u0103rt\u0103rescu. C\u0103rt\u0103rescu (Jg. 1956), den der Spiegel als ,,Proust im Plattenbau&#8220; bezeichnete, studierte Philologie, schrieb seine Doktorarbeit \u00fcber das Thema ,,Der rum\u00e4nische Postmodernismus&#8220;, arbeitete mehrere Jahre als Hauptschullehrer und sp\u00e4ter als Lektor f\u00fcr rum\u00e4nische Sprache und Literatur an der Bukarester Universit\u00e4t. Seit 1978 schreibt er selbst. Er gilt &hellip; <a href=\"https:\/\/blogs.fu-berlin.de\/bibliotheken\/2009\/10\/26\/mircea-cartarescu-ist-neuer-samuel-fischer-gastprofessor\/\" class=\"more-link\"><span class=\"screen-reader-text\">\u201eMircea C\u0103rt\u0103rescu ist neuer Samuel-Fischer-Gastprofessor\u201c<\/span> weiterlesen<\/a><\/p>\n","protected":false},"author":265,"featured_media":0,"comment_status":"open","ping_status":"open","sticky":false,"template":"","format":"standard","meta":{"footnotes":""},"categories":[9],"tags":[711],"class_list":["post-3125","post","type-post","status-publish","format-standard","hentry","category-allgemein","tag-samuel-fischer-gastprofessor"],"_links":{"self":[{"href":"https:\/\/blogs.fu-berlin.de\/bibliotheken\/wp-json\/wp\/v2\/posts\/3125","targetHints":{"allow":["GET"]}}],"collection":[{"href":"https:\/\/blogs.fu-berlin.de\/bibliotheken\/wp-json\/wp\/v2\/posts"}],"about":[{"href":"https:\/\/blogs.fu-berlin.de\/bibliotheken\/wp-json\/wp\/v2\/types\/post"}],"author":[{"embeddable":true,"href":"https:\/\/blogs.fu-berlin.de\/bibliotheken\/wp-json\/wp\/v2\/users\/265"}],"replies":[{"embeddable":true,"href":"https:\/\/blogs.fu-berlin.de\/bibliotheken\/wp-json\/wp\/v2\/comments?post=3125"}],"version-history":[{"count":11,"href":"https:\/\/blogs.fu-berlin.de\/bibliotheken\/wp-json\/wp\/v2\/posts\/3125\/revisions"}],"predecessor-version":[{"id":3138,"href":"https:\/\/blogs.fu-berlin.de\/bibliotheken\/wp-json\/wp\/v2\/posts\/3125\/revisions\/3138"}],"wp:attachment":[{"href":"https:\/\/blogs.fu-berlin.de\/bibliotheken\/wp-json\/wp\/v2\/media?parent=3125"}],"wp:term":[{"taxonomy":"category","embeddable":true,"href":"https:\/\/blogs.fu-berlin.de\/bibliotheken\/wp-json\/wp\/v2\/categories?post=3125"},{"taxonomy":"post_tag","embeddable":true,"href":"https:\/\/blogs.fu-berlin.de\/bibliotheken\/wp-json\/wp\/v2\/tags?post=3125"}],"curies":[{"name":"wp","href":"https:\/\/api.w.org\/{rel}","templated":true}]}}