{"id":31265,"date":"2022-12-07T15:47:12","date_gmt":"2022-12-07T14:47:12","guid":{"rendered":"https:\/\/blogs.fu-berlin.de\/bibliotheken\/?p=31265"},"modified":"2023-02-27T22:06:10","modified_gmt":"2023-02-27T21:06:10","slug":"ihre-publikationsmeldungen-2022-fuer-die-universitaetsbibliografie","status":"publish","type":"post","link":"https:\/\/blogs.fu-berlin.de\/bibliotheken\/2022\/12\/07\/ihre-publikationsmeldungen-2022-fuer-die-universitaetsbibliografie\/","title":{"rendered":"Ihre Publikationsmeldungen 2022 f\u00fcr die Universit\u00e4tsbibliografie"},"content":{"rendered":"\n<h2 class=\"wp-block-heading\">Das Team der Universit\u00e4tsbibliografie bittet um Mithilfe: Ver\u00f6ffentlichungen von  \u201eaktiv besch\u00e4ftigten\u201c Angeh\u00f6rigen der Freien Universit\u00e4t k\u00f6nnen gerne noch im laufenden Jahr \u00fcber das Selbsterfassungssystem SEP in die Universit\u00e4tsbibliografie eingetragen werden.<\/h2>\n\n\n\n<p>Die <a href=\"https:\/\/www.fu-berlin.de\/sites\/ub\/service\/unibibliografie\/index.html\">Universit\u00e4tsbibliografie der Freien Universit\u00e4t Berlin<\/a> erfasst seit 1981 Ver\u00f6ffentlichungen von Angeh\u00f6rigen der Universit\u00e4t und wird zugleich zur Leistungsmittelberechnung vom Pr\u00e4sidium genutzt. In der <a href=\"https:\/\/frub-berlin.primo.exlibrisgroup.com\/discovery\/search?vid=49KOBV_BIBFUB:Unibib\">Universit\u00e4tsbibliografie im Bibliotheksportal Primo<\/a> sind alle gemeldeten FU-Publikationen seit 1993 dauerhaft auffindbar, recherchierbar und k\u00f6nnen auch als Datenliste in verschiedene Formate zur Weiternutzung exportiert werden \u2013 n\u00fctzliche Hinweise dazu finden Sie in unseren <a href=\"https:\/\/www.fu-berlin.de\/sites\/ub\/service\/unibibliografie\/faq-unibib\/index.html#faq_primo-recherche\">FAQ<\/a>.<\/p>\n\n\n\n<p><strong>Um eine m\u00f6glichst vollst\u00e4ndige \u00dcbersicht erstellen zu k\u00f6nnen, ben\u00f6tigen wir Ihre Unterst\u00fctzung:<\/strong> <strong>Wir bitten Sie, Ihre Publikationen des Jahres 2022 jetzt im <\/strong><a href=\"https:\/\/sep.ub.fu-berlin.de\/SEP\"><strong>Selbsterfassungssystem SEP<\/strong><\/a><strong> zu melden<\/strong>! Nutzen Sie dort auch das schnelle und vereinfachte Eintragen der Publikationsdaten mit DOI.<\/p>\n\n\n\n<p><em>[Update vom 15.12., Anm. der Red.:]<\/em> Die <strong>Frist zur Eintragung der<\/strong><strong>Publikationen f\u00fcr das Erscheinungsjahr 2022<\/strong> in das Selbsterfassungssystem&nbsp;SEP endet f\u00fcr das Publikationsjahr 2022 am<strong> 30. April 2023.<\/strong><\/p>\n\n\n\n<hr class=\"wp-block-separator has-alpha-channel-opacity\" \/>\n\n\n\n<p>Das Wichtigste in K\u00fcrze:<\/p>\n\n\n\n<h3 class=\"wp-block-heading\">Wer kann Publikationen in SEP eintragen?<\/h3>\n\n\n\n<p>Alle Personen, die einen ZEDAT-Account besitzt und \u201eaktiv\u201c an der Freien Universit\u00e4t Berlin besch\u00e4ftigt sind, k\u00f6nnen Publikationen f\u00fcr sich sowie auch f\u00fcr andere eintragen. Nicht festbesch\u00e4ftigte Mitarbeiter*innen der Universit\u00e4t \u2013 wie z.B. Emeriti, Lehrbeauftragte oder Promovierende \u2013 k\u00f6nnen sich an die <a href=\"https:\/\/www.fu-berlin.de\/sites\/ub\/service\/unibibliografie\/kontakte_bereichsbibliotheken\/index.html\">SEP-Kontaktpersonen an den einzelnen Bibliotheksstandorten<\/a> wenden.<\/p>\n\n\n\n<h3 class=\"wp-block-heading\">Welche Publikationen (elektronisch oder Print) k\u00f6nnen gemeldet werden?<\/h3>\n\n\n\n<p>Monografien, Herausgeberschaften von B\u00fcchern, Zeitschriften oder Schriftenreihen, Buchbeitr\u00e4ge, Zeitschriftenaufs\u00e4tze, \u201agraue\u2018 Literatur (z.B. Working Papers, Privatdrucke etc.), Rezensionen, Patentschriften, (eigene) Rundfunk- und Fernsehbeitr\u00e4ge, andere elektronische Ver\u00f6ffentlichungen.<\/p>\n\n\n\n<p><\/p>\n\n\n\n<p>Wir freuen uns auf Ihre Eintr\u00e4ge! <\/p>\n\n\n\n<p>Weiterf\u00fchrende Informationen, Hilfeseiten und Kontaktdaten finden Sie auf unserer <a href=\"https:\/\/www.fu-berlin.de\/sites\/ub\/service\/unibibliografie\/kontakt-unibibliografie\/index.html\">Website zur Universit\u00e4tsbibliographie<\/a>.<\/p>\n","protected":false},"excerpt":{"rendered":"<p>Das Team der Universit\u00e4tsbibliografie bittet um Mithilfe: Ver\u00f6ffentlichungen von \u201eaktiv besch\u00e4ftigten\u201c Angeh\u00f6rigen der Freien Universit\u00e4t k\u00f6nnen gerne noch im laufenden Jahr \u00fcber das Selbsterfassungssystem SEP in die Universit\u00e4tsbibliografie eingetragen werden. Die Universit\u00e4tsbibliografie der Freien Universit\u00e4t Berlin erfasst seit 1981 Ver\u00f6ffentlichungen von Angeh\u00f6rigen der Universit\u00e4t und wird zugleich zur Leistungsmittelberechnung vom Pr\u00e4sidium genutzt. In der Universit\u00e4tsbibliografie &hellip; <a href=\"https:\/\/blogs.fu-berlin.de\/bibliotheken\/2022\/12\/07\/ihre-publikationsmeldungen-2022-fuer-die-universitaetsbibliografie\/\" class=\"more-link\"><span class=\"screen-reader-text\">\u201eIhre Publikationsmeldungen 2022 f\u00fcr die Universit\u00e4tsbibliografie\u201c<\/span> weiterlesen<\/a><\/p>\n","protected":false},"author":7113,"featured_media":0,"comment_status":"open","ping_status":"open","sticky":false,"template":"","format":"standard","meta":{"footnotes":""},"categories":[9,601],"tags":[712,74,2086,1509,1519,1518,971],"class_list":["post-31265","post","type-post","status-publish","format-standard","hentry","category-allgemein","category-universitatsbibliothek","tag-bibliographie","tag-freie-universitat-berlin","tag-primo","tag-publikationen","tag-publikationserfassung","tag-sep","tag-universitatsbibliographie"],"_links":{"self":[{"href":"https:\/\/blogs.fu-berlin.de\/bibliotheken\/wp-json\/wp\/v2\/posts\/31265","targetHints":{"allow":["GET"]}}],"collection":[{"href":"https:\/\/blogs.fu-berlin.de\/bibliotheken\/wp-json\/wp\/v2\/posts"}],"about":[{"href":"https:\/\/blogs.fu-berlin.de\/bibliotheken\/wp-json\/wp\/v2\/types\/post"}],"author":[{"embeddable":true,"href":"https:\/\/blogs.fu-berlin.de\/bibliotheken\/wp-json\/wp\/v2\/users\/7113"}],"replies":[{"embeddable":true,"href":"https:\/\/blogs.fu-berlin.de\/bibliotheken\/wp-json\/wp\/v2\/comments?post=31265"}],"version-history":[{"count":10,"href":"https:\/\/blogs.fu-berlin.de\/bibliotheken\/wp-json\/wp\/v2\/posts\/31265\/revisions"}],"predecessor-version":[{"id":31515,"href":"https:\/\/blogs.fu-berlin.de\/bibliotheken\/wp-json\/wp\/v2\/posts\/31265\/revisions\/31515"}],"wp:attachment":[{"href":"https:\/\/blogs.fu-berlin.de\/bibliotheken\/wp-json\/wp\/v2\/media?parent=31265"}],"wp:term":[{"taxonomy":"category","embeddable":true,"href":"https:\/\/blogs.fu-berlin.de\/bibliotheken\/wp-json\/wp\/v2\/categories?post=31265"},{"taxonomy":"post_tag","embeddable":true,"href":"https:\/\/blogs.fu-berlin.de\/bibliotheken\/wp-json\/wp\/v2\/tags?post=31265"}],"curies":[{"name":"wp","href":"https:\/\/api.w.org\/{rel}","templated":true}]}}