{"id":31275,"date":"2022-12-13T09:27:22","date_gmt":"2022-12-13T08:27:22","guid":{"rendered":"https:\/\/blogs.fu-berlin.de\/bibliotheken\/?p=31275"},"modified":"2022-12-13T09:27:22","modified_gmt":"2022-12-13T08:27:22","slug":"nachhaltiger-durch-die-weihnachtszeit","status":"publish","type":"post","link":"https:\/\/blogs.fu-berlin.de\/bibliotheken\/2022\/12\/13\/nachhaltiger-durch-die-weihnachtszeit\/","title":{"rendered":"Nachhaltig(er) durch die Weihnachtszeit"},"content":{"rendered":"\n<p>Viele Bibliotheken stellen mit Beginn der Adventszeit im Dezember deutlich sichtbar saisonale Thementische oder Weihnachtsregale auf. Darauf finden sich traditionell viele B\u00fccher mit Bastelanleitungen, weihnachtlichen Koch- und Backrezepten &#8211; immer \u00f6fter aber auch Buchtitel zum Thema &#8222;Upcycling&#8220; oder &#8222;Minimalismus&#8220;, die besonders gut in die Zeit des Schenkens und des Beisammenseins mit Familie und Freunden passen.<\/p>\n\n\n\n<p>Unsere Arbeitsgruppe &#8222;<a rel=\"noreferrer noopener\" href=\"https:\/\/www.fu-berlin.de\/sites\/ub\/ueber-uns\/nachhaltigkeit\/index.html\" data-type=\"URL\" data-id=\"https:\/\/www.fu-berlin.de\/sites\/ub\/ueber-uns\/nachhaltigkeit\/index.html\" target=\"_blank\">GreenFUBib<\/a>&#8220; hat bei ihrem letzten Monatstreffen am 06. Dezember viele Anregungen und Ideen rund um eine nachhaltige(re) Gestaltung der Vorweihnachtszeit zusammengetragen &#8211; ein prall gef\u00fcllter &#8222;virtueller Nikolaus-Stiefel&#8220; voller Nachhaltigkeits-Tipps sozusagen. Die Ergebnisse haben uns einmal mehr gezeigt, wie konsumbewusst und nachhaltig viele Bibliotheksmitarbeitende handeln, die ihre pers\u00f6nlichen Werte wie Umweltbewusstsein und Re-Use Ans\u00e4tze auch in ihr Arbeitsumfeld \u00fcbertragen. Gerne m\u00f6chten wir Sie an diesen Tipps teilhaben lassen: Lassen Sie sich inspirieren f\u00fcr das bevorstehende Weihnachtsfest!<\/p>\n\n\n\n<figure class=\"wp-block-image size-full\"><img loading=\"lazy\" decoding=\"async\" width=\"2560\" height=\"1920\" src=\"https:\/\/blogs.fu-berlin.de\/bibliotheken\/files\/2022\/12\/IMG_20221206_155947-scaled.jpg\" alt=\"\" class=\"wp-image-31277\" srcset=\"https:\/\/blogs.fu-berlin.de\/bibliotheken\/files\/2022\/12\/IMG_20221206_155947-scaled.jpg 2560w, https:\/\/blogs.fu-berlin.de\/bibliotheken\/files\/2022\/12\/IMG_20221206_155947-300x225.jpg 300w, https:\/\/blogs.fu-berlin.de\/bibliotheken\/files\/2022\/12\/IMG_20221206_155947-1536x1152.jpg 1536w, https:\/\/blogs.fu-berlin.de\/bibliotheken\/files\/2022\/12\/IMG_20221206_155947-2048x1536.jpg 2048w, https:\/\/blogs.fu-berlin.de\/bibliotheken\/files\/2022\/12\/IMG_20221206_155947-1200x900.jpg 1200w\" sizes=\"auto, (max-width: 709px) 85vw, (max-width: 909px) 67vw, (max-width: 1362px) 62vw, 840px\" \/><figcaption>Verpackungsmaterialien aus Paketen von Buchlieferungen eignen sich gut als Recycling-Geschenkverpackung<\/figcaption><\/figure>\n\n\n\n<hr class=\"wp-block-separator has-alpha-channel-opacity\" \/>\n\n\n\n<h3 class=\"wp-block-heading\">Nachhaltiges Basteln, Verpacken und Verschenken zu Weihnachten<\/h3>\n\n\n\n<p>Verpackungsmaterialien gibt es (nicht nur) bei Buchlieferungen in Form von F\u00fcllmaterialien wie Wellpappe oder Packpapier. Mit einem farbigen Accessoire wie Schleifen oder einem gr\u00fcnen Tannenzweig haben Sie daraus schnell eine weihnachtliche Geschenkverpackung kreiert. Aus Karton oder auf ehemaligen stabilen Buchr\u00fccken lassen sich auch Gutscheine leicht herstellen: Werbepostkarten aufkleben, einen Streifen als Einschub ankleben, dazu ein und QR-Code f\u00fcr ein Event oder eine Patenschaft f\u00fcr Fauna &amp; Flora lassen das Ganze nett aussehen. Pralinenschachteln aus Holz oder Pappschachteln vom Wochenmarkt sollten unbedingt aufbewahrt und als Geschenkverpackung f\u00fcr die eigenen Pl\u00e4tzchen wiederverwendet werden.<\/p>\n\n\n\n<hr class=\"wp-block-separator has-alpha-channel-opacity\" \/>\n\n\n\n<h3 class=\"wp-block-heading\">Nachhaltig Schlemmen<\/h3>\n\n\n\n<p>In das meist \u00fcppige Weihnachtsmen\u00fc l\u00e4sst sich sicher auch ein vegetarischer oder veganer Gang mit einbauen, so dass der Fleischkonsum &#8211; und damit der \u00f6kologische Fu\u00dfabdruck &#8211; etwas reduziert werden kann. Drei tolle Rezepte aus der K\u00fcche einer unserer Bibliothekskolleg*innen finden Sie <strong><a href=\"https:\/\/blogs.fu-berlin.de\/bibliotheken\/files\/2022\/12\/Nikolaus_Rezepte2.pdf\" data-type=\"URL\" data-id=\"https:\/\/blogs.fu-berlin.de\/bibliotheken\/files\/2022\/12\/Nikolaus_Rezepte2.pdf\">hier<\/a><\/strong>.<\/p>\n\n\n\n<hr class=\"wp-block-separator has-alpha-channel-opacity\" \/>\n\n\n\n<h3 class=\"wp-block-heading\">Planung 2023: Teamtag nachhaltig gestalten<\/h3>\n\n\n\n<p>Der letzte Monat des Jahres steht meist auch im Zeichen von Formulierungen neuer Jahresziele und (nicht nur) beruflicher Vorhaben f\u00fcr das kommende Jahr. Wie w\u00e4re es, jetzt schon Ideen f\u00fcr gemeinsame Aktivit\u00e4ten mit Ihren Kolleg*innen zu sammeln: Ein nachhaltiger Teamtag, ein Betriebsausflug in die Natur oder zu einem Ziel im lokalen Umfeld trifft meist auf allgemeines Interesse. Bei lokalen Imkervereinen lohnt eine Anfrage f\u00fcr einen Workshop zur Honigherstellung. Zusammen <a href=\"https:\/\/www.nabu-heidelberg.de\/tiertipps-erste-hilfe-mehr\/insektenhotel-selbst-bauen\/\" data-type=\"URL\" data-id=\"https:\/\/www.nabu-heidelberg.de\/tiertipps-erste-hilfe-mehr\/insektenhotel-selbst-bauen\/\">Insektenhotels<\/a> oder <a href=\"https:\/\/www.nabu.de\/tiere-und-pflanzen\/insekten-und-spinnen\/insekten-helfen\/00959.html\" data-type=\"URL\" data-id=\"https:\/\/www.nabu.de\/tiere-und-pflanzen\/insekten-und-spinnen\/insekten-helfen\/00959.html\">Nistk\u00e4sten<\/a> zu bauen, ist gut f\u00fcrs <em>Teambuilding <\/em>&#8211; und es macht Freude, wenn die Produkte in umliegenden (Bibliotheks-)G\u00e4rten anschlie\u00dfend direkt zum Einsatz kommen. Weitere Inspiration zu Ausflugszielen mit dem Team gibt es unter anderem <a href=\"https:\/\/www.gogreenevents.de\/\" data-type=\"URL\" data-id=\"https:\/\/www.gogreenevents.de\/\">hier<\/a>.<\/p>\n\n\n\n<p>Die norwegische \u00f6ffentliche <a href=\"https:\/\/lierbib.no\/\" data-type=\"URL\" data-id=\"https:\/\/lierbib.no\/\">Bibliothek Lier<\/a> hat beim diesj\u00e4hrigen <a href=\"https:\/\/www.ifla.org\/fr\/news\/ensulib-announces-the-top-ten-green-libraries-and-green-library-projects-2022\/\" data-type=\"URL\" data-id=\"https:\/\/www.ifla.org\/fr\/news\/ensulib-announces-the-top-ten-green-libraries-and-green-library-projects-2022\/\">Green Library Award<\/a> eine Auszeichnung in der Kategorie &#8222;<a href=\"https:\/\/www.ifla.org\/news\/7th-ifla-green-library-award-2022-results\/\" data-type=\"URL\" data-id=\"https:\/\/www.ifla.org\/news\/7th-ifla-green-library-award-2022-results\/\">Best Green Libary Project<\/a>&#8220; erhalten. Kennen Sie &#8222;<a href=\"https:\/\/youtu.be\/Sfj5_wX9D-g\" data-type=\"URL\" data-id=\"https:\/\/youtu.be\/Sfj5_wX9D-g\">Aquaponik<\/a>&#8222;? Ein ressourcenschonendes Kreislaufsystem mit Fischen, das sich in einem kleinen Aquarium auch in Bibliotheken umsetzen l\u00e4sst. Halten Sie Ausschau in Ihrem Stadtbezirk oder Ihrer Kommune, ob es daf\u00fcr vielleicht ein Unternehmen gibt. In Berlin bietet das hiesige Unternehmen &#8222;<a href=\"https:\/\/www.ecf-farm.de\/\" data-type=\"URL\" data-id=\"https:\/\/www.ecf-farm.de\/\">ECF-Farmsystems<\/a>&#8220; dazu auch Besichtigungen an &#8211; eine weitere Idee f\u00fcr eine Teamaktivit\u00e4t.<\/p>\n\n\n\n<hr class=\"wp-block-separator has-alpha-channel-opacity\" \/>\n\n\n\n<h3 class=\"wp-block-heading\">Weihnachtsbaum &#8211; nachhaltige L\u00f6sungen<\/h3>\n\n\n\n<p>Millionen Weihnachtsb\u00e4ume in Deutschland werden angez\u00fcchtet mit Hilfe von umweltsch\u00e4dlichen Herbiziden oder Insektiziden. Der Kauf von heimischen Kiefern oder Fichten wird vom NABU empfohlen. Den &#8222;Do-It-Yourself&#8220; Baum k\u00f6nnen wir ebenso empfehlen: Vielleicht haben Sie ganzj\u00e4hrig auch einen kleinen Baum in einem Topf? Dann dekorieren Sie diesen doch einfach f\u00fcr die Weihnachtszeit, und danach zieht er wieder an seine gewohnte Stelle.<\/p>\n\n\n\n<hr class=\"wp-block-separator has-alpha-channel-opacity\" \/>\n\n\n\n<h3 class=\"wp-block-heading\">Nachhaltig schenken<\/h3>\n\n\n\n<p>Patenschaften als kleines Geschenk: Ob eine Baum-Patenschaft, eine Patenschaft f\u00fcr eine bedrohte Tierart oder f\u00fcr Menschen aus dem globalen S\u00fcden. Es gibt zahlreiche Patenschaften, die dort ankommen, wo sie gebraucht werden. Umweltverb\u00e4nde und Menschenrechtsorganisationen rufen dazu vielfach auf. Hier lohnt ein Blick ins Internet mit den Suchworten \u201e<a href=\"https:\/\/www.ecosia.org\/search?method=index&amp;q=patenschaften%20verschenken\" rel=\"noreferrer noopener\" target=\"_blank\">Patenschaft verschenken<\/a>\u201c.<\/p>\n\n\n\n<p>Selber machen statt kaufen<strong>:<\/strong>&nbsp;Im Internet finden sich unz\u00e4hlige Tipps rund ums Backen, Einmachen oder die Herstellung von eigener Kosmetik. In Gl\u00e4sern mit Schraubverschluss kann man eigene Backmischungen vom Lieblingskuchen zusammen mischen und verschenken. Getrocknete Orangenscheiben k\u00f6nnen sch\u00f6n zu einer weihnachtlichen Girlande aufgef\u00e4delt werden. Bei Schokolade sollte man auf die&nbsp;<a href=\"https:\/\/www.fairtrade-deutschland.de\/was-ist-fairtrade\/fairtrade-siegel\" rel=\"noreferrer noopener\" target=\"_blank\">Fair-Trade-Siegel<\/a>&nbsp;achten.<\/p>\n\n\n\n<p>Der beste Tipp: Schenken Sie einander Zeit und Aufmerksamkeit. Diese ideellen Werte kommen hier und da doch sicher etwas zu kurz. Wen Sie in der Familie so gar nicht vom traditionellen Schenken abhalten k\u00f6nnen: Bitten Sie, zu spenden. Nationale und internationale Hilfsorganisationen gibt es so viele, so dass wir hier ungern explizit Empfehlungen aussprechen m\u00f6chten. Eine Suchanfrage bei der alternativen Suchmaschine &#8222;<a rel=\"noreferrer noopener\" href=\"https:\/\/www.ecosia.org\/\" target=\"_blank\">ECOSIA<\/a>&#8220; gibt jedenfalls vielf\u00e4ltige Treffer.<\/p>\n\n\n\n<p>Bildquelle: Janet Wagner<\/p>\n","protected":false},"excerpt":{"rendered":"<p>Viele Bibliotheken stellen mit Beginn der Adventszeit im Dezember deutlich sichtbar saisonale Thementische oder Weihnachtsregale auf. Darauf finden sich traditionell viele B\u00fccher mit Bastelanleitungen, weihnachtlichen Koch- und Backrezepten &#8211; immer \u00f6fter aber auch Buchtitel zum Thema &#8222;Upcycling&#8220; oder &#8222;Minimalismus&#8220;, die besonders gut in die Zeit des Schenkens und des Beisammenseins mit Familie und Freunden passen. &hellip; <a href=\"https:\/\/blogs.fu-berlin.de\/bibliotheken\/2022\/12\/13\/nachhaltiger-durch-die-weihnachtszeit\/\" class=\"more-link\"><span class=\"screen-reader-text\">\u201eNachhaltig(er) durch die Weihnachtszeit\u201c<\/span> weiterlesen<\/a><\/p>\n","protected":false},"author":5902,"featured_media":0,"comment_status":"open","ping_status":"open","sticky":false,"template":"","format":"standard","meta":{"footnotes":""},"categories":[9],"tags":[368750,2678,368778,457824,368773,457825],"class_list":["post-31275","post","type-post","status-publish","format-standard","hentry","category-allgemein","tag-greenfubib","tag-nachhaltigkeit","tag-re-use","tag-recycling","tag-sustainability","tag-upcycling"],"_links":{"self":[{"href":"https:\/\/blogs.fu-berlin.de\/bibliotheken\/wp-json\/wp\/v2\/posts\/31275","targetHints":{"allow":["GET"]}}],"collection":[{"href":"https:\/\/blogs.fu-berlin.de\/bibliotheken\/wp-json\/wp\/v2\/posts"}],"about":[{"href":"https:\/\/blogs.fu-berlin.de\/bibliotheken\/wp-json\/wp\/v2\/types\/post"}],"author":[{"embeddable":true,"href":"https:\/\/blogs.fu-berlin.de\/bibliotheken\/wp-json\/wp\/v2\/users\/5902"}],"replies":[{"embeddable":true,"href":"https:\/\/blogs.fu-berlin.de\/bibliotheken\/wp-json\/wp\/v2\/comments?post=31275"}],"version-history":[{"count":28,"href":"https:\/\/blogs.fu-berlin.de\/bibliotheken\/wp-json\/wp\/v2\/posts\/31275\/revisions"}],"predecessor-version":[{"id":31306,"href":"https:\/\/blogs.fu-berlin.de\/bibliotheken\/wp-json\/wp\/v2\/posts\/31275\/revisions\/31306"}],"wp:attachment":[{"href":"https:\/\/blogs.fu-berlin.de\/bibliotheken\/wp-json\/wp\/v2\/media?parent=31275"}],"wp:term":[{"taxonomy":"category","embeddable":true,"href":"https:\/\/blogs.fu-berlin.de\/bibliotheken\/wp-json\/wp\/v2\/categories?post=31275"},{"taxonomy":"post_tag","embeddable":true,"href":"https:\/\/blogs.fu-berlin.de\/bibliotheken\/wp-json\/wp\/v2\/tags?post=31275"}],"curies":[{"name":"wp","href":"https:\/\/api.w.org\/{rel}","templated":true}]}}