{"id":31344,"date":"2023-01-16T12:13:18","date_gmt":"2023-01-16T11:13:18","guid":{"rendered":"https:\/\/blogs.fu-berlin.de\/bibliotheken\/?p=31344"},"modified":"2023-01-16T12:14:41","modified_gmt":"2023-01-16T11:14:41","slug":"schreibzeit-startet-in-eine-neue-runde","status":"publish","type":"post","link":"https:\/\/blogs.fu-berlin.de\/bibliotheken\/2023\/01\/16\/schreibzeit-startet-in-eine-neue-runde\/","title":{"rendered":"&#8222;Schreibzeit&#8220; startet in eine neue Runde"},"content":{"rendered":"\n<p>Die <a href=\"https:\/\/www.fu-berlin.de\/sites\/ub\">Zentralbibliothek<\/a> bietet Ihnen ab dem Wintersemester 2022\/23 mit dem neuen Format <a href=\"https:\/\/www.fu-berlin.de\/sites\/ub\/lernangebote\/schreibzeit\/index.html\">Schreibzeit<\/a> einen ablenkungsfreien Raum, um konzentriert an Ihrer Arbeit zu schreiben.&nbsp;Auf Wunsch machen wir Sie mit einer Methode vertraut, die Ihnen hilft, die zweieinhalbst\u00fcndige Schreibphase zu strukturieren, und bieten Ihnen allgemeine Beratung zum wissenschaftlichen Schreiben an.<\/p>\n\n\n\n<p>Die Schreibzeit wird in Pr\u00e4senz  jeweils zweieinhalb Stunden abwechselnd am Montag Vor- oder Nachmittag in den R\u00e4umlichkeiten der Zentralbibliothek (Garystr. 39) abgehalten. Treffpunkt ist der am Lesesaal angrenzende Coworking-Bereich im zweiten Stock. Eine vorherige Anmeldung ist nicht erforderlich. <strong>Ab dem 16. Januar bis Mitte Februar findet das Format am Montagnachmittag von 14:00\u201316:30 Uhr statt.<\/strong><\/p>\n\n\n\n<p>Die Schreibzeiten werden von <a rel=\"noreferrer noopener\" href=\"https:\/\/www.cedis.fu-berlin.de\/cedis\/mitarbeiter\/beschaeftigte\/aglatzmeier.html\" target=\"_blank\">Armin Glatzmeier<\/a> organisiert, der die H\u00f6hen und Tiefen von Schreibprojekten gut aus eigener Erfahrung kennt. Sie k\u00f6nnen sich jederzeit bei Fragen oder Ideen an ihn wenden. Er bietet ebenfalls eine regelm\u00e4\u00dfige <a href=\"https:\/\/www.fu-berlin.de\/sites\/ub\/lernangebote\/zitiersprechstunde\/index.html\">Online-Zitiersprechstunde<\/a> an.<\/p>\n\n\n\n<p>Nachmittagstermine bis Mitte Februar 2023 im \u00dcberblick:<\/p>\n\n\n\n<figure class=\"wp-block-table\"><table><tbody><tr><td>Schreibzeit<\/td><td>Montag, 16.01.2023<br>14:00\u201316:30<\/td><td>Zentralbibliothek, Garystr. 39<br>Coworking-Bereich (2. Stock)<\/td><\/tr><tr><td>Schreibzeit<\/td><td>Montag, 23.01.2023<br>14:00\u201316:30<\/td><td>Zentralbibliothek, Garystr. 39<br>Coworking-Bereich (2. Stock)<\/td><\/tr><tr><td>Schreibzeit<\/td><td>Montag, 30.01.2023<br>14:00\u201316:30<\/td><td>Zentralbibliothek, Garystr. 39<br>Coworking-Bereich (2. Stock)<\/td><\/tr><tr><td>Schreibzeit<\/td><td>Montag, 06.02.2023<br>14:00\u201316:30<\/td><td>Zentralbibliothek, Garystr. 39<br>Coworking-Bereich (2. Stock)<\/td><\/tr><tr><td>Schreibzeit<\/td><td>Montag, 13.02.2023<br>14:00\u201316:30<\/td><td>Zentralbibliothek, Garystr. 39<br>Coworking-Bereich (2. Stock)<\/td><\/tr><\/tbody><\/table><\/figure>\n\n\n\n<p class=\"has-small-font-size\">(Bildquelle: <a href=\"https:\/\/pixabay.com\/photos\/create-creation-creativity-laptop-3026190\/\" target=\"_blank\" rel=\"noreferrer noopener\">Pixabay.com<\/a>)<\/p>\n","protected":false},"excerpt":{"rendered":"<p>Die Zentralbibliothek bietet Ihnen ab dem Wintersemester 2022\/23 mit dem neuen Format Schreibzeit einen ablenkungsfreien Raum, um konzentriert an Ihrer Arbeit zu schreiben.&nbsp;Auf Wunsch machen wir Sie mit einer Methode vertraut, die Ihnen hilft, die zweieinhalbst\u00fcndige Schreibphase zu strukturieren, und bieten Ihnen allgemeine Beratung zum wissenschaftlichen Schreiben an. Die Schreibzeit wird in Pr\u00e4senz jeweils zweieinhalb &hellip; <a href=\"https:\/\/blogs.fu-berlin.de\/bibliotheken\/2023\/01\/16\/schreibzeit-startet-in-eine-neue-runde\/\" class=\"more-link\"><span class=\"screen-reader-text\">\u201e&#8222;Schreibzeit&#8220; startet in eine neue Runde\u201c<\/span> weiterlesen<\/a><\/p>\n","protected":false},"author":293,"featured_media":31345,"comment_status":"open","ping_status":"open","sticky":false,"template":"","format":"standard","meta":{"footnotes":""},"categories":[9,457816,491,601,70],"tags":[457828,368782,368611,340038,776],"class_list":["post-31344","post","type-post","status-publish","format-standard","has-post-thumbnail","hentry","category-allgemein","category-lehr-lernservices","category-lernangebote-kurse","category-universitatsbibliothek","category-veranstaltungen","tag-praesenzveranstaltung","tag-schreibberatung","tag-schreibzeit","tag-wissenschaftliches-schreiben","tag-zentralbibliothek"],"_links":{"self":[{"href":"https:\/\/blogs.fu-berlin.de\/bibliotheken\/wp-json\/wp\/v2\/posts\/31344","targetHints":{"allow":["GET"]}}],"collection":[{"href":"https:\/\/blogs.fu-berlin.de\/bibliotheken\/wp-json\/wp\/v2\/posts"}],"about":[{"href":"https:\/\/blogs.fu-berlin.de\/bibliotheken\/wp-json\/wp\/v2\/types\/post"}],"author":[{"embeddable":true,"href":"https:\/\/blogs.fu-berlin.de\/bibliotheken\/wp-json\/wp\/v2\/users\/293"}],"replies":[{"embeddable":true,"href":"https:\/\/blogs.fu-berlin.de\/bibliotheken\/wp-json\/wp\/v2\/comments?post=31344"}],"version-history":[{"count":3,"href":"https:\/\/blogs.fu-berlin.de\/bibliotheken\/wp-json\/wp\/v2\/posts\/31344\/revisions"}],"predecessor-version":[{"id":31348,"href":"https:\/\/blogs.fu-berlin.de\/bibliotheken\/wp-json\/wp\/v2\/posts\/31344\/revisions\/31348"}],"wp:featuredmedia":[{"embeddable":true,"href":"https:\/\/blogs.fu-berlin.de\/bibliotheken\/wp-json\/wp\/v2\/media\/31345"}],"wp:attachment":[{"href":"https:\/\/blogs.fu-berlin.de\/bibliotheken\/wp-json\/wp\/v2\/media?parent=31344"}],"wp:term":[{"taxonomy":"category","embeddable":true,"href":"https:\/\/blogs.fu-berlin.de\/bibliotheken\/wp-json\/wp\/v2\/categories?post=31344"},{"taxonomy":"post_tag","embeddable":true,"href":"https:\/\/blogs.fu-berlin.de\/bibliotheken\/wp-json\/wp\/v2\/tags?post=31344"}],"curies":[{"name":"wp","href":"https:\/\/api.w.org\/{rel}","templated":true}]}}