{"id":31388,"date":"2023-01-23T12:54:17","date_gmt":"2023-01-23T11:54:17","guid":{"rendered":"https:\/\/blogs.fu-berlin.de\/bibliotheken\/?p=31388"},"modified":"2023-01-23T12:57:20","modified_gmt":"2023-01-23T11:57:20","slug":"verlaengerte-oeffnungszeiten","status":"publish","type":"post","link":"https:\/\/blogs.fu-berlin.de\/bibliotheken\/2023\/01\/23\/verlaengerte-oeffnungszeiten\/","title":{"rendered":"Verl\u00e4ngerte \u00d6ffnungszeiten"},"content":{"rendered":"\n<p>Ab dem 23.01.2023 hat die <a href=\"https:\/\/www.wiwiss.fu-berlin.de\/bibliothek\/index.html\" data-type=\"URL\" data-id=\"https:\/\/www.wiwiss.fu-berlin.de\/bibliothek\/index.html\">Bibliothek der Wirtschaftswissenschaften<\/a> und die <a href=\"https:\/\/www.fu-berlin.de\/sites\/philbib\/index.html\" data-type=\"URL\" data-id=\"https:\/\/www.fu-berlin.de\/sites\/philbib\/index.html\">Philologische Bibliothek<\/a> ihre \u00d6ffnungszeiten verl\u00e4ngert. <\/p>\n\n\n\n<p>Am Standort der Wirtschaftswissenschaften, Garystr. 21 stehen euch die sanierten und modernen R\u00e4umlichkeiten der Bibliothek nun montags-freitags in der Zeit von 09.00 &#8211; 19 Uhr zur Verf\u00fcgung. Diese \u00d6ffnungszeiten gelten vorerst bis zum 03.03.2023. <\/p>\n\n\n\n<figure class=\"wp-block-image size-full\"><img loading=\"lazy\" decoding=\"async\" width=\"2560\" height=\"1920\" src=\"https:\/\/blogs.fu-berlin.de\/bibliotheken\/files\/2023\/01\/DSC05484-Korridor-Kabinette-scaled.jpg\" alt=\"\" class=\"wp-image-31389\" srcset=\"https:\/\/blogs.fu-berlin.de\/bibliotheken\/files\/2023\/01\/DSC05484-Korridor-Kabinette-scaled.jpg 2560w, https:\/\/blogs.fu-berlin.de\/bibliotheken\/files\/2023\/01\/DSC05484-Korridor-Kabinette-300x225.jpg 300w, https:\/\/blogs.fu-berlin.de\/bibliotheken\/files\/2023\/01\/DSC05484-Korridor-Kabinette-1536x1152.jpg 1536w, https:\/\/blogs.fu-berlin.de\/bibliotheken\/files\/2023\/01\/DSC05484-Korridor-Kabinette-2048x1536.jpg 2048w, https:\/\/blogs.fu-berlin.de\/bibliotheken\/files\/2023\/01\/DSC05484-Korridor-Kabinette-1200x900.jpg 1200w\" sizes=\"auto, (max-width: 709px) 85vw, (max-width: 909px) 67vw, (max-width: 1362px) 62vw, 840px\" \/><\/figure>\n\n\n\n<p><\/p>\n\n\n\n<p>Die Philologische Bibliothek ist auf einem guten Weg, die \u00d6ffnungszeiten die es vor der Corona-Zeit gab, wieder anzubieten. Ab sofort ist die Bibliothek am Fachbereich Philosophie und Geisteswissenschaften, Habelschwerdter Allee 45 montags-freitags wieder von 09.00 &#8211; 22.00 Uhr ge\u00f6ffnet.<\/p>\n\n\n\n<p> Ab dem 01.03.2023 wird die Philologische Bibliothek samstags von 10.00 &#8211; 20.00 Uhr wieder ge\u00f6ffnet sein. <\/p>\n\n\n\n<figure class=\"wp-block-image size-full\"><img loading=\"lazy\" decoding=\"async\" width=\"2560\" height=\"1920\" src=\"https:\/\/blogs.fu-berlin.de\/bibliotheken\/files\/2023\/01\/Philbib2023-scaled.jpg\" alt=\"\" class=\"wp-image-31392\" srcset=\"https:\/\/blogs.fu-berlin.de\/bibliotheken\/files\/2023\/01\/Philbib2023-scaled.jpg 2560w, https:\/\/blogs.fu-berlin.de\/bibliotheken\/files\/2023\/01\/Philbib2023-300x225.jpg 300w, https:\/\/blogs.fu-berlin.de\/bibliotheken\/files\/2023\/01\/Philbib2023-1536x1152.jpg 1536w, https:\/\/blogs.fu-berlin.de\/bibliotheken\/files\/2023\/01\/Philbib2023-2048x1536.jpg 2048w, https:\/\/blogs.fu-berlin.de\/bibliotheken\/files\/2023\/01\/Philbib2023-1200x900.jpg 1200w\" sizes=\"auto, (max-width: 709px) 85vw, (max-width: 909px) 67vw, (max-width: 1362px) 62vw, 840px\" \/><\/figure>\n\n\n\n<p><\/p>\n\n\n\n<p>Bildquellen: Bild 1 \u00a9Janet Wagner, Bild 2: \u00a9dbv\/Ostkreuz<\/p>\n","protected":false},"excerpt":{"rendered":"<p>Ab dem 23.01.2023 hat die Bibliothek der Wirtschaftswissenschaften und die Philologische Bibliothek ihre \u00d6ffnungszeiten verl\u00e4ngert. Am Standort der Wirtschaftswissenschaften, Garystr. 21 stehen euch die sanierten und modernen R\u00e4umlichkeiten der Bibliothek nun montags-freitags in der Zeit von 09.00 &#8211; 19 Uhr zur Verf\u00fcgung. Diese \u00d6ffnungszeiten gelten vorerst bis zum 03.03.2023. Die Philologische Bibliothek ist auf einem &hellip; <a href=\"https:\/\/blogs.fu-berlin.de\/bibliotheken\/2023\/01\/23\/verlaengerte-oeffnungszeiten\/\" class=\"more-link\"><span class=\"screen-reader-text\">\u201eVerl\u00e4ngerte \u00d6ffnungszeiten\u201c<\/span> weiterlesen<\/a><\/p>\n","protected":false},"author":5902,"featured_media":0,"comment_status":"open","ping_status":"open","sticky":false,"template":"","format":"standard","meta":{"footnotes":""},"categories":[9,600],"tags":[57466,641,187974,822],"class_list":["post-31388","post","type-post","status-publish","format-standard","hentry","category-allgemein","category-fachbibliotheken","tag-fachbibliotheken","tag-offnungszeiten","tag-philologie-bibliothek","tag-wirtschaftswissenschaftliche-bibliothek"],"_links":{"self":[{"href":"https:\/\/blogs.fu-berlin.de\/bibliotheken\/wp-json\/wp\/v2\/posts\/31388","targetHints":{"allow":["GET"]}}],"collection":[{"href":"https:\/\/blogs.fu-berlin.de\/bibliotheken\/wp-json\/wp\/v2\/posts"}],"about":[{"href":"https:\/\/blogs.fu-berlin.de\/bibliotheken\/wp-json\/wp\/v2\/types\/post"}],"author":[{"embeddable":true,"href":"https:\/\/blogs.fu-berlin.de\/bibliotheken\/wp-json\/wp\/v2\/users\/5902"}],"replies":[{"embeddable":true,"href":"https:\/\/blogs.fu-berlin.de\/bibliotheken\/wp-json\/wp\/v2\/comments?post=31388"}],"version-history":[{"count":3,"href":"https:\/\/blogs.fu-berlin.de\/bibliotheken\/wp-json\/wp\/v2\/posts\/31388\/revisions"}],"predecessor-version":[{"id":31393,"href":"https:\/\/blogs.fu-berlin.de\/bibliotheken\/wp-json\/wp\/v2\/posts\/31388\/revisions\/31393"}],"wp:attachment":[{"href":"https:\/\/blogs.fu-berlin.de\/bibliotheken\/wp-json\/wp\/v2\/media?parent=31388"}],"wp:term":[{"taxonomy":"category","embeddable":true,"href":"https:\/\/blogs.fu-berlin.de\/bibliotheken\/wp-json\/wp\/v2\/categories?post=31388"},{"taxonomy":"post_tag","embeddable":true,"href":"https:\/\/blogs.fu-berlin.de\/bibliotheken\/wp-json\/wp\/v2\/tags?post=31388"}],"curies":[{"name":"wp","href":"https:\/\/api.w.org\/{rel}","templated":true}]}}