{"id":3139,"date":"2009-11-02T17:12:24","date_gmt":"2009-11-02T16:12:24","guid":{"rendered":"https:\/\/blogs.fu-berlin.de\/bibliotheken\/?p=3139"},"modified":"2009-11-02T17:12:24","modified_gmt":"2009-11-02T16:12:24","slug":"neues-wissenschaftsmagazin-fundiert-zum-thema-raume","status":"publish","type":"post","link":"https:\/\/blogs.fu-berlin.de\/bibliotheken\/2009\/11\/02\/neues-wissenschaftsmagazin-fundiert-zum-thema-raume\/","title":{"rendered":"Neues Wissenschaftsmagazin <i>fu<\/i>ndiert zum Thema &#8222;R\u00e4ume&#8220;"},"content":{"rendered":"<p>Das Wissenschaftsmagazin <a href=\"https:\/\/www.fu-berlin.de\/presse\/publikationen\/fundiert\/index.html\"><em>fu<\/em>ndiert<\/a> der Freien Universit\u00e4t Berlin erscheint bereits seit 2001 und bietet den Leserinnen und Lesern spannende Einblicke in die Welt der Wissenschaft.<br \/>\n&#8222;Licht + Finsternis&#8220;, &#8222;Freiheit&#8220;, &#8222;Emotionen&#8220;,  &#8222;Amerika, Amerikas&#8220;, &#8222;Arbeit&#8220;, &#8222;Wasser&#8220; oder &#8222;Energie&#8220; sind Beispiele f\u00fcr die Themen der Hefte. Sie sind online abrufbar oder k\u00f6nnen in der Kommunikations- und Informationsstelle der Freien Universit\u00e4t kostenfrei bestellt werden.<br \/>\n<img loading=\"lazy\" decoding=\"async\" src=\"https:\/\/www.fu-berlin.de\/presse\/publikationen\/fundiert\/media_fundiert\/raeume_cover.jpg\" width=\"120\" height=\"169\" hspace=\"4\" vspace=\"4\" align=\"right\"><br \/>\nDas neueste Heft behandelt das Thema &#8222;R\u00e4ume&#8220;: <\/p>\n<blockquote><p>Fragen von Standort und Grenze, vom Wechselspiel zwischen Mensch und Umwelt und von den Ausma\u00dfen des Universums haben sich Menschen seit alters her gestellt. In der Neuzeit hat sich die Erforschung von Raum und Wissen oftmals zwischen verschiedenen Disziplinen der Natur-, Geistes und Sozialwissenschaften aufgeteilt.<\/p>\n<p>In der Erforschung der antiken Vorstellungen von R\u00e4umlichkeit die Disziplinen wieder zueinander zu f\u00fchren \u2013 dieses Ziel verfolgen die Wissenschaftlerinnen und Wissenschaftler des Exzellenzclusters TOPOI (griech.: Orte), das im Rahmen der Exzellenzinitiative des Bundes und der L\u00e4nder an der Freien Universit\u00e4t Berlin gef\u00f6rdert wird. Einige der Forschungsthemen von TOPOI werden in dieser Ausgabe vorgestellt. Das Thema wird zudem von Wissenschaftlern der Freien Universit\u00e4t aus einer Vielzahl unterschiedlicher Blickwinkel beleuchtet \u2013 von der Philosophie \u00fcber die Politikwissenschaft bis zur Nanophysik. [ Text: <a href=\"https:\/\/www.fu-berlin.de\/presse\/publikationen\/fundiert\/2009_1\/index.html\">Webseite der Kommunikations- und Informationsstelle der Freien Universit\u00e4t Berlin<\/a>.]<\/p><\/blockquote>\n<p>H\u00f6rt sich doch spannend an &#8230; Die Artikel sind \u00fcbrigens auch f\u00fcr interessierte Laien verst\u00e4ndlich geschrieben.<br \/>\nDie neuesten Heft von <em>fu<\/em>ndiert gib in der Zeitschriftenauslage im Lesesaal der UB unter der Signatur 28\/2001\/ 59. Gebundene Jahrg\u00e4nge stehen im <a href=\"https:\/\/www.ub.fu-berlin.de\/bibliothek\/zfm\/\">Zeitschriftenfreihandmagazin<\/a>.<\/p>\n<p>\u00dcber Aktuelles zum Bereich Forschung an der Freien Universit\u00e4t Berlin informiert auch das Online-Magazin <a href=\"https:\/\/www.fu-berlin.de\/campusleben\/forschen\/index.html\">campus.leben in der Rubrik Forschen<\/a>. <\/p>\n<h6>[Dank f\u00fcr die Idee zu diesem Posting an Marion Pohl aus der UB!]<\/h6>\n","protected":false},"excerpt":{"rendered":"<p>Das Wissenschaftsmagazin fundiert der Freien Universit\u00e4t Berlin erscheint bereits seit 2001 und bietet den Leserinnen und Lesern spannende Einblicke in die Welt der Wissenschaft. &#8222;Licht + Finsternis&#8220;, &#8222;Freiheit&#8220;, &#8222;Emotionen&#8220;, &#8222;Amerika, Amerikas&#8220;, &#8222;Arbeit&#8220;, &#8222;Wasser&#8220; oder &#8222;Energie&#8220; sind Beispiele f\u00fcr die Themen der Hefte. Sie sind online abrufbar oder k\u00f6nnen in der Kommunikations- und Informationsstelle der Freien &hellip; <a href=\"https:\/\/blogs.fu-berlin.de\/bibliotheken\/2009\/11\/02\/neues-wissenschaftsmagazin-fundiert-zum-thema-raume\/\" class=\"more-link\"><span class=\"screen-reader-text\">\u201eNeues Wissenschaftsmagazin <i>fu<\/i>ndiert zum Thema &#8222;R\u00e4ume&#8220;\u201c<\/span> weiterlesen<\/a><\/p>\n","protected":false},"author":265,"featured_media":0,"comment_status":"open","ping_status":"open","sticky":false,"template":"","format":"standard","meta":{"footnotes":""},"categories":[492],"tags":[74,1242,745],"class_list":["post-3139","post","type-post","status-publish","format-standard","hentry","category-literaturtipps","tag-freie-universitat-berlin","tag-wissenschaftsmagazin-fundiert","tag-zeitschrift"],"_links":{"self":[{"href":"https:\/\/blogs.fu-berlin.de\/bibliotheken\/wp-json\/wp\/v2\/posts\/3139","targetHints":{"allow":["GET"]}}],"collection":[{"href":"https:\/\/blogs.fu-berlin.de\/bibliotheken\/wp-json\/wp\/v2\/posts"}],"about":[{"href":"https:\/\/blogs.fu-berlin.de\/bibliotheken\/wp-json\/wp\/v2\/types\/post"}],"author":[{"embeddable":true,"href":"https:\/\/blogs.fu-berlin.de\/bibliotheken\/wp-json\/wp\/v2\/users\/265"}],"replies":[{"embeddable":true,"href":"https:\/\/blogs.fu-berlin.de\/bibliotheken\/wp-json\/wp\/v2\/comments?post=3139"}],"version-history":[{"count":23,"href":"https:\/\/blogs.fu-berlin.de\/bibliotheken\/wp-json\/wp\/v2\/posts\/3139\/revisions"}],"predecessor-version":[{"id":3227,"href":"https:\/\/blogs.fu-berlin.de\/bibliotheken\/wp-json\/wp\/v2\/posts\/3139\/revisions\/3227"}],"wp:attachment":[{"href":"https:\/\/blogs.fu-berlin.de\/bibliotheken\/wp-json\/wp\/v2\/media?parent=3139"}],"wp:term":[{"taxonomy":"category","embeddable":true,"href":"https:\/\/blogs.fu-berlin.de\/bibliotheken\/wp-json\/wp\/v2\/categories?post=3139"},{"taxonomy":"post_tag","embeddable":true,"href":"https:\/\/blogs.fu-berlin.de\/bibliotheken\/wp-json\/wp\/v2\/tags?post=3139"}],"curies":[{"name":"wp","href":"https:\/\/api.w.org\/{rel}","templated":true}]}}