{"id":31442,"date":"2023-02-14T15:19:25","date_gmt":"2023-02-14T14:19:25","guid":{"rendered":"https:\/\/blogs.fu-berlin.de\/bibliotheken\/?p=31442"},"modified":"2023-02-14T15:19:25","modified_gmt":"2023-02-14T14:19:25","slug":"schreibwoche-vom-20-bis-24-februar-2023","status":"publish","type":"post","link":"https:\/\/blogs.fu-berlin.de\/bibliotheken\/2023\/02\/14\/schreibwoche-vom-20-bis-24-februar-2023\/","title":{"rendered":"Schreibwoche vom 20. bis 24. Februar 2023"},"content":{"rendered":"\n<p>Vom 20. bis zum 24. Februar 2023 findet die <strong><a href=\"https:\/\/blogs.fu-berlin.de\/schreibwoche\/\">Schreibwoche<\/a><\/strong> an der Freien Universit\u00e4t statt. Die Veranstaltung wird von der&nbsp;<a rel=\"noreferrer noopener\" href=\"https:\/\/www.fu-berlin.de\/sites\/ub\/index.html\" target=\"_blank\">Universit\u00e4tsbibliothek<\/a>&nbsp;und <a href=\"https:\/\/www.geisteswissenschaften.fu-berlin.de\/studium\/schreibwerkstatt\/index.html\">SchreibGeist \u2013 Geisteswissenschaftliche Schreibwerkstatt<\/a> organisiert. Ziel ist es, Interessierte bei der Planung und Organisation ihrer Hausarbeiten zu unterst\u00fctzen. Wie organisiere ich meinen Schreibprozess am besten? Wo und wie finde ich die richtige Literatur zu meinem Thema? Dies sind nur ein paar Fragen, die in den Pr\u00e4senz- und Online-Kursen beantwortet werden. F\u00fcr die Teilnahme an den einzelnen Schulungen ist jeweils eine <a href=\"https:\/\/blogs.fu-berlin.de\/schreibwoche\/anmeldung\/\">Online-Anmeldung<\/a> erforderlich.<\/p>\n\n\n\n<p>Das beratende Angebot wird durch eine betreute Schreibgruppe erg\u00e4nzt, die \u00fcber die gesamte Woche jeweils am Nachmittag die M\u00f6glichkeit bietet, das erlernte umzusetzen und das eigene Schreibprojekt voranzutreiben. Der perfekte Start also in die vorlesungsfreie Zeit, um noch vor dem Urlaub die erste Hausarbeit fertigzustellen!<\/p>\n\n\n\n<p>Die Campusbibliothek hat im Altbau auf Ebene 2 eine interessante <a href=\"https:\/\/blogs.fu-berlin.de\/schreibwoche\/die-angebote-im-ueberblick#vitrinen\">Vitrinenausstellung<\/a> rund ums Thema vorbereitet. Auch findet im Anschluss an die Schreibwoche mit dem <a rel=\"noreferrer noopener\" href=\"https:\/\/www.stw.berlin\/veranstaltungskalender\/schreibmarathon.html\" target=\"_blank\">Schreibmarathon<\/a> ein \u00e4hnlich unterst\u00fctztendes Format statt.<\/p>\n","protected":false},"excerpt":{"rendered":"<p>Vom 20. bis zum 24. Februar 2023 findet die Schreibwoche an der Freien Universit\u00e4t statt. Die Veranstaltung wird von der&nbsp;Universit\u00e4tsbibliothek&nbsp;und SchreibGeist \u2013 Geisteswissenschaftliche Schreibwerkstatt organisiert. Ziel ist es, Interessierte bei der Planung und Organisation ihrer Hausarbeiten zu unterst\u00fctzen. Wie organisiere ich meinen Schreibprozess am besten? Wo und wie finde ich die richtige Literatur zu meinem &hellip; <a href=\"https:\/\/blogs.fu-berlin.de\/bibliotheken\/2023\/02\/14\/schreibwoche-vom-20-bis-24-februar-2023\/\" class=\"more-link\"><span class=\"screen-reader-text\">\u201eSchreibwoche vom 20. bis 24. Februar 2023\u201c<\/span> weiterlesen<\/a><\/p>\n","protected":false},"author":293,"featured_media":31447,"comment_status":"open","ping_status":"open","sticky":false,"template":"","format":"standard","meta":{"footnotes":""},"categories":[9,457816,491,518,493,601],"tags":[30,749,350813,1915,1859,2086,196658,1053,457832,457811,368610,57467],"class_list":["post-31442","post","type-post","status-publish","format-standard","has-post-thumbnail","hentry","category-allgemein","category-lehr-lernservices","category-lernangebote-kurse","category-fu-kataloge","category-recherchetipps","category-universitatsbibliothek","tag-datenbanken","tag-fernleihe","tag-hybrid","tag-kurse","tag-literaturverwaltung","tag-primo","tag-qualitaetskriterien","tag-recherche","tag-schreibgeist","tag-schreibwerkstatt","tag-schreibwoche","tag-universitatsbibliothek"],"_links":{"self":[{"href":"https:\/\/blogs.fu-berlin.de\/bibliotheken\/wp-json\/wp\/v2\/posts\/31442","targetHints":{"allow":["GET"]}}],"collection":[{"href":"https:\/\/blogs.fu-berlin.de\/bibliotheken\/wp-json\/wp\/v2\/posts"}],"about":[{"href":"https:\/\/blogs.fu-berlin.de\/bibliotheken\/wp-json\/wp\/v2\/types\/post"}],"author":[{"embeddable":true,"href":"https:\/\/blogs.fu-berlin.de\/bibliotheken\/wp-json\/wp\/v2\/users\/293"}],"replies":[{"embeddable":true,"href":"https:\/\/blogs.fu-berlin.de\/bibliotheken\/wp-json\/wp\/v2\/comments?post=31442"}],"version-history":[{"count":6,"href":"https:\/\/blogs.fu-berlin.de\/bibliotheken\/wp-json\/wp\/v2\/posts\/31442\/revisions"}],"predecessor-version":[{"id":31449,"href":"https:\/\/blogs.fu-berlin.de\/bibliotheken\/wp-json\/wp\/v2\/posts\/31442\/revisions\/31449"}],"wp:featuredmedia":[{"embeddable":true,"href":"https:\/\/blogs.fu-berlin.de\/bibliotheken\/wp-json\/wp\/v2\/media\/31447"}],"wp:attachment":[{"href":"https:\/\/blogs.fu-berlin.de\/bibliotheken\/wp-json\/wp\/v2\/media?parent=31442"}],"wp:term":[{"taxonomy":"category","embeddable":true,"href":"https:\/\/blogs.fu-berlin.de\/bibliotheken\/wp-json\/wp\/v2\/categories?post=31442"},{"taxonomy":"post_tag","embeddable":true,"href":"https:\/\/blogs.fu-berlin.de\/bibliotheken\/wp-json\/wp\/v2\/tags?post=31442"}],"curies":[{"name":"wp","href":"https:\/\/api.w.org\/{rel}","templated":true}]}}