{"id":3145,"date":"2009-10-26T14:38:22","date_gmt":"2009-10-26T13:38:22","guid":{"rendered":"https:\/\/blogs.fu-berlin.de\/bibliotheken\/?p=3145"},"modified":"2009-10-26T14:42:19","modified_gmt":"2009-10-26T13:42:19","slug":"bibliothek-des-jahres-steht-in-baden-wurrtemberg","status":"publish","type":"post","link":"https:\/\/blogs.fu-berlin.de\/bibliotheken\/2009\/10\/26\/bibliothek-des-jahres-steht-in-baden-wurrtemberg\/","title":{"rendered":"&#8222;Bibliothek des Jahres&#8220; steht in Baden-W\u00fcrttemberg"},"content":{"rendered":"<p>Beste Gl\u00fcckw\u00fcnsche aus Berlin nach Baden-W\u00fcrttemberg \u2013 am vergangenen Samstag ist der Preis <a href=\"https:\/\/www.bibliotheksverband.de\/bibliothekdesjahres\/\">\u201eBibliothek des Jahres 2009\u201c<\/a> des Deutschen Bibliotheksverbands an die <a href=\"https:\/\/www.biberachriss.de\/index.phtml?La=1&amp;mNavID=1515.28\">Stadtb\u00fccherei Biberach an der Ri\u00df <\/a>verliehen worden. Kreativ und flexibel w\u00fcrden dort neue Angebote und Produkte entwickelt werden, hei\u00dft es in der offiziellen Laudatio.<\/p>\n<p>Neben der Lese- und Medienkompetenzf\u00f6rderung wurde von der Jury auch die Zusammenarbeit mit den zwei st\u00e4dtischen Gymnasien hervorgehoben, die sich unter anderem in den Betrieb einer Schul-Mediothek niederschl\u00e4gt. Diese sei erfolgreich in den Lehrplan der Schule und im Unterrichtsalltag integriert.<\/p>\n<p>Die Biberacher Kollegen konnten sich gegen elf weitere nominierte Bibliotheken aus ganz Deutschland durchsetzen, darunter auch die <a href=\"https:\/\/www.buecherhallen.de\/\">Hamburger B\u00fccherhallen<\/a>, die auf Platz zwei landeten. Das Preisgeld von 30.000 Euro soll nun weiter in die Jugendarbeit investiert werden \u2013 weitere B\u00fcchereien an Schulen und eine \u201eKindergartenbibliothek\u201c sind in Biberach geplant.<\/p>\n<p>Der Preis \u201eBibliothek des Jahres\u201c wird seit dem Jahr 2000 vergeben und von der ZEIT-Stiftung Ebelin und Gerd Bucerius gestiftetet. Es ist der einzige nationale Bibliothekspreis in Deutschland. In der Vergangenheit tummelten sich unter den Gewinnern sowohl \u00f6ffentliche, als auch wissenschaftliche Bibliotheken und sogar eine Gef\u00e4ngnisbibliothek. Nach Berlin ging der Preis leider noch nie, daf\u00fcr war 2006 die Universit\u00e4tsbibliothek der BTU Cottbus (<a href=\"https:\/\/www.tu-cottbus.de\/einrichtungen\/de\/ikmz\/\">IKMZ<\/a>) erfolgreich. Aber was nicht ist, kann ja noch werden \u2026 <img decoding=\"async\" class=\"wp-smiley\" src=\"https:\/\/blogs.fu-berlin.de\/bibliotheken\/wp-includes\/images\/smilies\/icon_wink.gif\" alt=\";)\" \/><\/p>\n","protected":false},"excerpt":{"rendered":"<p>Beste Gl\u00fcckw\u00fcnsche aus Berlin nach Baden-W\u00fcrttemberg \u2013 am vergangenen Samstag ist der Preis \u201eBibliothek des Jahres 2009\u201c des Deutschen Bibliotheksverbands an die Stadtb\u00fccherei Biberach an der Ri\u00df verliehen worden. Kreativ und flexibel w\u00fcrden dort neue Angebote und Produkte entwickelt werden, hei\u00dft es in der offiziellen Laudatio. Neben der Lese- und Medienkompetenzf\u00f6rderung wurde von der Jury &hellip; <a href=\"https:\/\/blogs.fu-berlin.de\/bibliotheken\/2009\/10\/26\/bibliothek-des-jahres-steht-in-baden-wurrtemberg\/\" class=\"more-link\"><span class=\"screen-reader-text\">\u201e&#8222;Bibliothek des Jahres&#8220; steht in Baden-W\u00fcrttemberg\u201c<\/span> weiterlesen<\/a><\/p>\n","protected":false},"author":293,"featured_media":0,"comment_status":"open","ping_status":"open","sticky":false,"template":"","format":"standard","meta":{"footnotes":""},"categories":[599],"tags":[1202],"class_list":["post-3145","post","type-post","status-publish","format-standard","hentry","category-bibliothekswesen","tag-bibliothek-des-jahres-2009"],"_links":{"self":[{"href":"https:\/\/blogs.fu-berlin.de\/bibliotheken\/wp-json\/wp\/v2\/posts\/3145","targetHints":{"allow":["GET"]}}],"collection":[{"href":"https:\/\/blogs.fu-berlin.de\/bibliotheken\/wp-json\/wp\/v2\/posts"}],"about":[{"href":"https:\/\/blogs.fu-berlin.de\/bibliotheken\/wp-json\/wp\/v2\/types\/post"}],"author":[{"embeddable":true,"href":"https:\/\/blogs.fu-berlin.de\/bibliotheken\/wp-json\/wp\/v2\/users\/293"}],"replies":[{"embeddable":true,"href":"https:\/\/blogs.fu-berlin.de\/bibliotheken\/wp-json\/wp\/v2\/comments?post=3145"}],"version-history":[{"count":9,"href":"https:\/\/blogs.fu-berlin.de\/bibliotheken\/wp-json\/wp\/v2\/posts\/3145\/revisions"}],"predecessor-version":[{"id":3155,"href":"https:\/\/blogs.fu-berlin.de\/bibliotheken\/wp-json\/wp\/v2\/posts\/3145\/revisions\/3155"}],"wp:attachment":[{"href":"https:\/\/blogs.fu-berlin.de\/bibliotheken\/wp-json\/wp\/v2\/media?parent=3145"}],"wp:term":[{"taxonomy":"category","embeddable":true,"href":"https:\/\/blogs.fu-berlin.de\/bibliotheken\/wp-json\/wp\/v2\/categories?post=3145"},{"taxonomy":"post_tag","embeddable":true,"href":"https:\/\/blogs.fu-berlin.de\/bibliotheken\/wp-json\/wp\/v2\/tags?post=3145"}],"curies":[{"name":"wp","href":"https:\/\/api.w.org\/{rel}","templated":true}]}}