{"id":31477,"date":"2023-02-23T15:30:58","date_gmt":"2023-02-23T14:30:58","guid":{"rendered":"https:\/\/blogs.fu-berlin.de\/bibliotheken\/?p=31477"},"modified":"2023-02-23T16:30:55","modified_gmt":"2023-02-23T15:30:55","slug":"digital-cleanup-day-am-18-03-2023-aufraeumen-fuers-klima","status":"publish","type":"post","link":"https:\/\/blogs.fu-berlin.de\/bibliotheken\/2023\/02\/23\/digital-cleanup-day-am-18-03-2023-aufraeumen-fuers-klima\/","title":{"rendered":"Digital Cleanup Day am 18.03.2023: Aufr\u00e4umen f\u00fcrs Klima!"},"content":{"rendered":"\n<p>Nicht so sichtbar wie der Plastikm\u00fcll in den Meeren und in der Umwelt ist der digitale M\u00fcll, den das Internet, die E-Mail-Postf\u00e4cher, Clouds, Server und mobilen Endger\u00e4te rund um die Uhr erzeugen. Jeder Arbeitsplatz in der Bibliothek hat einen PC, wir arbeiten mit Laufwerken, Download-Ordnern und schreiben t\u00e4glich viele E-Mails. Doch gibt es in Ihrem Postfach Aufr\u00e4um-Regeln? Wie viele E-Mails sind nicht gelesen, wie viele Newsletter haben Sie abonniert und lesen deren Inhalt gar nicht?<\/p>\n\n\n\n<blockquote class=\"wp-block-quote is-layout-flow wp-block-quote-is-layout-flow\"><p>Etwa 100 gespeicherte Fotos und ein paar Videos auf dem Endger\u00e4t entsprechen der CO2-Produktion von 17 Kilometern Autofahrt.<\/p><cite>Quelle: <a href=\"https:\/\/www.umweltbundesamt.de\/sites\/default\/files\/medien\/2546\/dokumente\/factsheet_klimawirkung_video-streaming.pdf\">https:\/\/www.umweltbundesamt.de\/sites\/default\/files\/medien\/2546\/dokumente\/factsheet_klimawirkung_video-streaming.pdf<\/a><\/cite><\/blockquote>\n\n\n\n<p>Mit dem <a href=\"https:\/\/libraries4future.org\/petition\/\" data-type=\"URL\" data-id=\"https:\/\/libraries4future.org\/petition\/\">Bekenntnis von Bibliotheken<\/a>, Beitr\u00e4ge zum Erreichen der Ziele der Agenda 2030 zu leisten, geht einher, immer wieder auf den Pr\u00fcfstand zu stellen, wie die CO2-Emissionen in unserer allt\u00e4glichen Arbeit dauerhaft verringert werden k\u00f6nnen. Das Vermeiden und Reduzieren von digitalem M\u00fcll spielt dabei eine wichtige Rolle. <\/p>\n\n\n\n<p>Die Initiative des <a href=\"https:\/\/worldcleanupday.de\/digitalcleanupday\/\" data-type=\"URL\" data-id=\"https:\/\/worldcleanupday.de\/digitalcleanupday\/\"><em>Digital Cleanup Day <\/em><\/a>(DCD) ist ein Projekt der B\u00fcrgerbewegung  <a href=\"https:\/\/worldcleanupday.de\/lets-do-it-germany-e-v\/\" data-type=\"URL\" data-id=\"https:\/\/worldcleanupday.de\/lets-do-it-germany-e-v\/\"><em>Let&#8217;s do it! World<\/em><\/a>,  die 2008 in Estland entstanden ist. Weltweit, in lokalen Ortsgruppen, gibt es gemeinsame Aktionstage gegen die Verm\u00fcllung unseres Planeten. <\/p>\n\n\n\n<figure class=\"wp-block-image size-full\"><img loading=\"lazy\" decoding=\"async\" width=\"1473\" height=\"788\" src=\"https:\/\/blogs.fu-berlin.de\/bibliotheken\/files\/2023\/02\/DCD2023_A.jpg\" alt=\"\" class=\"wp-image-31499\" srcset=\"https:\/\/blogs.fu-berlin.de\/bibliotheken\/files\/2023\/02\/DCD2023_A.jpg 1473w, https:\/\/blogs.fu-berlin.de\/bibliotheken\/files\/2023\/02\/DCD2023_A-300x160.jpg 300w, https:\/\/blogs.fu-berlin.de\/bibliotheken\/files\/2023\/02\/DCD2023_A-1200x642.jpg 1200w\" sizes=\"auto, (max-width: 709px) 85vw, (max-width: 909px) 67vw, (max-width: 1362px) 62vw, 840px\" \/><\/figure>\n\n\n\n<p><\/p>\n\n\n\n<p>F\u00fcr den Zeitraum vom 13.03. bis zum 20.03.2023 haben Sie Gelegenheit, Ihre <a href=\"https:\/\/worldcleanupday.de\/cleanup\/aktion_anmelden\/\" data-type=\"URL\" data-id=\"https:\/\/worldcleanupday.de\/cleanup\/aktion_anmelden\/\">Aktion zum digitalen Aufr\u00e4umen anzumelden<\/a>, eine Karte macht das Engagement von Bibliotheken gut sichtbar. Was k\u00f6nnen Sie konkret tun:<\/p>\n\n\n\n<ul class=\"wp-block-list\"><li>Sprechen Sie zeitnah mit Ihrer IT-Abteilung und kl\u00e4ren ab, ob sie in Arbeitsgruppen zusammen Aufr\u00e4um-Regeln f\u00fcr Postf\u00e4cher und Laufwerke festlegen k\u00f6nnen.<\/li><li>Sprechen Sie das Thema des digitalen M\u00fclls in der n\u00e4chsten Teamsitzung an, Fakten und konkrete Anleitungen finden Sie <a href=\"https:\/\/worldcleanupday.de\/digitalcleanupday\/\" data-type=\"URL\" data-id=\"https:\/\/worldcleanupday.de\/digitalcleanupday\/\">hier<\/a> (unten bei Toolbox\/Downloads).<\/li><li>Tauschen Sie die Fakten im Familien- und Freundeskreis aus, dass CO2 Vermeidung mit dem eigenen, digitalen Verhalten anf\u00e4ngt.<\/li><li>Verbreiten Sie die Aktionen zum <em>Digital Cleanup Day<\/em> in den sozialen Medien (#DigitalCleanupDay #WorldCleanupDay)<\/li><\/ul>\n\n\n\n<p>Das <a href=\"https:\/\/www.netzwerk-gruene-bibliothek.de\/ideen-cafe-gruene-bibliothek\/#160223\" data-type=\"URL\" data-id=\"https:\/\/www.netzwerk-gruene-bibliothek.de\/ideen-cafe-gruene-bibliothek\/#160223\">Netzwerk Gr\u00fcne Bibliothek<\/a> hat beim letzten \u201eIdeen-Caf\u00e9\u201c alle n\u00fctzlichen Informationen bereitgestellt. Mit der Video-Aufzeichnung des Treffens k\u00f6nnen Sie einfach und gut informiert in das Thema einsteigen.<\/p>\n\n\n\n<hr class=\"wp-block-separator has-alpha-channel-opacity\" \/>\n\n\n\n<p>Die Universit\u00e4tsbibliothek der Freien Universit\u00e4t bietet ihren Besch\u00e4ftigten Anfang M\u00e4rz einen Workshop zum digitalen Aufr\u00e4umen unter Anleitung eines IT-Kollegen an. Also: &#8222;Take Action&#8220;, mitmachen beim &#8222;Digital Cleanup Day&#8220;!<\/p>\n\n\n\n<p><em>Bildquelle: \u00a9 worldcleanup.org\/HolgerHolland<\/em><\/p>\n","protected":false},"excerpt":{"rendered":"<p>Nicht so sichtbar wie der Plastikm\u00fcll in den Meeren und in der Umwelt ist der digitale M\u00fcll, den das Internet, die E-Mail-Postf\u00e4cher, Clouds, Server und mobilen Endger\u00e4te rund um die Uhr erzeugen. Jeder Arbeitsplatz in der Bibliothek hat einen PC, wir arbeiten mit Laufwerken, Download-Ordnern und schreiben t\u00e4glich viele E-Mails. Doch gibt es in Ihrem &hellip; <a href=\"https:\/\/blogs.fu-berlin.de\/bibliotheken\/2023\/02\/23\/digital-cleanup-day-am-18-03-2023-aufraeumen-fuers-klima\/\" class=\"more-link\"><span class=\"screen-reader-text\">\u201eDigital Cleanup Day am 18.03.2023: Aufr\u00e4umen f\u00fcrs Klima!\u201c<\/span> weiterlesen<\/a><\/p>\n","protected":false},"author":5902,"featured_media":0,"comment_status":"open","ping_status":"open","sticky":false,"template":"","format":"standard","meta":{"footnotes":""},"categories":[9,599,601,70,603],"tags":[196703,57496,457841,457842,457840,368753,368524,2678,368603,368773],"class_list":["post-31477","post","type-post","status-publish","format-standard","hentry","category-allgemein","category-bibliothekswesen","category-universitatsbibliothek","category-veranstaltungen","category-vorgestellt","tag-17-ziele-fuer-nachhaltige-entwicklung","tag-agenda-2030","tag-co2-emissionen","tag-digitaler-fussabdruck","tag-digitales-aufraeumen","tag-gruene-bibliothek","tag-libraries4future","tag-nachhaltigkeit","tag-sdgs","tag-sustainability"],"_links":{"self":[{"href":"https:\/\/blogs.fu-berlin.de\/bibliotheken\/wp-json\/wp\/v2\/posts\/31477","targetHints":{"allow":["GET"]}}],"collection":[{"href":"https:\/\/blogs.fu-berlin.de\/bibliotheken\/wp-json\/wp\/v2\/posts"}],"about":[{"href":"https:\/\/blogs.fu-berlin.de\/bibliotheken\/wp-json\/wp\/v2\/types\/post"}],"author":[{"embeddable":true,"href":"https:\/\/blogs.fu-berlin.de\/bibliotheken\/wp-json\/wp\/v2\/users\/5902"}],"replies":[{"embeddable":true,"href":"https:\/\/blogs.fu-berlin.de\/bibliotheken\/wp-json\/wp\/v2\/comments?post=31477"}],"version-history":[{"count":13,"href":"https:\/\/blogs.fu-berlin.de\/bibliotheken\/wp-json\/wp\/v2\/posts\/31477\/revisions"}],"predecessor-version":[{"id":31501,"href":"https:\/\/blogs.fu-berlin.de\/bibliotheken\/wp-json\/wp\/v2\/posts\/31477\/revisions\/31501"}],"wp:attachment":[{"href":"https:\/\/blogs.fu-berlin.de\/bibliotheken\/wp-json\/wp\/v2\/media?parent=31477"}],"wp:term":[{"taxonomy":"category","embeddable":true,"href":"https:\/\/blogs.fu-berlin.de\/bibliotheken\/wp-json\/wp\/v2\/categories?post=31477"},{"taxonomy":"post_tag","embeddable":true,"href":"https:\/\/blogs.fu-berlin.de\/bibliotheken\/wp-json\/wp\/v2\/tags?post=31477"}],"curies":[{"name":"wp","href":"https:\/\/api.w.org\/{rel}","templated":true}]}}