{"id":31506,"date":"2023-03-03T11:12:08","date_gmt":"2023-03-03T10:12:08","guid":{"rendered":"https:\/\/blogs.fu-berlin.de\/bibliotheken\/?p=31506"},"modified":"2023-03-03T11:12:08","modified_gmt":"2023-03-03T10:12:08","slug":"universitaetsbibliografie-meldung-ihrer-publikationen-2022","status":"publish","type":"post","link":"https:\/\/blogs.fu-berlin.de\/bibliotheken\/2023\/03\/03\/universitaetsbibliografie-meldung-ihrer-publikationen-2022\/","title":{"rendered":"Universit\u00e4tsbibliografie: Meldung Ihrer Publikationen 2022"},"content":{"rendered":"\n<h2 class=\"wp-block-heading\">Noch bis zum 30. April 2023 k\u00f6nnen Ver\u00f6ffentlichungen von Angeh\u00f6rigen der Freien Universit\u00e4t aus dem Jahr 2022 \u00fcber das Selbsterfassungssystem SEP eingetragen werden.<\/h2>\n\n\n\n<p>Die <a href=\"https:\/\/www.fu-berlin.de\/sites\/ub\/service\/unibibliografie\/index.html\">Universit\u00e4tsbibliografie der Freien Universit\u00e4t Berlin<\/a> erfasst seit 1981 Ver\u00f6ffentlichungen von Mitgliedern der Universit\u00e4t und wird zugleich zur Leistungsmittelberechnung des Pr\u00e4sidiums genutzt. In der <a href=\"https:\/\/frub-berlin.primo.exlibrisgroup.com\/discovery\/search?vid=49KOBV_BIBFUB:Unibib\">Universit\u00e4tsbibliografie im Bibliotheksportal Primo<\/a> sind alle gemeldeten FU-Publikationen seit 1993 dauerhaft auffindbar, recherchierbar und k\u00f6nnen auch als Datenliste in verschiedene Formate zur Weiternutzung <a href=\"https:\/\/www.fu-berlin.de\/sites\/ub\/service\/unibibliografie\/faq-unibib\/primo-recherche.html\">exportiert <\/a>werden.<\/p>\n\n\n\n<p><strong>Um eine m\u00f6glichst vollst\u00e4ndige \u00dcbersicht erstellen zu k\u00f6nnen, ben\u00f6tigt das Team der Universit\u00e4tsbibliografie Ihre Unterst\u00fctzung: <\/strong>Alle \u201eaktiv besch\u00e4ftigten\u201c Angeh\u00f6rigen der Freien Universit\u00e4t sind gebeten, ihre <strong>Publikationen des Jahres 2022 bis zum 30. April 2023<\/strong> im <a rel=\"noreferrer noopener\" href=\"https:\/\/sep.ub.fu-berlin.de\/SEP\" target=\"_blank\">Selbsterfassungssystem SEP<\/a> zu melden. Nutzen Sie hierf\u00fcr auch das schnelle und vereinfachte Eintragen der Publikationsdaten mit DOI!<\/p>\n\n\n\n<hr class=\"wp-block-separator has-alpha-channel-opacity\" \/>\n\n\n\n<p>Antworten auf die wichtigsten Fragen:<\/p>\n\n\n\n<h3 class=\"wp-block-heading\">Wer kann Publikationen in SEP eintragen?<\/h3>\n\n\n\n<p>Alle, die einen ZEDAT-Account besitzen und \u201eaktiv\u201c an der Freien Universit\u00e4t Berlin besch\u00e4ftigt sind, k\u00f6nnen Publikationen f\u00fcr sich und auch f\u00fcr andere eintragen. Nicht fest besch\u00e4ftigte FU-Angeh\u00f6rige &#8211; wie z.B. Emeriti, Lehrbeauftragte oder Promovierende &#8211; k\u00f6nnen sich an die <a rel=\"noreferrer noopener\" href=\"https:\/\/www.fu-berlin.de\/sites\/ub\/service\/unibibliografie\/kontakte_bereichsbibliotheken\/index.htm\" target=\"_blank\">SEP-Kontaktpersonen in den Bereichsbibliotheken <\/a>wenden.<\/p>\n\n\n\n<h3 class=\"wp-block-heading\">Welche Publikationen (elektronisch oder Print) k\u00f6nnen gemeldet werden?<\/h3>\n\n\n\n<p>Monografien, Herausgeber*innenschaften von B\u00fcchern, Zeitschriften oder Schriftenreihen, Buchbeitr\u00e4ge, Zeitschriftenaufs\u00e4tze, &#8218;graue&#8216; Literatur (z.B. Working Papers, Privatdrucke etc.), Rezensionen, Patentschriften, (eigene) Rundfunk- und Fernsehbeitr\u00e4ge, andere elektronische Ver\u00f6ffentlichungen.<\/p>\n\n\n\n<hr class=\"wp-block-separator has-alpha-channel-opacity\" \/>\n\n\n\n<p>Weiterf\u00fchrende Informationen, FAQs, Hilfeseiten und Kontaktdaten zur Universit\u00e4tsbibliografie finden Sie auf der <a href=\"https:\/\/www.fu-berlin.de\/sites\/ub\/service\/unibibliografie\/index.html\">Website der Universit\u00e4tsbibliothek<\/a>.<\/p>\n","protected":false},"excerpt":{"rendered":"<p>Noch bis zum 30. April 2023 k\u00f6nnen Ver\u00f6ffentlichungen von Angeh\u00f6rigen der Freien Universit\u00e4t aus dem Jahr 2022 \u00fcber das Selbsterfassungssystem SEP eingetragen werden. Die Universit\u00e4tsbibliografie der Freien Universit\u00e4t Berlin erfasst seit 1981 Ver\u00f6ffentlichungen von Mitgliedern der Universit\u00e4t und wird zugleich zur Leistungsmittelberechnung des Pr\u00e4sidiums genutzt. In der Universit\u00e4tsbibliografie im Bibliotheksportal Primo sind alle gemeldeten FU-Publikationen &hellip; <a href=\"https:\/\/blogs.fu-berlin.de\/bibliotheken\/2023\/03\/03\/universitaetsbibliografie-meldung-ihrer-publikationen-2022\/\" class=\"more-link\"><span class=\"screen-reader-text\">\u201eUniversit\u00e4tsbibliografie: Meldung Ihrer Publikationen 2022\u201c<\/span> weiterlesen<\/a><\/p>\n","protected":false},"author":7113,"featured_media":0,"comment_status":"open","ping_status":"open","sticky":false,"template":"","format":"standard","meta":{"footnotes":""},"categories":[9,601],"tags":[57564,712,74,2086,1509,1519,1518,457843,971],"class_list":["post-31506","post","type-post","status-publish","format-standard","hentry","category-allgemein","category-universitatsbibliothek","tag-bibliografie","tag-bibliographie","tag-freie-universitat-berlin","tag-primo","tag-publikationen","tag-publikationserfassung","tag-sep","tag-universitaetsbibliografie","tag-universitatsbibliographie"],"_links":{"self":[{"href":"https:\/\/blogs.fu-berlin.de\/bibliotheken\/wp-json\/wp\/v2\/posts\/31506","targetHints":{"allow":["GET"]}}],"collection":[{"href":"https:\/\/blogs.fu-berlin.de\/bibliotheken\/wp-json\/wp\/v2\/posts"}],"about":[{"href":"https:\/\/blogs.fu-berlin.de\/bibliotheken\/wp-json\/wp\/v2\/types\/post"}],"author":[{"embeddable":true,"href":"https:\/\/blogs.fu-berlin.de\/bibliotheken\/wp-json\/wp\/v2\/users\/7113"}],"replies":[{"embeddable":true,"href":"https:\/\/blogs.fu-berlin.de\/bibliotheken\/wp-json\/wp\/v2\/comments?post=31506"}],"version-history":[{"count":8,"href":"https:\/\/blogs.fu-berlin.de\/bibliotheken\/wp-json\/wp\/v2\/posts\/31506\/revisions"}],"predecessor-version":[{"id":31514,"href":"https:\/\/blogs.fu-berlin.de\/bibliotheken\/wp-json\/wp\/v2\/posts\/31506\/revisions\/31514"}],"wp:attachment":[{"href":"https:\/\/blogs.fu-berlin.de\/bibliotheken\/wp-json\/wp\/v2\/media?parent=31506"}],"wp:term":[{"taxonomy":"category","embeddable":true,"href":"https:\/\/blogs.fu-berlin.de\/bibliotheken\/wp-json\/wp\/v2\/categories?post=31506"},{"taxonomy":"post_tag","embeddable":true,"href":"https:\/\/blogs.fu-berlin.de\/bibliotheken\/wp-json\/wp\/v2\/tags?post=31506"}],"curies":[{"name":"wp","href":"https:\/\/api.w.org\/{rel}","templated":true}]}}