{"id":31536,"date":"2023-03-07T15:18:46","date_gmt":"2023-03-07T14:18:46","guid":{"rendered":"https:\/\/blogs.fu-berlin.de\/bibliotheken\/?p=31536"},"modified":"2023-03-07T17:13:33","modified_gmt":"2023-03-07T16:13:33","slug":"zum-internationalen-frauentag-2023","status":"publish","type":"post","link":"https:\/\/blogs.fu-berlin.de\/bibliotheken\/2023\/03\/07\/zum-internationalen-frauentag-2023\/","title":{"rendered":"Zum Internationalen Frauentag 2023"},"content":{"rendered":"\n<h2 class=\"wp-block-heading\">Der Internationale Frauentag, der jedes Jahr am 8. M\u00e4rz begangen wird, ist im Land Berlin seit 2019 ein gesetzlicher Feiertag. Die Bibliotheken der Freien Universit\u00e4t Berlin bleiben daher an diesem Tag geschlossen. \u2013 Mehr Zeit f\u00fcr interessante Lekt\u00fcre vielleicht? <\/h2>\n\n\n\n<hr class=\"wp-block-separator has-alpha-channel-opacity\" \/>\n\n\n\n<p>Ob zwischen vielen Tausend Buchdeckeln oder in den virtuellen Weiten des <a href=\"https:\/\/fu-berlin.primo.exlibrisgroup.com\/discovery\/search?vid=49KOBV_FUB:FUB\">Bibliotheksportals PRIMO<\/a> (das Ihnen selbstverst\u00e4ndlich auch am Feiertag f\u00fcr die Literaturrecherche zur Verf\u00fcgung steht): In den Best\u00e4nden der FU-Bibliotheken gibt es eine schier unersch\u00f6pfliche Zahl interessanter Frauen zu entdecken \u2013 Wissenschaftlerinnen, Autorinnen, Herausgeberinnen, \u00dcbersetzerinnen ebenso wie Frauen als Sujet unterschiedlichster Forschungen und Publikationen. <\/p>\n\n\n\n<p>Unsere Kollegin Angelika Krieser aus der <a href=\"https:\/\/www.polsoz.fu-berlin.de\/bibliothek\/\" data-type=\"URL\" data-id=\"https:\/\/www.polsoz.fu-berlin.de\/bibliothek\/\">Bibliothek f\u00fcr Sozialwissenschaften und Osteuropastudien<\/a> hat aus Anlass des Internationalen Frauentages eine kleine Auswahl von Fundst\u00fccken aus den Best\u00e4nden ihrer Bibliothek f\u00fcr Sie zusammengestellt, die vielf\u00e4ltige thematische Aspekte und Perspektiven rund um Frauen in der Gesellschaft versammeln \u2013 darunter Werke aus allen f\u00fcnf Sammelschwerpunkten der Bibliothek: Politik, Soziologie, Publizistik, Sozial- und Kulturanthropologie sowie Osteuropastudien. <\/p>\n\n\n\n<p><a href=\"https:\/\/blogs.fu-berlin.de\/bibliotheken\/files\/2023\/03\/Internat-Frauentag_Literaturliste-FUBerlin-BSwO_AutorinA-Z.pdf\" data-type=\"URL\" data-id=\"https:\/\/blogs.fu-berlin.de\/bibliotheken\/files\/2023\/03\/Internat-Frauentag_Literaturliste-FUBerlin-BSwO_AutorinA-Z.pdf\"><strong>Literaturliste zum Internationalen Frauentag \u2013 Download (PDF)<\/strong> <\/a><\/p>\n\n\n\n<p>Wir w\u00fcnschen viel Freude beim Lesen und st\u00f6bern \u2013 und einen inspirierenden Weltfrauentag! <\/p>\n","protected":false},"excerpt":{"rendered":"<p>Der Internationale Frauentag, der jedes Jahr am 8. M\u00e4rz begangen wird, ist im Land Berlin seit 2019 ein gesetzlicher Feiertag. Die Bibliotheken der Freien Universit\u00e4t Berlin bleiben daher an diesem Tag geschlossen. \u2013 Mehr Zeit f\u00fcr interessante Lekt\u00fcre vielleicht? Ob zwischen vielen Tausend Buchdeckeln oder in den virtuellen Weiten des Bibliotheksportals PRIMO (das Ihnen selbstverst\u00e4ndlich &hellip; <a href=\"https:\/\/blogs.fu-berlin.de\/bibliotheken\/2023\/03\/07\/zum-internationalen-frauentag-2023\/\" class=\"more-link\"><span class=\"screen-reader-text\">\u201eZum Internationalen Frauentag 2023\u201c<\/span> weiterlesen<\/a><\/p>\n","protected":false},"author":7113,"featured_media":31537,"comment_status":"open","ping_status":"open","sticky":false,"template":"","format":"standard","meta":{"footnotes":""},"categories":[9,600,601],"tags":[218353,12051,56870,187994,17258,187995,457852,196659,1495,963,941,457851,368667,1552,965,187996],"class_list":["post-31536","post","type-post","status-publish","format-standard","has-post-thumbnail","hentry","category-allgemein","category-fachbibliotheken","category-universitatsbibliothek","tag-feiertag","tag-frauenbewegung","tag-frauenforschung","tag-frauentag","tag-gender-studies","tag-internationaler-frauentag","tag-lektuere-tipp","tag-literaturauswahl","tag-literaturlisten","tag-politikwissenschaft","tag-publizistik","tag-schliesstag","tag-schliesszeiten","tag-sozialwissenschaften","tag-soziologie","tag-weltfrauentag"],"_links":{"self":[{"href":"https:\/\/blogs.fu-berlin.de\/bibliotheken\/wp-json\/wp\/v2\/posts\/31536","targetHints":{"allow":["GET"]}}],"collection":[{"href":"https:\/\/blogs.fu-berlin.de\/bibliotheken\/wp-json\/wp\/v2\/posts"}],"about":[{"href":"https:\/\/blogs.fu-berlin.de\/bibliotheken\/wp-json\/wp\/v2\/types\/post"}],"author":[{"embeddable":true,"href":"https:\/\/blogs.fu-berlin.de\/bibliotheken\/wp-json\/wp\/v2\/users\/7113"}],"replies":[{"embeddable":true,"href":"https:\/\/blogs.fu-berlin.de\/bibliotheken\/wp-json\/wp\/v2\/comments?post=31536"}],"version-history":[{"count":11,"href":"https:\/\/blogs.fu-berlin.de\/bibliotheken\/wp-json\/wp\/v2\/posts\/31536\/revisions"}],"predecessor-version":[{"id":31550,"href":"https:\/\/blogs.fu-berlin.de\/bibliotheken\/wp-json\/wp\/v2\/posts\/31536\/revisions\/31550"}],"wp:featuredmedia":[{"embeddable":true,"href":"https:\/\/blogs.fu-berlin.de\/bibliotheken\/wp-json\/wp\/v2\/media\/31537"}],"wp:attachment":[{"href":"https:\/\/blogs.fu-berlin.de\/bibliotheken\/wp-json\/wp\/v2\/media?parent=31536"}],"wp:term":[{"taxonomy":"category","embeddable":true,"href":"https:\/\/blogs.fu-berlin.de\/bibliotheken\/wp-json\/wp\/v2\/categories?post=31536"},{"taxonomy":"post_tag","embeddable":true,"href":"https:\/\/blogs.fu-berlin.de\/bibliotheken\/wp-json\/wp\/v2\/tags?post=31536"}],"curies":[{"name":"wp","href":"https:\/\/api.w.org\/{rel}","templated":true}]}}