{"id":31589,"date":"2023-03-14T14:14:57","date_gmt":"2023-03-14T13:14:57","guid":{"rendered":"https:\/\/blogs.fu-berlin.de\/bibliotheken\/?p=31589"},"modified":"2023-03-14T14:14:57","modified_gmt":"2023-03-14T13:14:57","slug":"bibliothek-geschichts-und-kunstwissenschaften-bleibt-vom-20-bis-24-maerz-2023-geschlossen","status":"publish","type":"post","link":"https:\/\/blogs.fu-berlin.de\/bibliotheken\/2023\/03\/14\/bibliothek-geschichts-und-kunstwissenschaften-bleibt-vom-20-bis-24-maerz-2023-geschlossen\/","title":{"rendered":"Bibliothek Geschichts- und Kunstwissenschaften bleibt vom 20. bis 24. M\u00e4rz 2023 geschlossen"},"content":{"rendered":"\n<p>Die Bibliothek Geschichts- und Kunstwissenschaften (<a href=\"https:\/\/www.geschkult.fu-berlin.de\/e\/fmi\/bibliothek\/\">FMI<\/a> \/ <a href=\"https:\/\/www.geschkult.fu-berlin.de\/e\/khi\/ressourcen\/bibliotheken\/index.html\">KHI<\/a>) in der Koserstr. 20 bleibt <strong>vom 20.\u201324.03.2023 (Montag bis Freitag)<\/strong> aus betrieblichen Gr\u00fcnden geschlossen. Die Ausleihe und R\u00fcckgabe von Medien sowie die Abholung von Bereitstellungen wird in diesem Zeitraum nicht m\u00f6glich sein. Leihfristen werden automatisch verl\u00e4ngert. R\u00fcckgaben k\u00f6nnen in den anderen <a rel=\"noreferrer noopener\" href=\"https:\/\/www.fu-berlin.de\/sites\/bibliotheken\/bibliothekenfuehrer\/bereiche\/index.html\" target=\"_blank\">FU-Bibliotheken<\/a> erfolgen.<\/p>\n\n\n\n<p><a target=\"_blank\" href=\"https:\/\/www.fu-berlin.de\/sites\/ub\/service\/digitalisierung\/index.html\" rel=\"noreferrer noopener\">Digitalisierungsauftr\u00e4ge<\/a> und Anfragen per<a target=\"_blank\" href=\"mailto:ausleihe@geschkult.fu-berlin.de\" rel=\"noreferrer noopener\"> E-Mail<\/a> werden weiterhin bearbeitet. Ab Montag, den 27.03.2023 ist die Bibliothek wieder ge\u00f6ffnet: Mo \u2013 Do von 9.00 bis 19.00 Uhr und Fr von 9.00 bis 18.00 Uhr (\u00d6ffnungszeiten w\u00e4hrend der vorlesungsfreien Zeit.)<\/p>\n\n\n\n<p>Wir bitten um Ihr Verst\u00e4ndis.<\/p>\n\n\n\n<p class=\"has-small-font-size\">(Bild: Hubert Graml)<\/p>\n\n\n\n<hr class=\"wp-block-separator has-alpha-channel-opacity\" \/>\n\n\n\n<p>The History and Art Sciences Library (<a href=\"https:\/\/www.geschkult.fu-berlin.de\/e\/fmi\/bibliothek\/\">FMI<\/a> \/ <a href=\"https:\/\/www.geschkult.fu-berlin.de\/e\/khi\/ressourcen\/bibliotheken\/index.html\">KHI<\/a>) in Koserstr. 20 will remain closed<strong> from March 20th to 24th, 2023 (Monday to Friday)<\/strong> for operational reasons. It will not be possible to borrow and return media or collect items during this period. Loan periods are automatically extended. Returns can be made to the <a href=\"https:\/\/www.fu-berlin.de\/en\/sites\/bibliotheken\/bibliothekenfuehrer\/bereiche\/index.html\">other FU libraries<\/a>.<\/p>\n\n\n\n<p><a href=\"https:\/\/www.fu-berlin.de\/en\/sites\/ub\/service\/digitalisierung\/index.html\">Digitization Services<\/a> and inquiries by e-mail will continue to be processed. The library will be open again from Monday, March 27th, 2023: Mon \u2013 Thu from 9 a.m. to 7 p.m. and Fri from 9 a.m. to 6 p.m. (opening hours during the lecture-free period.)<\/p>\n\n\n\n<p>We ask for your understanding.<\/p>\n\n\n\n<p class=\"has-small-font-size\">(Picture: Hubert Graml)<\/p>\n","protected":false},"excerpt":{"rendered":"<p>Die Bibliothek Geschichts- und Kunstwissenschaften (FMI \/ KHI) in der Koserstr. 20 bleibt vom 20.\u201324.03.2023 (Montag bis Freitag) aus betrieblichen Gr\u00fcnden geschlossen. Die Ausleihe und R\u00fcckgabe von Medien sowie die Abholung von Bereitstellungen wird in diesem Zeitraum nicht m\u00f6glich sein. Leihfristen werden automatisch verl\u00e4ngert. R\u00fcckgaben k\u00f6nnen in den anderen FU-Bibliotheken erfolgen. Digitalisierungsauftr\u00e4ge und Anfragen per &hellip; <a href=\"https:\/\/blogs.fu-berlin.de\/bibliotheken\/2023\/03\/14\/bibliothek-geschichts-und-kunstwissenschaften-bleibt-vom-20-bis-24-maerz-2023-geschlossen\/\" class=\"more-link\"><span class=\"screen-reader-text\">\u201eBibliothek Geschichts- und Kunstwissenschaften bleibt vom 20. bis 24. M\u00e4rz 2023 geschlossen\u201c<\/span> weiterlesen<\/a><\/p>\n","protected":false},"author":293,"featured_media":31591,"comment_status":"open","ping_status":"open","sticky":false,"template":"","format":"standard","meta":{"footnotes":""},"categories":[9,600],"tags":[297,457853,2392,2393,237774],"class_list":["post-31589","post","type-post","status-publish","format-standard","has-post-thumbnail","hentry","category-allgemein","category-fachbibliotheken","tag-bibliothek","tag-bibliothek-geschichts-und-kulturwissenschaften","tag-fmi","tag-khi","tag-sonderschliesszeiten"],"_links":{"self":[{"href":"https:\/\/blogs.fu-berlin.de\/bibliotheken\/wp-json\/wp\/v2\/posts\/31589","targetHints":{"allow":["GET"]}}],"collection":[{"href":"https:\/\/blogs.fu-berlin.de\/bibliotheken\/wp-json\/wp\/v2\/posts"}],"about":[{"href":"https:\/\/blogs.fu-berlin.de\/bibliotheken\/wp-json\/wp\/v2\/types\/post"}],"author":[{"embeddable":true,"href":"https:\/\/blogs.fu-berlin.de\/bibliotheken\/wp-json\/wp\/v2\/users\/293"}],"replies":[{"embeddable":true,"href":"https:\/\/blogs.fu-berlin.de\/bibliotheken\/wp-json\/wp\/v2\/comments?post=31589"}],"version-history":[{"count":3,"href":"https:\/\/blogs.fu-berlin.de\/bibliotheken\/wp-json\/wp\/v2\/posts\/31589\/revisions"}],"predecessor-version":[{"id":31593,"href":"https:\/\/blogs.fu-berlin.de\/bibliotheken\/wp-json\/wp\/v2\/posts\/31589\/revisions\/31593"}],"wp:featuredmedia":[{"embeddable":true,"href":"https:\/\/blogs.fu-berlin.de\/bibliotheken\/wp-json\/wp\/v2\/media\/31591"}],"wp:attachment":[{"href":"https:\/\/blogs.fu-berlin.de\/bibliotheken\/wp-json\/wp\/v2\/media?parent=31589"}],"wp:term":[{"taxonomy":"category","embeddable":true,"href":"https:\/\/blogs.fu-berlin.de\/bibliotheken\/wp-json\/wp\/v2\/categories?post=31589"},{"taxonomy":"post_tag","embeddable":true,"href":"https:\/\/blogs.fu-berlin.de\/bibliotheken\/wp-json\/wp\/v2\/tags?post=31589"}],"curies":[{"name":"wp","href":"https:\/\/api.w.org\/{rel}","templated":true}]}}