{"id":31639,"date":"2023-04-11T15:27:28","date_gmt":"2023-04-11T14:27:28","guid":{"rendered":"https:\/\/blogs.fu-berlin.de\/bibliotheken\/?p=31639"},"modified":"2023-04-12T11:53:53","modified_gmt":"2023-04-12T10:53:53","slug":"philologische-bibliothek-verlaengert-oeffnungszeiten-am-wochenende","status":"publish","type":"post","link":"https:\/\/blogs.fu-berlin.de\/bibliotheken\/2023\/04\/11\/philologische-bibliothek-verlaengert-oeffnungszeiten-am-wochenende\/","title":{"rendered":"Philologische Bibliothek verl\u00e4ngert \u00d6ffnungszeiten am Wochenende"},"content":{"rendered":"\n<p>Seit dieser Woche hat die <a href=\"https:\/\/www.fu-berlin.de\/sites\/philbib\/index.html\">Philologische Bibliothek<\/a> ihre \u00d6ffnungszeiten auf den Stand vor der Corona-Pandemie angepasst. Der Standort an der Habelschwerdter Allee 45 hat ab sofort von Montag bis Freitag 9:00 bis 22:00 Uhr sowie Samstag und Sonntag jeweils von 10:00 bis 20:00 Uhr ge\u00f6ffnet.<br><br>Wir freuen uns, Ihnen einige Stunden l\u00e4nger unsere Services anbieten zu k\u00f6nnen.<\/p>\n\n\n\n<p class=\"has-small-font-size\">(Bildquelle: \u00a9 dbv\/Thomas Meyer\/Ostkreuz)<\/p>\n","protected":false},"excerpt":{"rendered":"<p>Seit dieser Woche hat die Philologische Bibliothek ihre \u00d6ffnungszeiten auf den Stand vor der Corona-Pandemie angepasst. Der Standort an der Habelschwerdter Allee 45 hat ab sofort von Montag bis Freitag 9:00 bis 22:00 Uhr sowie Samstag und Sonntag jeweils von 10:00 bis 20:00 Uhr ge\u00f6ffnet. Wir freuen uns, Ihnen einige Stunden l\u00e4nger unsere Services anbieten &hellip; <a href=\"https:\/\/blogs.fu-berlin.de\/bibliotheken\/2023\/04\/11\/philologische-bibliothek-verlaengert-oeffnungszeiten-am-wochenende\/\" class=\"more-link\"><span class=\"screen-reader-text\">\u201ePhilologische Bibliothek verl\u00e4ngert \u00d6ffnungszeiten am Wochenende\u201c<\/span> weiterlesen<\/a><\/p>\n","protected":false},"author":293,"featured_media":31642,"comment_status":"open","ping_status":"open","sticky":false,"template":"","format":"standard","meta":{"footnotes":""},"categories":[9,599,600],"tags":[641,515],"class_list":["post-31639","post","type-post","status-publish","format-standard","has-post-thumbnail","hentry","category-allgemein","category-bibliothekswesen","category-fachbibliotheken","tag-offnungszeiten","tag-philologische-bibliothek"],"_links":{"self":[{"href":"https:\/\/blogs.fu-berlin.de\/bibliotheken\/wp-json\/wp\/v2\/posts\/31639","targetHints":{"allow":["GET"]}}],"collection":[{"href":"https:\/\/blogs.fu-berlin.de\/bibliotheken\/wp-json\/wp\/v2\/posts"}],"about":[{"href":"https:\/\/blogs.fu-berlin.de\/bibliotheken\/wp-json\/wp\/v2\/types\/post"}],"author":[{"embeddable":true,"href":"https:\/\/blogs.fu-berlin.de\/bibliotheken\/wp-json\/wp\/v2\/users\/293"}],"replies":[{"embeddable":true,"href":"https:\/\/blogs.fu-berlin.de\/bibliotheken\/wp-json\/wp\/v2\/comments?post=31639"}],"version-history":[{"count":5,"href":"https:\/\/blogs.fu-berlin.de\/bibliotheken\/wp-json\/wp\/v2\/posts\/31639\/revisions"}],"predecessor-version":[{"id":31645,"href":"https:\/\/blogs.fu-berlin.de\/bibliotheken\/wp-json\/wp\/v2\/posts\/31639\/revisions\/31645"}],"wp:featuredmedia":[{"embeddable":true,"href":"https:\/\/blogs.fu-berlin.de\/bibliotheken\/wp-json\/wp\/v2\/media\/31642"}],"wp:attachment":[{"href":"https:\/\/blogs.fu-berlin.de\/bibliotheken\/wp-json\/wp\/v2\/media?parent=31639"}],"wp:term":[{"taxonomy":"category","embeddable":true,"href":"https:\/\/blogs.fu-berlin.de\/bibliotheken\/wp-json\/wp\/v2\/categories?post=31639"},{"taxonomy":"post_tag","embeddable":true,"href":"https:\/\/blogs.fu-berlin.de\/bibliotheken\/wp-json\/wp\/v2\/tags?post=31639"}],"curies":[{"name":"wp","href":"https:\/\/api.w.org\/{rel}","templated":true}]}}