{"id":31693,"date":"2023-05-02T08:06:25","date_gmt":"2023-05-02T07:06:25","guid":{"rendered":"https:\/\/blogs.fu-berlin.de\/bibliotheken\/?p=31693"},"modified":"2023-05-02T08:15:49","modified_gmt":"2023-05-02T07:15:49","slug":"wiedereroeffnung-der-magazine-der-zentralbibliothek","status":"publish","type":"post","link":"https:\/\/blogs.fu-berlin.de\/bibliotheken\/2023\/05\/02\/wiedereroeffnung-der-magazine-der-zentralbibliothek\/","title":{"rendered":"Wiederer\u00f6ffnung der Magazine der Zentralbibliothek"},"content":{"rendered":"\n<p>Ab Dienstag, den 02.05.2023 sind die Magazine der <a href=\"https:\/\/www.fu-berlin.de\/sites\/ub\">Zentralbibliothek<\/a> in der Garystr. 39 wieder f\u00fcr alle Nutzenden zug\u00e4nglich. Sie k\u00f6nnen Medien dann entweder selbst aus den Regalen holen oder weiterhin \u00fcber das <a rel=\"noreferrer noopener\" href=\"https:\/\/primo.fu-berlin.de\" target=\"_blank\">Bibliotheksportal Primo<\/a> zur Abholung an der Leihstelle bestellen.<br><br>Neu ist, dass auch die Best\u00e4nde des Lesesaals nun ausgeliehen werden k\u00f6nnen. Diese stehen gemeinsam mit allen neuerworbenen B\u00fcchern und den laufenden Zeitschriften thematisch sortiert bereit. Die Grundlage dazu<br>ist die <a rel=\"noreferrer noopener\" href=\"https:\/\/rvk.uni-regensburg.de\/regensburger-verbundklassifikation-online\" target=\"_blank\">Regensburger Verbundklassifikation<\/a> (RVK).<br><br>Zug\u00e4nglich sind die neuen RVK-Best\u00e4nde, abh\u00e4ngig vom Fach, \u00fcber die Leihstelle im 1. OG oder den Lesesaal im 2. OG.<\/p>\n\n\n\n<p class=\"has-small-font-size\">(Bild: Marc Spieseke)<\/p>\n\n\n\n<hr class=\"wp-block-separator has-alpha-channel-opacity\" \/>\n\n\n\n<p>From Tuesday, May 2nd, 2023, the stacks of the <a href=\"https:\/\/www.fu-berlin.de\/en\/sites\/ub\/index.html\">Central Library<\/a> are again accessible to all users. You can then either pick up media from the shelves by yourself or continue to order them via the <a href=\"https:\/\/primo.fu-berlin.de\/en\">Library Portal Primo<\/a> to be picked up at the circulation desk.<\/p>\n\n\n\n<p>A new feature is that the holdings in the reading room can now also be borrowed. These are available together with all newly acquired books and the current journals, sorted by topic. The basis for this is the <a rel=\"noreferrer noopener\" href=\"https:\/\/rvk.uni-regensburg.de\/regensburger-verbundklassifikation-online\" target=\"_blank\">Regensburger Verbundklassifikation<\/a> (RVK), a German library classification system.<\/p>\n\n\n\n<p>The new RVK holdings are accessible, depending on the subject, via the circulation desk on the 1st floor or the reading room on the 2nd floor.<\/p>\n\n\n\n<p class=\"has-small-font-size\">(Image: Marc Spieseke)<\/p>\n","protected":false},"excerpt":{"rendered":"<p>Ab Dienstag, den 02.05.2023 sind die Magazine der Zentralbibliothek in der Garystr. 39 wieder f\u00fcr alle Nutzenden zug\u00e4nglich. Sie k\u00f6nnen Medien dann entweder selbst aus den Regalen holen oder weiterhin \u00fcber das Bibliotheksportal Primo zur Abholung an der Leihstelle bestellen. Neu ist, dass auch die Best\u00e4nde des Lesesaals nun ausgeliehen werden k\u00f6nnen. Diese stehen gemeinsam &hellip; <a href=\"https:\/\/blogs.fu-berlin.de\/bibliotheken\/2023\/05\/02\/wiedereroeffnung-der-magazine-der-zentralbibliothek\/\" class=\"more-link\"><span class=\"screen-reader-text\">\u201eWiederer\u00f6ffnung der Magazine der Zentralbibliothek\u201c<\/span> weiterlesen<\/a><\/p>\n","protected":false},"author":293,"featured_media":31703,"comment_status":"open","ping_status":"open","sticky":false,"template":"","format":"standard","meta":{"footnotes":""},"categories":[9,601],"tags":[368675,457861,457860,776],"class_list":["post-31693","post","type-post","status-publish","format-standard","has-post-thumbnail","hentry","category-allgemein","category-universitatsbibliothek","tag-garystr-39","tag-offenes-magazin","tag-wiederoeffnung","tag-zentralbibliothek"],"_links":{"self":[{"href":"https:\/\/blogs.fu-berlin.de\/bibliotheken\/wp-json\/wp\/v2\/posts\/31693","targetHints":{"allow":["GET"]}}],"collection":[{"href":"https:\/\/blogs.fu-berlin.de\/bibliotheken\/wp-json\/wp\/v2\/posts"}],"about":[{"href":"https:\/\/blogs.fu-berlin.de\/bibliotheken\/wp-json\/wp\/v2\/types\/post"}],"author":[{"embeddable":true,"href":"https:\/\/blogs.fu-berlin.de\/bibliotheken\/wp-json\/wp\/v2\/users\/293"}],"replies":[{"embeddable":true,"href":"https:\/\/blogs.fu-berlin.de\/bibliotheken\/wp-json\/wp\/v2\/comments?post=31693"}],"version-history":[{"count":6,"href":"https:\/\/blogs.fu-berlin.de\/bibliotheken\/wp-json\/wp\/v2\/posts\/31693\/revisions"}],"predecessor-version":[{"id":31704,"href":"https:\/\/blogs.fu-berlin.de\/bibliotheken\/wp-json\/wp\/v2\/posts\/31693\/revisions\/31704"}],"wp:featuredmedia":[{"embeddable":true,"href":"https:\/\/blogs.fu-berlin.de\/bibliotheken\/wp-json\/wp\/v2\/media\/31703"}],"wp:attachment":[{"href":"https:\/\/blogs.fu-berlin.de\/bibliotheken\/wp-json\/wp\/v2\/media?parent=31693"}],"wp:term":[{"taxonomy":"category","embeddable":true,"href":"https:\/\/blogs.fu-berlin.de\/bibliotheken\/wp-json\/wp\/v2\/categories?post=31693"},{"taxonomy":"post_tag","embeddable":true,"href":"https:\/\/blogs.fu-berlin.de\/bibliotheken\/wp-json\/wp\/v2\/tags?post=31693"}],"curies":[{"name":"wp","href":"https:\/\/api.w.org\/{rel}","templated":true}]}}