{"id":31769,"date":"2023-05-23T08:40:13","date_gmt":"2023-05-23T07:40:13","guid":{"rendered":"https:\/\/blogs.fu-berlin.de\/bibliotheken\/?p=31769"},"modified":"2023-05-23T14:12:11","modified_gmt":"2023-05-23T13:12:11","slug":"bibliocon-2023-startet-in-hannover","status":"publish","type":"post","link":"https:\/\/blogs.fu-berlin.de\/bibliotheken\/2023\/05\/23\/bibliocon-2023-startet-in-hannover\/","title":{"rendered":"BiblioCON 2023 startet in Hannover"},"content":{"rendered":"\n<p>Ab heute ist es wieder so weit \u2013 mit der <a rel=\"noreferrer noopener\" href=\"https:\/\/2023.bibliocon.de\/\" target=\"_blank\">BiblioCON 2023<\/a> findet die wichtigste und gr\u00f6\u00dfte Fortbildungsveranstaltung der Bibliotheksbranche vom 23. bis 26. Mai in Hannover statt. Veranstalter sind der Berufsverband Information Bibliothek (BIB) und der Verein Deutscher Bibliothekarinnen und Bibliothekare  (VDB). Erwartet werden rund 3500 Teilnehmende aus 18 L\u00e4ndern. Die <a href=\"https:\/\/www.fu-berlin.de\/sites\/ub\">Universit\u00e4tsbibliothek<\/a> der Freien Universit\u00e4t ist in diesem Jahr besonders zahlreich vertreten. Unsere Kolleginnen und Kollegen pr\u00e4sentieren verschiedenste Vortr\u00e4ge und sind unter anderem an Podiumsdiskussionen und Posterpr\u00e4sentationen beteiligt.<\/p>\n\n\n\n<p>Dies diesj\u00e4hrige Veranstaltung wartet mit einem Novum auf: Zur 111. Auflage wurde die bisherige Bezeichnung \u201eBibliothekartag\u201c verworfen.  Ab sofort k\u00f6nnen sich unter dem neuen, zeitgem\u00e4\u00dferen Namen BiblioCON weibliche Berufsangeh\u00f6rige, die die gro\u00dfe Mehrheit der Besch\u00e4ftigten stellen, und Angeh\u00f6rige anderer geschlechtlicher Identit\u00e4ten mit der Veranstaltung besser identifizieren. Auch finden sich in wissenschaftlichen und \u00f6ffentlichen Bibliotheken nicht mehr \u201enur\u201c ausgebildete Bibliothekarinnen und Bibliothekare \u2013 unter anderem z\u00e4hlen immer mehr P\u00e4dagoginnen und P\u00e4dagogen, Informatikerinnen und Informatiker sowie <a href=\"https:\/\/www.fu-berlin.de\/sites\/ub\/ueber-uns\/ausbildung\/fami\/index.html\">Fachangestellte f\u00fcr Medien- und Informationsdienste<\/a> (FaMIs) zum Besch\u00e4ftigtenkreis.<\/p>\n\n\n\n<p>Mit insgesamt 12 Vortr\u00e4gen, 2 Podiumsdiskussions-Auftritten, 2 Posterpr\u00e4sentationen und einer \u00f6ffentlichen Arbeitssitzung ist unsere Universit\u00e4tsbibliothek mit geballter und vielf\u00e4ltiger Fachkompetenz auf der BiblioCON pr\u00e4sent. Wie jedes Jahr gibt es zum Teil auch die M\u00f6glichkeit, aus der Ferne per Streaming am Kongress teilzunehmen beziehungsweise \u00fcber Socia-Media-Kan\u00e4le mit den Hashtags <strong>#111BiblioCon<\/strong>  bzw. <strong>#revonnah<\/strong> live davon zu berichten.<\/p>\n\n\n\n<p>Hier folgt eine Programm-\u00dcbersicht aller Beitr\u00e4ge von Kolleg*innen unserer Universit\u00e4tsbibliothek:<\/p>\n\n\n\n<p><strong>Dienstag, 23. Mai 2023:<\/strong><\/p>\n\n\n\n<figure class=\"wp-block-table\"><table><tbody><tr><td>13:30 \u2013 14:00 Uhr<\/td><td><a href=\"https:\/\/dbt2023.abstractserver.com\/program\/#\/details\/presentations\/217\" rel=\"noreferrer noopener\" target=\"_blank\">Zwangsarbeit 1939-1945. Ein Online-Archiv f\u00fcr Oral History-Interviews<\/a>&nbsp;<\/td><td>Vortrag von <a href=\"https:\/\/www.cedis.fu-berlin.de\/cedis\/mitarbeiter\/beschaeftigte\/dtausendfreund.html\">Doris Tausendfreund<\/a><\/td><td>Konferenzraum 8\/10<\/td><\/tr><tr><td>14:00 \u2013 14:30 Uhr<\/td><td><a href=\"https:\/\/dbt2023.abstractserver.com\/program\/#\/details\/presentations\/76\" rel=\"noreferrer noopener\" target=\"_blank\">Oral-History.Digital. Eine Erschlie\u00dfungs- und Rechercheumgebung f\u00fcr audiovisuelle, narrative Forschungsdaten<\/a><\/td><td>Vortrag von <a href=\"https:\/\/www.cedis.fu-berlin.de\/cedis\/mitarbeiter\/beschaeftigte\/cpagenstecher.html\">Cord Pagenstecher<\/a>&nbsp;<\/td><td>Konferenzraum 8\/10<\/td><\/tr><tr><td>16:00 \u2013 16:30 Uhr<\/td><td><a href=\"https:\/\/dbt2023.abstractserver.com\/program\/#\/details\/presentations\/103\" rel=\"noreferrer noopener\" target=\"_blank\">Onboarding@UB \u2013 Ein Startpaket f\u00fcr Neuberufene an der Freien Universit\u00e4t Berlin<\/a><\/td><td>Vortrag von <a href=\"https:\/\/www.cedis.fu-berlin.de\/cedis\/mitarbeiter\/beschaeftigte\/scordes.html\">Stefan Cordes<\/a> und<br><a href=\"https:\/\/www.cedis.fu-berlin.de\/cedis\/mitarbeiter\/beschaeftigte\/aglatzmeier.html\">Armin Glatzmeier<\/a><\/td><td>Eilenriedhalle B<\/td><\/tr><tr><td>16:30 \u2013 17:00 Uhr<\/td><td><a href=\"https:\/\/dbt2023.abstractserver.com\/program\/#\/details\/presentations\/208\" rel=\"noreferrer noopener\" target=\"_blank\">Praxisbeispiel der Integration von Liaison-Librarian-Arbeit in einer Universit\u00e4tsbibliothek<\/a><\/td><td>Vortrag von <a href=\"https:\/\/www.fu-berlin.de\/sites\/ub\/ueber-uns\/team\/geiges-erzgraeber\/index.html\">Lina Geiges-Erzgr\u00e4ber<\/a><\/td><td>Eilenriedhalle B<\/td><\/tr><tr><td>16:30 \u2013 17:00 Uhr<\/td><td><a href=\"https:\/\/dbt2023.abstractserver.com\/program\/#\/details\/presentations\/54\" rel=\"noreferrer noopener\" target=\"_blank\">Interuniversit\u00e4rer Wissenstransfer \u2013 Vernetzung durch Job Shadowing<\/a><\/td><td>Vortrag von <a href=\"https:\/\/www.fu-berlin.de\/sites\/ub\/ueber-uns\/team\/mareski\/index.html\">Matheo Mareski-Iffl\u00e4nder&nbsp;<\/a><\/td><td>Konferenzraum 8\/10<\/td><\/tr><tr><td>17:00 \u2013 17:30 Uhr<\/td><td><a href=\"https:\/\/dbt2023.abstractserver.com\/program\/#\/details\/presentations\/197\" rel=\"noreferrer noopener\" target=\"_blank\">OER-Strategiebildung \u2013 Ein lehrendenzentrierter Ansatz f\u00fcr die Freie Universit\u00e4t Berlin<\/a>&nbsp;<\/td><td>Vortrag von <a href=\"https:\/\/www.cedis.fu-berlin.de\/cedis\/mitarbeiter\/beschaeftigte\/seckhold.html\">Sascha Eckhold <\/a>und <a href=\"https:\/\/www.cedis.fu-berlin.de\/cedis\/mitarbeiter\/beschaeftigte\/aschnuecker.html\">Alexander Schn\u00fccker<\/a><\/td><td>Eilenriedehalle B<\/td><\/tr><\/tbody><\/table><\/figure>\n\n\n\n<p><strong>Mittwoch, 24. Mai 2023<\/strong><\/p>\n\n\n\n<figure class=\"wp-block-table\"><table><tbody><tr><td>09:00 \u2013 10:30 Uhr<\/td><td><a href=\"https:\/\/dbt2023.abstractserver.com\/program\/#\/details\/sessions\/109\" rel=\"noreferrer noopener\" target=\"_blank\">UX-Roundtable f\u00fcr Informationsspezialist:innen<\/a><\/td><td>Offene Arbeitssitzung der Special Interest Group &#8222;UX in Bibliotheken&#8220; vom BIB mit <a href=\"https:\/\/www.fu-berlin.de\/sites\/ub\/ueber-uns\/team\/menzel\/index.html\">Sina Menzel <\/a>und Alena Behrens (ZBW Leibniz Informationszentrum Wirtschaft)<\/td><td>Konferenzraum 11\/13<\/td><\/tr><tr><td>12:45 \u2013 13:45 Uhr<\/td><td><a href=\"https:\/\/dbt2023.abstractserver.com\/program\/#\/details\/presentations\/458\" rel=\"noreferrer noopener\" target=\"_blank\">Nutzungsverhalten in Primo. Gemeinsame Eyetracking-Usabilitystudie der FH Potsdam und der UB der Freien Universit\u00e4t Berlin<\/a><\/td><td>Poster-Pr\u00e4sentation von <a href=\"https:\/\/www.fu-berlin.de\/sites\/ub\/ueber-uns\/team\/menzel\/index.html\">Sina Menzel<\/a> und Alexandra Claasen (FH Potsdam)<\/td><td>Glashalle<\/td><\/tr><tr><td>12:45 \u2013 13:45 Uhr<\/td><td><a href=\"https:\/\/dbt2023.abstractserver.com\/program\/#\/details\/presentations\/472\" rel=\"noreferrer noopener\" target=\"_blank\">Auf dem Weg zu einer gr\u00fcnen Bibliothek! Praxisbeispiele aus der Universit\u00e4tsbibliothek der Freien Universit\u00e4t Berlin<\/a><\/td><td>Poster-Pr\u00e4sentation von Maike Ohde und <a href=\"https:\/\/www.fu-berlin.de\/sites\/ub\/ueber-uns\/team\/geiges-erzgraeber\/index.html\">Lina Geiges-Erzgr\u00e4ber<\/a><\/td><td>Glashalle<\/td><\/tr><tr><td>14:30 \u2013 15:00 Uhr<\/td><td><a href=\"https:\/\/dbt2023.abstractserver.com\/program\/#\/details\/presentations\/66\" rel=\"noreferrer noopener\" target=\"_blank\">Der oa.atlas \u2013 Open-Access-Strategien und -Services in Deutschland \u2013 Ein Community-Projekt<\/a><\/td><td>Vortrag von <a href=\"https:\/\/www.fu-berlin.de\/sites\/ub\/ueber-uns\/team\/martin\/index.html\">Linda Martin<\/a> und <a href=\"https:\/\/www.fu-berlin.de\/sites\/ub\/ueber-uns\/team\/kindling\/index.html\">Maxi Kindling&nbsp;<\/a><\/td><td><strong>mit Streaming<\/strong> \u2013 Bonatz Saal<\/td><\/tr><tr><td>14:30 \u2013 15:00 Uhr<\/td><td><a href=\"https:\/\/dbt2023.abstractserver.com\/program\/#\/details\/presentations\/33\" rel=\"noreferrer noopener\" target=\"_blank\">Nutzer*in Ihrer eigenen Bibliothek? \u201eWalk in your users\u2018 shoes\u201c als einfaches Instrument f\u00fcr Benutzungsforschung<\/a><\/td><td>Vortrag von <a href=\"https:\/\/www.fu-berlin.de\/sites\/ub\/ueber-uns\/team\/menzel\/index.html\">Sina Menzel<\/a> und Romy Hilbrich (StaBi Berlin)&nbsp;<\/td><td>Runder Saal<\/td><\/tr><tr><td>15:00 \u2013 15:30 Uhr<\/td><td><a href=\"https:\/\/dbt2023.abstractserver.com\/program\/#\/details\/presentations\/161\" rel=\"noreferrer noopener\" target=\"_blank\">Machen ist wie wollen, nur krasser! Bildung f\u00fcr nachhaltige Entwicklung in der praktischen FaMI-Ausbildung<\/a><\/td><td>Vortrag von <a href=\"https:\/\/www.fu-berlin.de\/sites\/ub\/ueber-uns\/team\/schuette\/index.html\">Simone Sch\u00fctte<\/a><\/td><td>Konferenzraum 8\/10<\/td><\/tr><tr><td>15:30 \u2013 16:00 Uhr<\/td><td><a href=\"https:\/\/dbt2023.abstractserver.com\/program\/#\/details\/presentations\/152\" rel=\"noreferrer noopener\" target=\"_blank\">Machen ist wie wollen, nur krasser! Bildung f\u00fcr nachhaltige Entwicklung in der praktischen FaMI-Ausbildung:<\/a> <a href=\"https:\/\/dbt2023.abstractserver.com\/program\/#\/details\/presentations\/152\" rel=\"noreferrer noopener\" target=\"_blank\">Vorstellung der Ergebnisse der Masterarbeit, Impulse f\u00fcr die Praxis<\/a><\/td><td>Vortrag von <a href=\"https:\/\/www.fu-berlin.de\/sites\/ub\/ueber-uns\/team\/wagnerj\/index.html\">Janet Wagner<\/a><\/td><td>Konferenzraum 8\/10<\/td><\/tr><tr><td>17:30 \u2013 18:00 Uhr<\/td><td><a href=\"https:\/\/dbt2023.abstractserver.com\/program\/#\/details\/presentations\/73\" rel=\"noreferrer noopener\" target=\"_blank\">Gamebrarians \u2013 Ein R\u00fcckblick auf zweieinhalb chaotische Jahre<\/a><\/td><td>Vortrag von Sabrina Ram\u00fcnke und Claudia Frick (TH K\u00f6ln)&nbsp;<\/td><td><strong>mit Streaming<\/strong> \u2013 Niedersachsenhalle A<\/td><\/tr><\/tbody><\/table><\/figure>\n\n\n\n<p><strong>Donnerstag, 25. Mai 2023<\/strong><\/p>\n\n\n\n<figure class=\"wp-block-table\"><table><tbody><tr><td>12:45 \u2013 13:45 Uhr<\/td><td><a href=\"https:\/\/dbt2023.abstractserver.com\/program\/#\/details\/presentations\/458\" rel=\"noreferrer noopener\" target=\"_blank\">Nutzungsverhalten in Primo. Gemeinsame Eyetracking-Usabilitystudie der FH Potsdam und der UB der Freien Universit\u00e4t Berlin<\/a><\/td><td>Poster-Pr\u00e4sentation von <a href=\"https:\/\/www.fu-berlin.de\/sites\/ub\/ueber-uns\/team\/menzel\/index.html\">Sina Menzel<\/a> und Alexandra Claasen (FH Potsdam)<\/td><td>Glashalle<\/td><\/tr><tr><td>12:45 \u2013 13:45 Uhr<\/td><td><a href=\"https:\/\/dbt2023.abstractserver.com\/program\/#\/details\/presentations\/472\" rel=\"noreferrer noopener\" target=\"_blank\">Auf dem Weg zu einer gr\u00fcnen Bibliothek! Praxisbeispiele aus der Universit\u00e4tsbibliothek der Freien Universit\u00e4t Berlin<\/a><\/td><td>Poster-Pr\u00e4sentation von Maike Ohde und <a href=\"https:\/\/www.fu-berlin.de\/sites\/ub\/ueber-uns\/team\/geiges-erzgraeber\/index.html\">Lina Geiges-Erzgr\u00e4ber<\/a><\/td><td>Glashalle<\/td><\/tr><tr><td>14:00 \u2013 16:00 Uhr<\/td><td><a href=\"https:\/\/dbt2023.abstractserver.com\/program\/#\/details\/sessions\/62\" rel=\"noreferrer noopener\" target=\"_blank\">Zielgruppenorientierung: Wie k\u00f6nnen wir von einander lernen oder erfinden wir das Rad immer wieder neu?<\/a><\/td><td>Podiumsdiskussion mit <a href=\"https:\/\/www.fu-berlin.de\/sites\/ub\/ueber-uns\/team\/tatai\/index.html\">Andrea Tatai<\/a> u. a.&nbsp;<\/td><td>Eilenriedhalle B<\/td><\/tr><tr><td>16:30 \u2013 18:00 Uhr<\/td><td><a href=\"https:\/\/dbt2023.abstractserver.com\/program\/#\/details\/sessions\/93\" rel=\"noreferrer noopener\" target=\"_blank\">Mehr Freir\u00e4ume f\u00fcr die Digital Humanities an wissenschaftlichen Bibliotheken!<\/a><\/td><td>Podiumsdiskussion mit <a href=\"https:\/\/www.fu-berlin.de\/sites\/ub\/ueber-uns\/team\/mischke\/index.html\">Dennis Mischke<\/a> u. a.; Diskussionsleitung: <a href=\"https:\/\/www.fu-berlin.de\/sites\/ub\/ueber-uns\/team\/wagnerc\/index.html\">Cosima Wagner\u00a0<\/a><\/td><td><strong>mit Streaming<\/strong> \u2013 Roter Saal<\/td><\/tr><\/tbody><\/table><\/figure>\n\n\n\n<p><strong>Freitag, 26. Mai 2023<\/strong><\/p>\n\n\n\n<figure class=\"wp-block-table\"><table><tbody><tr><td>09:30 \u2013 10:00 Uhr<\/td><td><a href=\"https:\/\/dbt2023.abstractserver.com\/program\/#\/details\/presentations\/104\" rel=\"noreferrer noopener\" target=\"_blank\">Berlin Universities Publishing \u2013 Ein kooperativer Open-Access-Verlag aus vier Bibliotheken<\/a><\/td><td>Vortrag von <a href=\"https:\/\/www.fu-berlin.de\/sites\/ub\/ueber-uns\/team\/riesenweber\/index.html\">Christina Riesenweber<\/a> und Dagmar Schobert (UB TU Berlin)<\/td><td><strong>mit Streaming<\/strong> \u2013 Roter Saal<\/td><\/tr><\/tbody><\/table><\/figure>\n\n\n\n<p>Neben unseren Vortr\u00e4gen gibt es vor Ort und im Streaming die M\u00f6glichkeit, spannende Beitr\u00e4ge zu vielf\u00e4ltigen weiteren Themen zu lauschen. Abseits der klassischen Vortr\u00e4ge und Podiumsdiskussionen gibt es auch in diesem Jahr wieder den #Freiraum und diverse Poster-Pr\u00e4sentationen.<\/p>\n\n\n\n<p><strong><em>Wir w\u00fcnschen allen Vortragenden viel Erfolg &amp; allen Besuchenden einen spannenden Kongress!<\/em><\/strong><\/p>\n\n\n\n<p class=\"has-small-font-size\">Vielen Dank f\u00fcr die Zusammenstellung an Matheo Mareski-Iffl\u00e4nder, Mitarbeiter der Uniersit\u00e4tsbibliothek der Freien Universit\u00e4t.<\/p>\n","protected":false},"excerpt":{"rendered":"<p>Ab heute ist es wieder so weit \u2013 mit der BiblioCON 2023 findet die wichtigste und gr\u00f6\u00dfte Fortbildungsveranstaltung der Bibliotheksbranche vom 23. bis 26. Mai in Hannover statt. Veranstalter sind der Berufsverband Information Bibliothek (BIB) und der Verein Deutscher Bibliothekarinnen und Bibliothekare (VDB). Erwartet werden rund 3500 Teilnehmende aus 18 L\u00e4ndern. Die Universit\u00e4tsbibliothek der Freien &hellip; <a href=\"https:\/\/blogs.fu-berlin.de\/bibliotheken\/2023\/05\/23\/bibliocon-2023-startet-in-hannover\/\" class=\"more-link\"><span class=\"screen-reader-text\">\u201eBiblioCON 2023 startet in Hannover\u201c<\/span> weiterlesen<\/a><\/p>\n","protected":false},"author":293,"featured_media":31778,"comment_status":"open","ping_status":"open","sticky":false,"template":"","format":"standard","meta":{"footnotes":""},"categories":[9,599,604,457816,601,70],"tags":[457874,2308],"class_list":["post-31769","post","type-post","status-publish","format-standard","has-post-thumbnail","hentry","category-allgemein","category-bibliothekswesen","category-ins-netz-geschaut","category-lehr-lernservices","category-universitatsbibliothek","category-veranstaltungen","tag-bibliocon","tag-hannover"],"_links":{"self":[{"href":"https:\/\/blogs.fu-berlin.de\/bibliotheken\/wp-json\/wp\/v2\/posts\/31769","targetHints":{"allow":["GET"]}}],"collection":[{"href":"https:\/\/blogs.fu-berlin.de\/bibliotheken\/wp-json\/wp\/v2\/posts"}],"about":[{"href":"https:\/\/blogs.fu-berlin.de\/bibliotheken\/wp-json\/wp\/v2\/types\/post"}],"author":[{"embeddable":true,"href":"https:\/\/blogs.fu-berlin.de\/bibliotheken\/wp-json\/wp\/v2\/users\/293"}],"replies":[{"embeddable":true,"href":"https:\/\/blogs.fu-berlin.de\/bibliotheken\/wp-json\/wp\/v2\/comments?post=31769"}],"version-history":[{"count":19,"href":"https:\/\/blogs.fu-berlin.de\/bibliotheken\/wp-json\/wp\/v2\/posts\/31769\/revisions"}],"predecessor-version":[{"id":31792,"href":"https:\/\/blogs.fu-berlin.de\/bibliotheken\/wp-json\/wp\/v2\/posts\/31769\/revisions\/31792"}],"wp:featuredmedia":[{"embeddable":true,"href":"https:\/\/blogs.fu-berlin.de\/bibliotheken\/wp-json\/wp\/v2\/media\/31778"}],"wp:attachment":[{"href":"https:\/\/blogs.fu-berlin.de\/bibliotheken\/wp-json\/wp\/v2\/media?parent=31769"}],"wp:term":[{"taxonomy":"category","embeddable":true,"href":"https:\/\/blogs.fu-berlin.de\/bibliotheken\/wp-json\/wp\/v2\/categories?post=31769"},{"taxonomy":"post_tag","embeddable":true,"href":"https:\/\/blogs.fu-berlin.de\/bibliotheken\/wp-json\/wp\/v2\/tags?post=31769"}],"curies":[{"name":"wp","href":"https:\/\/api.w.org\/{rel}","templated":true}]}}