{"id":31863,"date":"2023-06-02T10:52:20","date_gmt":"2023-06-02T09:52:20","guid":{"rendered":"https:\/\/blogs.fu-berlin.de\/bibliotheken\/?p=31863"},"modified":"2023-06-02T17:20:59","modified_gmt":"2023-06-02T16:20:59","slug":"freie-universitaet-berlin-erhaelt-neues-corporate-design","status":"publish","type":"post","link":"https:\/\/blogs.fu-berlin.de\/bibliotheken\/2023\/06\/02\/freie-universitaet-berlin-erhaelt-neues-corporate-design\/","title":{"rendered":"Freie Universit\u00e4t Berlin erh\u00e4lt neues Corporate Design"},"content":{"rendered":"\n<p>Zur&nbsp;Feier ihres 75-j\u00e4hrigen Bestehens&nbsp;hat die Freie Universit\u00e4t ein <a href=\"https:\/\/www.fu-berlin.de\/sites\/corporate-design\">neues Corporate Design<\/a> erhalten. Seit heute ist es auf vielen Webseiten bereits zu sehen, darunter auch auf den Seiten der <a href=\"https:\/\/www.fu-berlin.de\/sites\/ub\">Universit\u00e4tsbibliothek<\/a>, <a href=\"https:\/\/www.fu-berlin.de\/sites\/campusbib\/index.html\">Campusbibliothek<\/a>, <a href=\"https:\/\/www.fu-berlin.de\/sites\/philbib\/index.html\">Philologischen Bibliothek<\/a> und des <a href=\"https:\/\/www.fu-berlin.de\/sites\/bibliotheken\/bibliothekenfuehrer\/index.html\">Bibliothekenf\u00fchrers<\/a>. Ab Juli soll es dann auf weitere Fachbereichs-Websites ausgeweitet werden.<\/p>\n\n\n\n<p>Konzeptionelle Leitidee war der Begriff \u201eFreiheit\u201c. Der neue frische Gr\u00fcnton des Logos hei\u00dft \u201eElectric Lime\u201c und soll mit dem gr\u00fcnen Campus, mit Nachhaltigkeit, Jugend und Erneuerung assoziiert werden. Auch eine neue Schrift wurde ausgew\u00e4hlt, die f\u00fcr Bildschirmdarstellungen besser geeignet ist.<\/p>\n\n\n\n<p>Die Entwicklung des neuen Corporate Designs gestaltete sich partizipativ \u00fcber ein Jahr. Mitarbeiter*innen und Studierende der Hochschule wurden ebenso eingebunden wie die Berliner Stadtgesellschaft und wichtige Stakeholder.<\/p>\n\n\n\n<p>Ihr habt Fragen oder Anmerkungen? Dann k\u00f6nnt ihr gerne das\u00a0<a href=\"https:\/\/www.fu-berlin.de\/sites\/ansicht-aussicht-aufbruch\/kontakt\/index.html\">Referat Universit\u00e4ts- und Forschungsmarketing\/Inszenierung<\/a> der Stabsstelle Kommunikation und Marketing der Freien Universit\u00e4t kontaktieren.<\/p>\n","protected":false},"excerpt":{"rendered":"<p>Zur&nbsp;Feier ihres 75-j\u00e4hrigen Bestehens&nbsp;hat die Freie Universit\u00e4t ein neues Corporate Design erhalten. Seit heute ist es auf vielen Webseiten bereits zu sehen, darunter auch auf den Seiten der Universit\u00e4tsbibliothek, Campusbibliothek, Philologischen Bibliothek und des Bibliothekenf\u00fchrers. Ab Juli soll es dann auf weitere Fachbereichs-Websites ausgeweitet werden. Konzeptionelle Leitidee war der Begriff \u201eFreiheit\u201c. Der neue frische Gr\u00fcnton &hellip; <a href=\"https:\/\/blogs.fu-berlin.de\/bibliotheken\/2023\/06\/02\/freie-universitaet-berlin-erhaelt-neues-corporate-design\/\" class=\"more-link\"><span class=\"screen-reader-text\">\u201eFreie Universit\u00e4t Berlin erh\u00e4lt neues Corporate Design\u201c<\/span> weiterlesen<\/a><\/p>\n","protected":false},"author":293,"featured_media":31866,"comment_status":"open","ping_status":"open","sticky":false,"template":"","format":"standard","meta":{"footnotes":""},"categories":[9],"tags":[15109,74,731],"class_list":["post-31863","post","type-post","status-publish","format-standard","has-post-thumbnail","hentry","category-allgemein","tag-corporate-design","tag-freie-universitat-berlin","tag-webseiten"],"_links":{"self":[{"href":"https:\/\/blogs.fu-berlin.de\/bibliotheken\/wp-json\/wp\/v2\/posts\/31863","targetHints":{"allow":["GET"]}}],"collection":[{"href":"https:\/\/blogs.fu-berlin.de\/bibliotheken\/wp-json\/wp\/v2\/posts"}],"about":[{"href":"https:\/\/blogs.fu-berlin.de\/bibliotheken\/wp-json\/wp\/v2\/types\/post"}],"author":[{"embeddable":true,"href":"https:\/\/blogs.fu-berlin.de\/bibliotheken\/wp-json\/wp\/v2\/users\/293"}],"replies":[{"embeddable":true,"href":"https:\/\/blogs.fu-berlin.de\/bibliotheken\/wp-json\/wp\/v2\/comments?post=31863"}],"version-history":[{"count":5,"href":"https:\/\/blogs.fu-berlin.de\/bibliotheken\/wp-json\/wp\/v2\/posts\/31863\/revisions"}],"predecessor-version":[{"id":31886,"href":"https:\/\/blogs.fu-berlin.de\/bibliotheken\/wp-json\/wp\/v2\/posts\/31863\/revisions\/31886"}],"wp:featuredmedia":[{"embeddable":true,"href":"https:\/\/blogs.fu-berlin.de\/bibliotheken\/wp-json\/wp\/v2\/media\/31866"}],"wp:attachment":[{"href":"https:\/\/blogs.fu-berlin.de\/bibliotheken\/wp-json\/wp\/v2\/media?parent=31863"}],"wp:term":[{"taxonomy":"category","embeddable":true,"href":"https:\/\/blogs.fu-berlin.de\/bibliotheken\/wp-json\/wp\/v2\/categories?post=31863"},{"taxonomy":"post_tag","embeddable":true,"href":"https:\/\/blogs.fu-berlin.de\/bibliotheken\/wp-json\/wp\/v2\/tags?post=31863"}],"curies":[{"name":"wp","href":"https:\/\/api.w.org\/{rel}","templated":true}]}}