{"id":31929,"date":"2023-06-14T12:50:57","date_gmt":"2023-06-14T11:50:57","guid":{"rendered":"https:\/\/blogs.fu-berlin.de\/bibliotheken\/?p=31929"},"modified":"2023-06-14T16:30:39","modified_gmt":"2023-06-14T15:30:39","slug":"bundesweiter-digitaltag-am-16-juni-wir-sind-dabei","status":"publish","type":"post","link":"https:\/\/blogs.fu-berlin.de\/bibliotheken\/2023\/06\/14\/bundesweiter-digitaltag-am-16-juni-wir-sind-dabei\/","title":{"rendered":"Bundesweiter Digitaltag am 16. Juni \u2013 wir sind dabei!"},"content":{"rendered":"\n<p>Am Freitag, den 16. Juni 2023 findet der vierte bundesweite Digitaltag statt. Der Aktionstag bringt Menschen zusammen, um verschiedenste Aspekte der Digitalisierung zu beleuchten, Chancen und Herausforderungen zu diskutieren und einen breiten gesellschaftlichen Dialog anzusto\u00dfen. 2023 stehen digitale Kompetenzen mit dem Motto \u201eDigitalisierung \u2013 Entdecken. Verstehen. Gestalten.\u201c im Fokus. Privatpersonen, Vereine, Unternehmen oder \u00f6ffentliche Hand bringen sich mit vielf\u00e4ltigen Formaten wie Dialoge, Beratungen, F\u00fchrungen, Tutorials und Seminare oder Hackathons ein. Die einzelnen Aktivit\u00e4ten werden auf <a href=\"http:\/\/www.digitaltag.eu\">www.digitaltag.eu<\/a> auf einer interaktiven Aktionslandkarte dargestellt.<\/p>\n\n\n\n<p>Die <a href=\"https:\/\/www.fu-berlin.de\/sites\/ub\">Universit\u00e4tsbibliothek<\/a> der Freien Universit\u00e4t ist zum dritten Mal mit <strong>zwei Online-Veranstaltungen<\/strong> vertreten (verwendete Software: Cisco Webex):<\/p>\n\n\n\n<p>Um <strong>11:00 Uhr <\/strong>bringen wir Ihnen im Format <strong><a href=\"https:\/\/digitaltag.eu\/aktion\/wissenschaftliches-arbeiten-leicht-gemacht-mit-zotero-0\" target=\"_blank\" rel=\"noreferrer noopener\">Literaturverwaltung mit Zotero<\/a><\/strong> ein kostenfreies Literaturverwaltungsprogramm n\u00e4her. Es kann als Alternative zu lizenzpflichtigen Konkurrenzprodukten wie Citavi oder EndNote genutzt werden. Wir f\u00fchren in das Sammeln und Verwalten von verschiedenen Informationsquellen ein, behandeln das Einf\u00fcgen von Literaturnachweisen in eigene Texte und die automatisierte Erstellung von Bibliografien.<\/p>\n\n\n\n<p>Ab <strong>13:00<\/strong> <strong>Uhr<\/strong> folgt der Kurs  <a rel=\"noreferrer noopener\" href=\"https:\/\/digitaltag.eu\/aktion\/wissenschaftliches-arbeiten-leicht-gemacht-qualitaetspresse-finden-fake-news-vermeiden\" target=\"_blank\"><strong>Qualit\u00e4tspresse finden, Fake News vermeiden<\/strong><\/a>. Die Veranstaltung bietet Ihnen einen Einstieg in die Recherche nach Zeitungsartikeln der Qualit\u00e4tspresse, kl\u00e4rt allgemein \u00fcber die Presselandschaft sowie anhand von Beispielen \u00fcber das Thema Fake News auf. Auch werden einschl\u00e4gige Faktencheckportale pr\u00e4sentiert.<\/p>\n\n\n\n<figure class=\"wp-block-gallery has-nested-images columns-default is-cropped wp-block-gallery-1 is-layout-flex wp-block-gallery-is-layout-flex\">\n<figure class=\"wp-block-image size-large\"><img loading=\"lazy\" decoding=\"async\" width=\"960\" height=\"540\" data-id=\"30743\" src=\"https:\/\/blogs.fu-berlin.de\/bibliotheken\/files\/2022\/06\/SM_Postkartenspruch_05_Twitter_960x540px.jpg\" alt=\"\" class=\"wp-image-30743\" srcset=\"https:\/\/blogs.fu-berlin.de\/bibliotheken\/files\/2022\/06\/SM_Postkartenspruch_05_Twitter_960x540px.jpg 960w, https:\/\/blogs.fu-berlin.de\/bibliotheken\/files\/2022\/06\/SM_Postkartenspruch_05_Twitter_960x540px-300x169.jpg 300w\" sizes=\"auto, (max-width: 709px) 85vw, (max-width: 909px) 67vw, (max-width: 1362px) 62vw, 840px\" \/><figcaption>Wollen Sie mit uns am 16. Juni digitalisieren?<\/figcaption><\/figure>\n<\/figure>\n\n\n\n<p><\/p>\n\n\n\n<p>Im Rahmen des Digitaltags wird zudem der \u201e<a href=\"https:\/\/digitaltag.eu\/preis-fuer-digitales-miteinander\">Preis f\u00fcr digitales Miteinander<\/a>\u201c in den Kategorien \u201eDigitale Teilhabe\u201c und \u201eDigitales Engagement\u201c verliehen. Der Preis ist je Kategorie mit 10.000 Euro dotiert.<\/p>\n\n\n\n<p>Informationen und Hintergr\u00fcnde zur Initiative \u201eDigital f\u00fcr alle\u201c sowie zum Digitaltag, den Aktionen und Beteiligungsm\u00f6glichkeiten, und zum Preis f\u00fcr digitales Miteinander gibt es unter <a href=\"http:\/\/www.digitaltag.eu\">www.digitaltag.eu<\/a>.<\/p>\n\n\n\n<p class=\"has-small-font-size\">(Bildquellen: digitaltag.eu)<\/p>\n","protected":false},"excerpt":{"rendered":"<p>Am Freitag, den 16. Juni 2023 findet der vierte bundesweite Digitaltag statt. Der Aktionstag bringt Menschen zusammen, um verschiedenste Aspekte der Digitalisierung zu beleuchten, Chancen und Herausforderungen zu diskutieren und einen breiten gesellschaftlichen Dialog anzusto\u00dfen. 2023 stehen digitale Kompetenzen mit dem Motto \u201eDigitalisierung \u2013 Entdecken. Verstehen. Gestalten.\u201c im Fokus. Privatpersonen, Vereine, Unternehmen oder \u00f6ffentliche Hand &hellip; <a href=\"https:\/\/blogs.fu-berlin.de\/bibliotheken\/2023\/06\/14\/bundesweiter-digitaltag-am-16-juni-wir-sind-dabei\/\" class=\"more-link\"><span class=\"screen-reader-text\">\u201eBundesweiter Digitaltag am 16. Juni \u2013 wir sind dabei!\u201c<\/span> weiterlesen<\/a><\/p>\n","protected":false},"author":293,"featured_media":31931,"comment_status":"open","ping_status":"open","sticky":false,"template":"","format":"standard","meta":{"footnotes":""},"categories":[9,457,604,457816,491,493,601,70],"tags":[318222,196571,1859,1289,187976],"class_list":["post-31929","post","type-post","status-publish","format-standard","has-post-thumbnail","hentry","category-allgemein","category-digitale-bibliothek","category-ins-netz-geschaut","category-lehr-lernservices","category-lernangebote-kurse","category-recherchetipps","category-universitatsbibliothek","category-veranstaltungen","tag-digitaltag","tag-fake-news","tag-literaturverwaltung","tag-presserecherche","tag-zotero"],"_links":{"self":[{"href":"https:\/\/blogs.fu-berlin.de\/bibliotheken\/wp-json\/wp\/v2\/posts\/31929","targetHints":{"allow":["GET"]}}],"collection":[{"href":"https:\/\/blogs.fu-berlin.de\/bibliotheken\/wp-json\/wp\/v2\/posts"}],"about":[{"href":"https:\/\/blogs.fu-berlin.de\/bibliotheken\/wp-json\/wp\/v2\/types\/post"}],"author":[{"embeddable":true,"href":"https:\/\/blogs.fu-berlin.de\/bibliotheken\/wp-json\/wp\/v2\/users\/293"}],"replies":[{"embeddable":true,"href":"https:\/\/blogs.fu-berlin.de\/bibliotheken\/wp-json\/wp\/v2\/comments?post=31929"}],"version-history":[{"count":5,"href":"https:\/\/blogs.fu-berlin.de\/bibliotheken\/wp-json\/wp\/v2\/posts\/31929\/revisions"}],"predecessor-version":[{"id":31935,"href":"https:\/\/blogs.fu-berlin.de\/bibliotheken\/wp-json\/wp\/v2\/posts\/31929\/revisions\/31935"}],"wp:featuredmedia":[{"embeddable":true,"href":"https:\/\/blogs.fu-berlin.de\/bibliotheken\/wp-json\/wp\/v2\/media\/31931"}],"wp:attachment":[{"href":"https:\/\/blogs.fu-berlin.de\/bibliotheken\/wp-json\/wp\/v2\/media?parent=31929"}],"wp:term":[{"taxonomy":"category","embeddable":true,"href":"https:\/\/blogs.fu-berlin.de\/bibliotheken\/wp-json\/wp\/v2\/categories?post=31929"},{"taxonomy":"post_tag","embeddable":true,"href":"https:\/\/blogs.fu-berlin.de\/bibliotheken\/wp-json\/wp\/v2\/tags?post=31929"}],"curies":[{"name":"wp","href":"https:\/\/api.w.org\/{rel}","templated":true}]}}