{"id":31977,"date":"2023-06-23T11:02:24","date_gmt":"2023-06-23T10:02:24","guid":{"rendered":"https:\/\/blogs.fu-berlin.de\/bibliotheken\/?p=31977"},"modified":"2023-06-23T11:02:24","modified_gmt":"2023-06-23T10:02:24","slug":"wirtschaftswissenschaftliche-bibliothek-erweitert-oeffnungszeiten-ab-26-juni","status":"publish","type":"post","link":"https:\/\/blogs.fu-berlin.de\/bibliotheken\/2023\/06\/23\/wirtschaftswissenschaftliche-bibliothek-erweitert-oeffnungszeiten-ab-26-juni\/","title":{"rendered":"Wirtschaftswissenschaftliche Bibliothek erweitert \u00d6ffnungszeiten ab 26. Juni"},"content":{"rendered":"\n<p>\u201eEulen\u201c aufgepasst: Die <a href=\"https:\/\/www.wiwiss.fu-berlin.de\/bibliothek\/index.html\" data-type=\"URL\" data-id=\"https:\/\/www.wiwiss.fu-berlin.de\/bibliothek\/index.html\">Wirtschaftswissenschaftliche Bibliothek<\/a> der Freien Universit\u00e4t ist <strong>ab dem 26. Juni 2023<\/strong> montags bis donnerstags jeweils eine Stunden l\u00e4nger ge\u00f6ffnet. <strong>Bis Freitag, den 04. August 2023<\/strong> \u2013 d. h. vier Wochen vor sowie w\u00e4hrend der Klausurenzeit \u2013, gelten damit folgende \u00d6ffnungszeiten:<\/p>\n\n\n\n<ul class=\"wp-block-list\"><li><strong>Montag-Donnerstag: 9-20 Uhr <\/strong><\/li><li><strong>Freitag: 9-19 Uhr<\/strong><\/li><\/ul>\n\n\n\n<p>Wer lieber am Nachmittag und fr\u00fchen Abend lernt als morgens bzw. vormittags, kann das <a href=\"https:\/\/www.wiwiss.fu-berlin.de\/bibliothek\/05Lernort_Bibliothek\/index.html\" data-type=\"URL\" data-id=\"https:\/\/www.wiwiss.fu-berlin.de\/bibliothek\/05Lernort_Bibliothek\/index.html\">vielf\u00e4ltige Raum- und Arbeitsplatzangebot<\/a> der <a href=\"https:\/\/www.fu-berlin.de\/campusleben\/campus\/2022\/221125-wiwiss-bib\/index.html\" data-type=\"URL\" data-id=\"https:\/\/www.fu-berlin.de\/campusleben\/campus\/2022\/221125-wiwiss-bib\/index.html\">k\u00fcrzlich frisch sanierten Bibliothek<\/a> in der Garystra\u00dfe 21 also ganz nach Geschmack f\u00fcr die Klausurvorbereitung nutzen \u2013 damit nicht immer nur \u201eder fr\u00fche Vogel den Wurm f\u00e4ngt\u201c.<\/p>\n\n\n\n<p>Ab Montag, den 07. August und bis zum Beginn der Vorlesungszeit des Wintersemesters 2023\/24 gelten dann wieder die \u00fcblichen WiWi-Bibliotheks-\u00d6ffnungszeiten der vorlesungsfreien Zeit: Montag-Freitag, 9-18 Uhr. <\/p>\n","protected":false},"excerpt":{"rendered":"<p>Ab vier Wochen vor sowie w\u00e4hrend der Klausurenzeit des Sommersemesters 2023 steht die Bibliothek den Studierenden am Abend l\u00e4nger zur Verf\u00fcgung<\/p>\n","protected":false},"author":7113,"featured_media":31034,"comment_status":"open","ping_status":"open","sticky":false,"template":"","format":"standard","meta":{"footnotes":""},"categories":[9,600,601],"tags":[364805,318227,9982,909,641,368579,822],"class_list":["post-31977","post","type-post","status-publish","format-standard","has-post-thumbnail","hentry","category-allgemein","category-fachbibliotheken","category-universitatsbibliothek","tag-arbeitsplatz","tag-einzelarbeitsplaetze","tag-gruppenarbeitsplatze","tag-lernort-bibliothek","tag-offnungszeiten","tag-raumangebot","tag-wirtschaftswissenschaftliche-bibliothek"],"_links":{"self":[{"href":"https:\/\/blogs.fu-berlin.de\/bibliotheken\/wp-json\/wp\/v2\/posts\/31977","targetHints":{"allow":["GET"]}}],"collection":[{"href":"https:\/\/blogs.fu-berlin.de\/bibliotheken\/wp-json\/wp\/v2\/posts"}],"about":[{"href":"https:\/\/blogs.fu-berlin.de\/bibliotheken\/wp-json\/wp\/v2\/types\/post"}],"author":[{"embeddable":true,"href":"https:\/\/blogs.fu-berlin.de\/bibliotheken\/wp-json\/wp\/v2\/users\/7113"}],"replies":[{"embeddable":true,"href":"https:\/\/blogs.fu-berlin.de\/bibliotheken\/wp-json\/wp\/v2\/comments?post=31977"}],"version-history":[{"count":15,"href":"https:\/\/blogs.fu-berlin.de\/bibliotheken\/wp-json\/wp\/v2\/posts\/31977\/revisions"}],"predecessor-version":[{"id":31993,"href":"https:\/\/blogs.fu-berlin.de\/bibliotheken\/wp-json\/wp\/v2\/posts\/31977\/revisions\/31993"}],"wp:featuredmedia":[{"embeddable":true,"href":"https:\/\/blogs.fu-berlin.de\/bibliotheken\/wp-json\/wp\/v2\/media\/31034"}],"wp:attachment":[{"href":"https:\/\/blogs.fu-berlin.de\/bibliotheken\/wp-json\/wp\/v2\/media?parent=31977"}],"wp:term":[{"taxonomy":"category","embeddable":true,"href":"https:\/\/blogs.fu-berlin.de\/bibliotheken\/wp-json\/wp\/v2\/categories?post=31977"},{"taxonomy":"post_tag","embeddable":true,"href":"https:\/\/blogs.fu-berlin.de\/bibliotheken\/wp-json\/wp\/v2\/tags?post=31977"}],"curies":[{"name":"wp","href":"https:\/\/api.w.org\/{rel}","templated":true}]}}