{"id":32040,"date":"2023-07-06T19:24:16","date_gmt":"2023-07-06T18:24:16","guid":{"rendered":"https:\/\/blogs.fu-berlin.de\/bibliotheken\/?p=32040"},"modified":"2023-07-06T19:24:16","modified_gmt":"2023-07-06T18:24:16","slug":"lesesaal-der-zentralbibliothek-am-10-juli-geschlossen","status":"publish","type":"post","link":"https:\/\/blogs.fu-berlin.de\/bibliotheken\/2023\/07\/06\/lesesaal-der-zentralbibliothek-am-10-juli-geschlossen\/","title":{"rendered":"Lesesaal der Zentralbibliothek am 10. Juli geschlossen"},"content":{"rendered":"\n<p><strong>Erster Stock mit Leihstelle, Offenem Magazin und Arbeitspl\u00e4tzen bleibt ge\u00f6ffnet.<\/strong><\/p>\n\n\n\n<p>Aufgrund einer internen Veranstaltung bleibt der Lesesaal der <a href=\"https:\/\/www.fu-berlin.de\/sites\/ub\">Zentralbibliothek<\/a> (Garystr. 39) am <strong>Montag, den 10. Juli 2023<\/strong>, ganzt\u00e4gig geschlossen. Ebenfalls an diesem Tag nicht zug\u00e4nglich sind die im 2. Stock angrenzenden Arbeitspl\u00e4tze (Coworking-Bereich, \u201eLabs\u201c) und der Mikroformenscanner. Auch die E-Mail-Auskunft (auskunft@ub.fu-berlin.de) und die telefonische Auskunft (-511 11) sind an diesem Tag nicht besetzt.<\/p>\n\n\n\n<p>Der 1. Stock mit Leihstelle, Offenem Magazin sowie Einzel- und Gruppenarbeitspl\u00e4tzen bleibt dagegen ge\u00f6ffnet. Im Lesesaal vorhandene Medien k\u00f6nnen an diesem Tag an der Leihstelle im 1. Stock nachgefragt werden.<\/p>\n\n\n\n<p>Wir bitten um Ihr Verst\u00e4ndnis.<\/p>\n\n\n\n<hr class=\"wp-block-separator has-alpha-channel-opacity\" \/>\n\n\n\n<p><strong>First floor with the Circulation Desk, Open Stacks and Workspaces remains open.<\/strong><\/p>\n\n\n\n<p>Due to an internal event, the Reading Room of the <a href=\"https:\/\/www.fu-berlin.de\/en\/sites\/ub\/index.html\">Central Library<\/a> (Garystra\u00dfe 39) will remain closed all day on<strong> Monday, July 10, 2023<\/strong>. The adjoining workplaces on the 2nd floor (coworking area, &#8222;labs&#8220;) and the microform scanner are also not accessible on this day. The e-mail information (auskunft@ub.fu-berlin.de) and telephone information (-511 11) are also not manned.<\/p>\n\n\n\n<p>However, the 1st floor with the Circulation Desk, Open Stacks and individual workplaces and group study rooms remains open. Media available in the Reading Room can be requested at the Circulation Desk on the 1st floor on this day<\/p>\n\n\n\n<p>We apologize for any inconvenience.<\/p>\n","protected":false},"excerpt":{"rendered":"<p>Erster Stock mit Leihstelle, Offenem Magazin und Arbeitspl\u00e4tzen bleibt ge\u00f6ffnet. Aufgrund einer internen Veranstaltung bleibt der Lesesaal der Zentralbibliothek (Garystr. 39) am Montag, den 10. Juli 2023, ganzt\u00e4gig geschlossen. Ebenfalls an diesem Tag nicht zug\u00e4nglich sind die im 2. Stock angrenzenden Arbeitspl\u00e4tze (Coworking-Bereich, \u201eLabs\u201c) und der Mikroformenscanner. Auch die E-Mail-Auskunft (auskunft@ub.fu-berlin.de) und die telefonische Auskunft &hellip; <a href=\"https:\/\/blogs.fu-berlin.de\/bibliotheken\/2023\/07\/06\/lesesaal-der-zentralbibliothek-am-10-juli-geschlossen\/\" class=\"more-link\"><span class=\"screen-reader-text\">\u201eLesesaal der Zentralbibliothek am 10. Juli geschlossen\u201c<\/span> weiterlesen<\/a><\/p>\n","protected":false},"author":293,"featured_media":31316,"comment_status":"open","ping_status":"open","sticky":false,"template":"","format":"standard","meta":{"footnotes":""},"categories":[9,601],"tags":[728,457851,776],"class_list":["post-32040","post","type-post","status-publish","format-standard","has-post-thumbnail","hentry","category-allgemein","category-universitatsbibliothek","tag-lesesaal","tag-schliesstag","tag-zentralbibliothek"],"_links":{"self":[{"href":"https:\/\/blogs.fu-berlin.de\/bibliotheken\/wp-json\/wp\/v2\/posts\/32040","targetHints":{"allow":["GET"]}}],"collection":[{"href":"https:\/\/blogs.fu-berlin.de\/bibliotheken\/wp-json\/wp\/v2\/posts"}],"about":[{"href":"https:\/\/blogs.fu-berlin.de\/bibliotheken\/wp-json\/wp\/v2\/types\/post"}],"author":[{"embeddable":true,"href":"https:\/\/blogs.fu-berlin.de\/bibliotheken\/wp-json\/wp\/v2\/users\/293"}],"replies":[{"embeddable":true,"href":"https:\/\/blogs.fu-berlin.de\/bibliotheken\/wp-json\/wp\/v2\/comments?post=32040"}],"version-history":[{"count":1,"href":"https:\/\/blogs.fu-berlin.de\/bibliotheken\/wp-json\/wp\/v2\/posts\/32040\/revisions"}],"predecessor-version":[{"id":32041,"href":"https:\/\/blogs.fu-berlin.de\/bibliotheken\/wp-json\/wp\/v2\/posts\/32040\/revisions\/32041"}],"wp:featuredmedia":[{"embeddable":true,"href":"https:\/\/blogs.fu-berlin.de\/bibliotheken\/wp-json\/wp\/v2\/media\/31316"}],"wp:attachment":[{"href":"https:\/\/blogs.fu-berlin.de\/bibliotheken\/wp-json\/wp\/v2\/media?parent=32040"}],"wp:term":[{"taxonomy":"category","embeddable":true,"href":"https:\/\/blogs.fu-berlin.de\/bibliotheken\/wp-json\/wp\/v2\/categories?post=32040"},{"taxonomy":"post_tag","embeddable":true,"href":"https:\/\/blogs.fu-berlin.de\/bibliotheken\/wp-json\/wp\/v2\/tags?post=32040"}],"curies":[{"name":"wp","href":"https:\/\/api.w.org\/{rel}","templated":true}]}}