{"id":32090,"date":"2023-07-28T11:02:21","date_gmt":"2023-07-28T10:02:21","guid":{"rendered":"https:\/\/blogs.fu-berlin.de\/bibliotheken\/?p=32090"},"modified":"2023-08-01T10:47:48","modified_gmt":"2023-08-01T09:47:48","slug":"nachhaltigkeit-mitgestalten","status":"publish","type":"post","link":"https:\/\/blogs.fu-berlin.de\/bibliotheken\/2023\/07\/28\/nachhaltigkeit-mitgestalten\/","title":{"rendered":"Nachhaltigkeit mit:gestalten"},"content":{"rendered":"\n<p>Unter dem Titel \u201e<strong>Nachhaltigkeit <em>mit<\/em>:gestalten<\/strong>\u201c hat die Stabsstelle Nachhaltigkeit &amp; Energie der Freien Universit\u00e4t Berlin eine <strong>Wanderausstellung<\/strong> entwickelt, die Handlungsschwerpunkte und bereits erreichte Meilensteine, Herausforderungen und Chancen des Nachhaltigkeits-Managements an der Freien Universit\u00e4t beleuchtet.<\/p>\n\n\n\n<p>Wie k\u00f6nnen Ressourcenverbrauch und CO<sub>2<\/sub>-Emissionen an der Universit\u00e4t gesenkt werden? Wie k\u00f6nnen wir Nachhaltigkeit lernen, und welchen Stellenwert haben Nachhaltigkeitsthemen in der Lehre und Forschung? Was tut die Freie Universit\u00e4t, um <em>Sustainability<\/em> in den vielf\u00e4ltigen internationalen Universit\u00e4tsnetzwerken und -partnerschaften nach vorne zu bringen? Welche Rolle spielen Gleichstellung und Vielfalt als Aspekte sozialer Nachhaltigkeit f\u00fcr unsere Universit\u00e4t? \u2013 Diese und andere Aspekte werden in der kleinen Ausstellung erl\u00e4utert. <\/p>\n\n\n\n<p>Seit 2019 \u201etourt\u201c die Wanderausstellung durch die verschiedenen Standorte der Freien Universit\u00e4t. Bisherige Stationen waren unter anderem die Veterin\u00e4rmedizinische Bibliothek auf dem Campus D\u00fcppel, die Geowissenschaftliche Bibliothek in Lankwitz oder das Foyer vor der Mensa II in der Rost- &amp; Silberlaube auf dem Campus Dahlem; au\u00dferdem wurde sie wiederholt etwa bei den <a href=\"https:\/\/www.fu-berlin.de\/sites\/sustain\/hochschultage\/index.html\">Sustainability Days<\/a> gezeigt.<\/p>\n\n\n\n<p><strong>Jetzt ist die Ausstellung bis zum Herbst im Foyer der <a href=\"https:\/\/www.fu-berlin.de\/sites\/ub\">Zentralbibliothek in der Garystra\u00dfe 39<\/a> zu sehen.<\/strong> Die Bibliothek hat <strong>montags bis freitags von 9:00 bis 18:00 Uhr ge\u00f6ffnet<\/strong>. Schauen Sie gerne einmal vorbei! <\/p>\n\n\n\n<hr class=\"wp-block-separator has-alpha-channel-opacity\" \/>\n\n\n\n<figure class=\"wp-block-image size-full\"><img loading=\"lazy\" decoding=\"async\" width=\"2000\" height=\"1500\" src=\"https:\/\/blogs.fu-berlin.de\/bibliotheken\/files\/2023\/07\/Wanderausstellung-Nachhaltigkeit_Detail_easyDB-693658.jpg\" alt=\"\" class=\"wp-image-32102\" srcset=\"https:\/\/blogs.fu-berlin.de\/bibliotheken\/files\/2023\/07\/Wanderausstellung-Nachhaltigkeit_Detail_easyDB-693658.jpg 2000w, https:\/\/blogs.fu-berlin.de\/bibliotheken\/files\/2023\/07\/Wanderausstellung-Nachhaltigkeit_Detail_easyDB-693658-300x225.jpg 300w, https:\/\/blogs.fu-berlin.de\/bibliotheken\/files\/2023\/07\/Wanderausstellung-Nachhaltigkeit_Detail_easyDB-693658-1536x1152.jpg 1536w, https:\/\/blogs.fu-berlin.de\/bibliotheken\/files\/2023\/07\/Wanderausstellung-Nachhaltigkeit_Detail_easyDB-693658-1200x900.jpg 1200w\" sizes=\"auto, (max-width: 709px) 85vw, (max-width: 909px) 67vw, (max-width: 1362px) 62vw, 840px\" \/><\/figure>\n\n\n\n<hr class=\"wp-block-separator has-alpha-channel-opacity\" \/>\n\n\n\n<p>Nachhaltigkeit und Klimaschutz haben eine lange Tradition an der Freien Universit\u00e4t \u2013 und sind aktuell wichtiger denn je. Bereits seit 2001 bem\u00fcht sich unsere Hochschule um aktiven Klimaschutz. Seither wurde schon viel erreicht: Das <a href=\"https:\/\/www.fu-berlin.de\/sites\/nachhaltigkeit\/handlungsfelder\/campus\/energie_klimaschutz\/energiecontrolling\/index.html\">Energiemonitoring und -controlling<\/a> aller FU-Liegenschaften \u2013 nach dem Prinzip \u201eyou can only manage what you can measure\u201c werden die Energieverbr\u00e4uche nicht nur erfasst und analysiert, sondern auch transparent gemacht, z. B. auf dieser <a href=\"https:\/\/www.fu-berlin.de\/sites\/energie\/index.html\">Website<\/a> \u2013, eine <a href=\"https:\/\/www.fu-berlin.de\/sites\/nachhaltigkeit\/handlungsfelder\/lehre\/abv\/index.html\" data-type=\"URL\" data-id=\"https:\/\/www.fu-berlin.de\/sites\/nachhaltigkeit\/handlungsfelder\/lehre\/abv\/index.html\">Vorlesungsreihe im Rahmen des ABV-Kompetenzbereichs <em>Nachhaltige Entwicklung<\/em><\/a>, kontinuierliches starkes Engagement in internationalen nachhaltigkeitsbezogenen Netzwerken: Dies sind nur einige wenige Beispiele unter den vielf\u00e4ltigen Nachhaltigkeits-Aktivit\u00e4ten und -Ma\u00dfnahmen auf dem Campus.<\/p>\n\n\n\n<p>Als erste Hochschule Deutschlands <a href=\"https:\/\/www.fu-berlin.de\/sites\/nachhaltigkeit\/commitment\/klimanotstand\/index.html\">hat die Freie Universit\u00e4t 2019 den Klimanotstand ausgerufen<\/a>, um ihrer Verantwortung als international vernetzte Universit\u00e4t gerecht zu werden und ein Zeichen f\u00fcr nachhaltiges Management zu setzen. Bereits 2016 hatte sie ein <a href=\"https:\/\/www.fu-berlin.de\/sites\/nachhaltigkeit\/commitment\/leitbild\/index.html\" data-type=\"URL\" data-id=\"https:\/\/www.fu-berlin.de\/sites\/nachhaltigkeit\/commitment\/leitbild\/index.html\">Nachhaltigkeitsleitbild <\/a>verabschiedet, in dem sie sich dazu verpflichtet, Nachhaltigkeit st\u00e4rker in Lehre, Forschung, Verwaltung und auf dem Campus zu verankern sowie den Dialog und den Wissenstransfer zu f\u00f6rdern. <\/p>\n\n\n\n<hr class=\"wp-block-separator has-alpha-channel-opacity\" \/>\n\n\n\n<figure class=\"wp-block-image size-full\"><img loading=\"lazy\" decoding=\"async\" width=\"2000\" height=\"1500\" src=\"https:\/\/blogs.fu-berlin.de\/bibliotheken\/files\/2023\/07\/Wanderausstellung-Nachhaltigkeit_Detail_easyDB-693656.jpg\" alt=\"\" class=\"wp-image-32109\" srcset=\"https:\/\/blogs.fu-berlin.de\/bibliotheken\/files\/2023\/07\/Wanderausstellung-Nachhaltigkeit_Detail_easyDB-693656.jpg 2000w, https:\/\/blogs.fu-berlin.de\/bibliotheken\/files\/2023\/07\/Wanderausstellung-Nachhaltigkeit_Detail_easyDB-693656-300x225.jpg 300w, https:\/\/blogs.fu-berlin.de\/bibliotheken\/files\/2023\/07\/Wanderausstellung-Nachhaltigkeit_Detail_easyDB-693656-1536x1152.jpg 1536w, https:\/\/blogs.fu-berlin.de\/bibliotheken\/files\/2023\/07\/Wanderausstellung-Nachhaltigkeit_Detail_easyDB-693656-1200x900.jpg 1200w\" sizes=\"auto, (max-width: 709px) 85vw, (max-width: 909px) 67vw, (max-width: 1362px) 62vw, 840px\" \/><\/figure>\n\n\n\n<hr class=\"wp-block-separator has-alpha-channel-opacity\" \/>\n\n\n\n<p>Auch unsere <strong>Universit\u00e4tsbibliothek <\/strong>sieht sich diesen Zielen verpflichtet und definiert in ihrer <a href=\"https:\/\/www.fu-berlin.de\/sites\/ub\/ueber-uns\/strategie\/index.html\" data-type=\"URL\" data-id=\"https:\/\/www.fu-berlin.de\/sites\/ub\/ueber-uns\/strategie\/index.html\">Strategie 2020\u22122025<\/a> \u201eNachhaltigkeit und Verantwortung\u201c als einen von sieben zentralen Werten, die die Arbeit in allen FU-Bibliotheken leiten. Die vielf\u00e4ltigen Aktivit\u00e4ten der Universit\u00e4tsbibliothek in diesem Bereich werden geb\u00fcndelt und ma\u00dfgeblich vorangetrieben durch unsere (in der deutschen Hochschullandschaft wohl einzigartige) <a href=\"https:\/\/www.fu-berlin.de\/sites\/ub\/ueber-uns\/nachhaltigkeit\/index.html\" data-type=\"URL\" data-id=\"https:\/\/www.fu-berlin.de\/sites\/ub\/ueber-uns\/nachhaltigkeit\/index.html\">Arbeitsgruppe GreenFUBib<\/a>, die im M\u00e4rz 2021 ihre Arbeit aufgenommen hat. Seither sind die Bibliotheken auch Teil des 2020 gegr\u00fcndeten <a href=\"https:\/\/www.fu-berlin.de\/sites\/nachhaltigkeit\/governance\/steuerungskreis\/index.html\">Steuerungsgremiums \u201eNachhaltigkeit &amp; Klimaschutz\u201c<\/a> der Freien Universit\u00e4t.<\/p>\n\n\n\n<p>Umso mehr freuen wir uns, die Wanderausstellung \u201eNachhaltigkeit <em>mit<\/em>:gestalten\u201c nun f\u00fcr einige Zeit in der Zentralbibliothek pr\u00e4sentieren zu d\u00fcrfen!<\/p>\n\n\n\n<hr class=\"wp-block-separator has-alpha-channel-opacity\" \/>\n\n\n\n<p>\u00dcbrigens: Noch viel mehr Informationen zu den Aktivit\u00e4ten der Freien Universit\u00e4t rund um die Themen Nachhaltigkeit, Biodiversit\u00e4t, Arten- und Klimaschutz auf dem Campus gibt es jederzeit auf den <a href=\"https:\/\/www.fu-berlin.de\/sites\/nachhaltigkeit\/index.html\">Webseiten der Stabsstelle Nachhaltigkeit &amp; Energie<\/a> zu lesen.<\/p>\n\n\n\n<hr class=\"wp-block-separator has-alpha-channel-opacity\" \/>\n\n\n\n<p><em>Anm. d. Red.: Vielen Dank an Louis Pfitzinger und das <a href=\"https:\/\/www.fu-berlin.de\/sites\/nachhaltigkeit\/stabsstelle\/team\/index.html\">Team der Stabsstelle Nachhaltigkeit &amp; Energie<\/a> f\u00fcr die Bereitstellung der Wanderausstellung in der Zentralbibliothek sowie f\u00fcr den Input zu diesem Blogbeitrag!<\/em><\/p>\n","protected":false},"excerpt":{"rendered":"<p>Wanderausstellung der Stabsstelle Nachhaltigkeit &amp; Energie der Freien Universit\u00e4t macht derzeit im Foyer der Zentralbibliothek Station <\/p>\n","protected":false},"author":7113,"featured_media":32104,"comment_status":"open","ping_status":"open","sticky":false,"template":"","format":"standard","meta":{"footnotes":""},"categories":[9,601],"tags":[581,447,457841,74,1896,368675,368750,2120,2678,218455,368773,57467,196717,776],"class_list":["post-32090","post","type-post","status-publish","format-standard","has-post-thumbnail","hentry","category-allgemein","category-universitatsbibliothek","tag-ausstellung","tag-bibliotheken","tag-co2-emissionen","tag-freie-universitat-berlin","tag-fu-campus","tag-garystr-39","tag-greenfubib","tag-klimaschutz","tag-nachhaltigkeit","tag-nachhaltigkeitsagenda","tag-sustainability","tag-universitatsbibliothek","tag-universitaetscampus-dahlem","tag-zentralbibliothek"],"_links":{"self":[{"href":"https:\/\/blogs.fu-berlin.de\/bibliotheken\/wp-json\/wp\/v2\/posts\/32090","targetHints":{"allow":["GET"]}}],"collection":[{"href":"https:\/\/blogs.fu-berlin.de\/bibliotheken\/wp-json\/wp\/v2\/posts"}],"about":[{"href":"https:\/\/blogs.fu-berlin.de\/bibliotheken\/wp-json\/wp\/v2\/types\/post"}],"author":[{"embeddable":true,"href":"https:\/\/blogs.fu-berlin.de\/bibliotheken\/wp-json\/wp\/v2\/users\/7113"}],"replies":[{"embeddable":true,"href":"https:\/\/blogs.fu-berlin.de\/bibliotheken\/wp-json\/wp\/v2\/comments?post=32090"}],"version-history":[{"count":23,"href":"https:\/\/blogs.fu-berlin.de\/bibliotheken\/wp-json\/wp\/v2\/posts\/32090\/revisions"}],"predecessor-version":[{"id":32118,"href":"https:\/\/blogs.fu-berlin.de\/bibliotheken\/wp-json\/wp\/v2\/posts\/32090\/revisions\/32118"}],"wp:featuredmedia":[{"embeddable":true,"href":"https:\/\/blogs.fu-berlin.de\/bibliotheken\/wp-json\/wp\/v2\/media\/32104"}],"wp:attachment":[{"href":"https:\/\/blogs.fu-berlin.de\/bibliotheken\/wp-json\/wp\/v2\/media?parent=32090"}],"wp:term":[{"taxonomy":"category","embeddable":true,"href":"https:\/\/blogs.fu-berlin.de\/bibliotheken\/wp-json\/wp\/v2\/categories?post=32090"},{"taxonomy":"post_tag","embeddable":true,"href":"https:\/\/blogs.fu-berlin.de\/bibliotheken\/wp-json\/wp\/v2\/tags?post=32090"}],"curies":[{"name":"wp","href":"https:\/\/api.w.org\/{rel}","templated":true}]}}