{"id":32153,"date":"2023-08-17T11:39:24","date_gmt":"2023-08-17T10:39:24","guid":{"rendered":"https:\/\/blogs.fu-berlin.de\/bibliotheken\/?p=32153"},"modified":"2023-08-17T11:46:17","modified_gmt":"2023-08-17T10:46:17","slug":"ankommen-fuer-lehrende-forschende-an-der-freien-universitaet-berlin","status":"publish","type":"post","link":"https:\/\/blogs.fu-berlin.de\/bibliotheken\/2023\/08\/17\/ankommen-fuer-lehrende-forschende-an-der-freien-universitaet-berlin\/","title":{"rendered":"&#8222;Ankommen&#8220; f\u00fcr Lehrende &amp; Forschende an der Freien Universit\u00e4t Berlin"},"content":{"rendered":"\n<p>Um neuberufenen Professor*innen das Ankommen auf ihrer neuen Position und den Einstieg in Forschung und Lehre an der Freien Universit\u00e4t zu erleichtern, hat die <a href=\"https:\/\/www.fu-berlin.de\/sites\/ub\/index.html\" data-type=\"URL\" data-id=\"https:\/\/www.fu-berlin.de\/sites\/ub\/index.html\">Universit\u00e4tsbibliothek<\/a> einen besonderen Service aufgelegt: Das UB-Startpaket f\u00fcr Neuberufene.<\/p>\n\n\n\n<p>Das speziell f\u00fcr neuberufene Professor*innen und ihren Mitarbeitenden konzipierte Startpaket bietet erste bedarfsgerechte Einf\u00fchrungen in die Zusammenarbeit mit den FU-Bibliotheken, macht die Neuank\u00f6mmlinge mit den vielf\u00e4ltigen Services und Angeboten der Universit\u00e4tsbibliothek vertraut und stellt je nach individuellem Bedarf Kontakte zu unseren Expert*innen her.<\/p>\n\n\n\n<p>Das <a href=\"https:\/\/blogs.fu-berlin.de\/startpaket\/\"><strong>Startpaket der Universit\u00e4tsbibliothek f\u00fcr Neuberufene<\/strong><\/a> umfasst Services aus allen Bereichen der Universit\u00e4tsbibliothek \u2013 darunter die Zentralbibliothek in der Garystra\u00dfe, die <a href=\"https:\/\/www.fu-berlin.de\/sites\/bibliotheken\/bibliothekenfuehrer\/bereiche\/index.html\">Fachbibliotheken<\/a>, das <a href=\"https:\/\/www.fu-berlin.de\/sites\/uniarchiv\/index.html\">Universit\u00e4tsarchiv<\/a> sowie die Services des <a href=\"https:\/\/www.cedis.fu-berlin.de\/index.html\">Centers f\u00fcr Digitale Systeme<\/a> (CeDiS), das seit 2021 zur Universit\u00e4tsbibliothek geh\u00f6rt. Es ist damit eine Weiterentwicklung des seit langem etablierten \u201eCeDiS-Startpakets\u201c, das nun um eine Vielfalt an bibliotheksspezifischen Services erweitert wurde.<\/p>\n\n\n\n<p>Ein <strong>pers\u00f6nliches Beratungsgespr\u00e4ch<\/strong> \u2013 auf Deutsch oder Englisch \u2013 ist jeweils der Ausgangspunkt des Startpakets. Je nach individuellem Bedarf stellt die Universit\u00e4tsbibliothek ihre Services dabei genauer vor und entwickelt gemeinsam mit den Neuberufenen passgenaue Unterst\u00fctzungs\u00adm\u00f6glichkeiten. Neben einer pers\u00f6nlichen Ansprechperson in der jeweiligen Fachbibliothek lernen die Professor*innen und ihre Mitarbeitenden dabei weitere Kolleg*innen aus der Universit\u00e4tsbibliothek kennen, die sie in verschiedenen Bereichen ihres wissenschaftlichen Alltags gezielt unterst\u00fctzen k\u00f6nnen.<\/p>\n\n\n\n<p>Wahlweise kann das Beratungsgespr\u00e4ch mit einer individuellen F\u00fchrung durch die jeweilige Fachbibliothek verbunden werden.<\/p>\n\n\n\n<figure class=\"wp-block-image size-full\"><img loading=\"lazy\" decoding=\"async\" width=\"2560\" height=\"1703\" src=\"https:\/\/blogs.fu-berlin.de\/bibliotheken\/files\/2023\/08\/philologische_bibliothek-scaled.jpg\" alt=\"\" class=\"wp-image-32155\" srcset=\"https:\/\/blogs.fu-berlin.de\/bibliotheken\/files\/2023\/08\/philologische_bibliothek-scaled.jpg 2560w, https:\/\/blogs.fu-berlin.de\/bibliotheken\/files\/2023\/08\/philologische_bibliothek-300x200.jpg 300w, https:\/\/blogs.fu-berlin.de\/bibliotheken\/files\/2023\/08\/philologische_bibliothek-1536x1022.jpg 1536w, https:\/\/blogs.fu-berlin.de\/bibliotheken\/files\/2023\/08\/philologische_bibliothek-2048x1363.jpg 2048w, https:\/\/blogs.fu-berlin.de\/bibliotheken\/files\/2023\/08\/philologische_bibliothek-1200x798.jpg 1200w\" sizes=\"auto, (max-width: 709px) 85vw, (max-width: 909px) 67vw, (max-width: 1362px) 62vw, 840px\" \/><figcaption>Die Philologische Bibliothek  der Freien Universit\u00e4t Berlin. Der Sammlungsschwerpunkt liegt auf den Philologien. Das Bibliotheksgeb\u00e4ude wurde von Norman Foster entworfen und 2005 er\u00f6ffnet<\/figcaption><\/figure>\n\n\n\n<hr class=\"wp-block-separator has-alpha-channel-opacity\" \/>\n\n\n\n<p>Interessierte haben die M\u00f6glichkeit, bereits bei der <a href=\"https:\/\/blogs.fu-berlin.de\/startpaket\/termin-themenanfrage\/\">Online-Anmeldung zu einem pers\u00f6nlichen Beratungstermin<\/a> anzugeben, f\u00fcr welche der im Startpaket enthaltenen Leistungen und Services sie sich insbesondere interessieren. Gerne stellt die UB daraufhin ein passendes Team aus Expert*innen zusammen.<\/p>\n\n\n\n<p><strong>Fragen zum Startpaket der Universit\u00e4tsbibliothek f\u00fcr Neuberufene beantwortet das Startpaket-Team gerne unter <\/strong><a href=\"mailto:startpaket@ub.fu-berlin.de\"><strong>startpaket@ub.fu-berlin.de<\/strong><\/a><strong>.<\/strong><\/p>\n\n\n\n<p><strong><em>Bildquelle: David Ausserhofer<\/em><\/strong><\/p>\n","protected":false},"excerpt":{"rendered":"<p>Um neuberufenen Professor*innen das Ankommen auf ihrer neuen Position und den Einstieg in Forschung und Lehre an der Freien Universit\u00e4t zu erleichtern, hat die Universit\u00e4tsbibliothek einen besonderen Service aufgelegt: Das UB-Startpaket f\u00fcr Neuberufene. Das speziell f\u00fcr neuberufene Professor*innen und ihren Mitarbeitenden konzipierte Startpaket bietet erste bedarfsgerechte Einf\u00fchrungen in die Zusammenarbeit mit den FU-Bibliotheken, macht die &hellip; <a href=\"https:\/\/blogs.fu-berlin.de\/bibliotheken\/2023\/08\/17\/ankommen-fuer-lehrende-forschende-an-der-freien-universitaet-berlin\/\" class=\"more-link\"><span class=\"screen-reader-text\">\u201e&#8222;Ankommen&#8220; f\u00fcr Lehrende &amp; Forschende an der Freien Universit\u00e4t Berlin\u201c<\/span> weiterlesen<\/a><\/p>\n","protected":false},"author":5902,"featured_media":0,"comment_status":"open","ping_status":"open","sticky":false,"template":"","format":"standard","meta":{"footnotes":""},"categories":[9,599,600,70,603],"tags":[91,457899,457819,368741,457900,1490,57467],"class_list":["post-32153","post","type-post","status-publish","format-standard","hentry","category-allgemein","category-bibliothekswesen","category-fachbibliotheken","category-veranstaltungen","category-vorgestellt","tag-beratung","tag-berufung","tag-dienste-fuer-lehre-und-studium","tag-lehrende","tag-startpaket","tag-support","tag-universitatsbibliothek"],"_links":{"self":[{"href":"https:\/\/blogs.fu-berlin.de\/bibliotheken\/wp-json\/wp\/v2\/posts\/32153","targetHints":{"allow":["GET"]}}],"collection":[{"href":"https:\/\/blogs.fu-berlin.de\/bibliotheken\/wp-json\/wp\/v2\/posts"}],"about":[{"href":"https:\/\/blogs.fu-berlin.de\/bibliotheken\/wp-json\/wp\/v2\/types\/post"}],"author":[{"embeddable":true,"href":"https:\/\/blogs.fu-berlin.de\/bibliotheken\/wp-json\/wp\/v2\/users\/5902"}],"replies":[{"embeddable":true,"href":"https:\/\/blogs.fu-berlin.de\/bibliotheken\/wp-json\/wp\/v2\/comments?post=32153"}],"version-history":[{"count":3,"href":"https:\/\/blogs.fu-berlin.de\/bibliotheken\/wp-json\/wp\/v2\/posts\/32153\/revisions"}],"predecessor-version":[{"id":32157,"href":"https:\/\/blogs.fu-berlin.de\/bibliotheken\/wp-json\/wp\/v2\/posts\/32153\/revisions\/32157"}],"wp:attachment":[{"href":"https:\/\/blogs.fu-berlin.de\/bibliotheken\/wp-json\/wp\/v2\/media?parent=32153"}],"wp:term":[{"taxonomy":"category","embeddable":true,"href":"https:\/\/blogs.fu-berlin.de\/bibliotheken\/wp-json\/wp\/v2\/categories?post=32153"},{"taxonomy":"post_tag","embeddable":true,"href":"https:\/\/blogs.fu-berlin.de\/bibliotheken\/wp-json\/wp\/v2\/tags?post=32153"}],"curies":[{"name":"wp","href":"https:\/\/api.w.org\/{rel}","templated":true}]}}