{"id":32187,"date":"2023-09-03T19:05:04","date_gmt":"2023-09-03T18:05:04","guid":{"rendered":"https:\/\/blogs.fu-berlin.de\/bibliotheken\/?p=32187"},"modified":"2023-09-03T19:17:30","modified_gmt":"2023-09-03T18:17:30","slug":"interviewsammlung-40-jahre-asyl-in-der-kirche-online-veroeffentlicht","status":"publish","type":"post","link":"https:\/\/blogs.fu-berlin.de\/bibliotheken\/2023\/09\/03\/interviewsammlung-40-jahre-asyl-in-der-kirche-online-veroeffentlicht\/","title":{"rendered":"Interviewsammlung  \u201e40 Jahre Asyl in der Kirche\u201c online ver\u00f6ffentlicht"},"content":{"rendered":"\n<p>Zum 40. Jahrestag des Tods von Cemal Altun (1960\u20131983) wurde die Interviewsammlung <a rel=\"noreferrer noopener\" href=\"https:\/\/portal.oral-history.digital\/ifu\/de\/searches\/archive?collection_id%5B%5D=21894753\" target=\"_blank\">40 Jahre Asyl in der Kirche<\/a> online zug\u00e4nglich gemacht. Altun war der erste politische Fl\u00fcchtling aus der T\u00fcrkei, der sich von Abschiebung bedroht in West-Berlin das Leben nahm.<\/p>\n\n\n\n<p>Im Herbst 1983 entstand als Folge das Kirchenasyl als \u00f6kumenische und politische Bewegung in Berlin: Die Heilig-Kreuz-Kirche nahm eine von Abschiebung bedrohte pal\u00e4stinensische Familie ins Kirchenasyl auf. Viele Kirchengemeinden in ganz Deutschland folgten dem Beispiel und retteten bis heute tausenden asylsuchenden Menschen das Leben.<\/p>\n\n\n\n<p>Vierzig Jahre sp\u00e4ter ist es Zeit f\u00fcr R\u00fcckblick und Positionsbestimmung. Das Projekt \u201e40 Jahre Asyl in der Kirche\u201c f\u00fchrt biografisch-narrative Interviews mit ausgew\u00e4hlten Akteur*innen dieser Bewegung in Berlin.<\/p>\n\n\n\n<p>Die Interview-Sammlung steht nach einer Anmeldung \u00fcber das Interviewportal <a rel=\"noreferrer noopener\" href=\"https:\/\/portal.oral-history.digital\/\" target=\"_blank\">Oral-History.Digital<\/a> f\u00fcr Wissenschaft und Bildung bereit. Ausgew\u00e4hlte Interview-Passagen sind <a rel=\"noreferrer noopener\" href=\"https:\/\/www.aik.oral-history.digital\/interviews\/index.html\" target=\"_blank\">auf dieser Seite<\/a> zug\u00e4nglich.<\/p>\n\n\n\n<p class=\"has-small-font-size\">(Bilder und Texte sind der Projektwebseite <a href=\"https:\/\/www.aik.oral-history.digital\/\">aik.oral-history.digital<\/a> entnommen)<\/p>\n","protected":false},"excerpt":{"rendered":"<p>Zum 40. Jahrestag des Tods von Cemal Altun (1960\u20131983) wurde die Interviewsammlung 40 Jahre Asyl in der Kirche online zug\u00e4nglich gemacht. Altun war der erste politische Fl\u00fcchtling aus der T\u00fcrkei, der sich von Abschiebung bedroht in West-Berlin das Leben nahm. Im Herbst 1983 entstand als Folge das Kirchenasyl als \u00f6kumenische und politische Bewegung in Berlin: &hellip; <a href=\"https:\/\/blogs.fu-berlin.de\/bibliotheken\/2023\/09\/03\/interviewsammlung-40-jahre-asyl-in-der-kirche-online-veroeffentlicht\/\" class=\"more-link\"><span class=\"screen-reader-text\">\u201eInterviewsammlung  \u201e40 Jahre Asyl in der Kirche\u201c online ver\u00f6ffentlicht\u201c<\/span> weiterlesen<\/a><\/p>\n","protected":false},"author":293,"featured_media":32188,"comment_status":"open","ping_status":"open","sticky":false,"template":"","format":"standard","meta":{"footnotes":""},"categories":[9,457,604,584805],"tags":[457911,457912,640,2833],"class_list":["post-32187","post","type-post","status-publish","format-standard","has-post-thumbnail","hentry","category-allgemein","category-digitale-bibliothek","category-ins-netz-geschaut","category-was-ist-neu","tag-40-jahre-asyl-in-der-kirche","tag-kirchenasyl","tag-lizenzfrei","tag-zeitzeugen-interviews"],"_links":{"self":[{"href":"https:\/\/blogs.fu-berlin.de\/bibliotheken\/wp-json\/wp\/v2\/posts\/32187","targetHints":{"allow":["GET"]}}],"collection":[{"href":"https:\/\/blogs.fu-berlin.de\/bibliotheken\/wp-json\/wp\/v2\/posts"}],"about":[{"href":"https:\/\/blogs.fu-berlin.de\/bibliotheken\/wp-json\/wp\/v2\/types\/post"}],"author":[{"embeddable":true,"href":"https:\/\/blogs.fu-berlin.de\/bibliotheken\/wp-json\/wp\/v2\/users\/293"}],"replies":[{"embeddable":true,"href":"https:\/\/blogs.fu-berlin.de\/bibliotheken\/wp-json\/wp\/v2\/comments?post=32187"}],"version-history":[{"count":3,"href":"https:\/\/blogs.fu-berlin.de\/bibliotheken\/wp-json\/wp\/v2\/posts\/32187\/revisions"}],"predecessor-version":[{"id":32192,"href":"https:\/\/blogs.fu-berlin.de\/bibliotheken\/wp-json\/wp\/v2\/posts\/32187\/revisions\/32192"}],"wp:featuredmedia":[{"embeddable":true,"href":"https:\/\/blogs.fu-berlin.de\/bibliotheken\/wp-json\/wp\/v2\/media\/32188"}],"wp:attachment":[{"href":"https:\/\/blogs.fu-berlin.de\/bibliotheken\/wp-json\/wp\/v2\/media?parent=32187"}],"wp:term":[{"taxonomy":"category","embeddable":true,"href":"https:\/\/blogs.fu-berlin.de\/bibliotheken\/wp-json\/wp\/v2\/categories?post=32187"},{"taxonomy":"post_tag","embeddable":true,"href":"https:\/\/blogs.fu-berlin.de\/bibliotheken\/wp-json\/wp\/v2\/tags?post=32187"}],"curies":[{"name":"wp","href":"https:\/\/api.w.org\/{rel}","templated":true}]}}